{"id":1016,"date":"2025-01-04T17:58:41","date_gmt":"2025-01-04T20:58:41","guid":{"rendered":"https:\/\/maisoeste.com.br\/?p=1016"},"modified":"2025-01-04T17:58:42","modified_gmt":"2025-01-04T20:58:42","slug":"nove-deputados-federais-renunciam-a-seus-mandatos-para-assumir-prefeituras","status":"publish","type":"post","link":"https:\/\/maisoeste.com.br\/?p=1016","title":{"rendered":"Nove deputados federais renunciam a seus mandatos para assumir prefeituras"},"content":{"rendered":"\n<p>Nove deputados federais renunciaram na quarta-feira (1\u00ba) a seus mandatos para assumir o cargo de prefeito \u2013 sete titulares e dois suplentes no exerc\u00edcio do cargo. S\u00e3o eles:<\/p>\n\n\n\n<p>Abilio Brunini \u2013 Cuiab\u00e1 (MT)<br>Alberto Mour\u00e3o \u2013 Praia Grande (SP)<br>Carmen Zanotto \u2013 Lages (SC)<br>Dr. Benjamim \u2013 A\u00e7ail\u00e2ndia (MA)<br>Gerlen Diniz \u2013 Sena Madureira (AC)<br>H\u00e9lio Leite \u2013 Castanhal (PA)<br>Paulinho Freire \u2013 Natal (RN)<br>Ricardo Silva \u00ad\u2013 Ribeir\u00e3o Preto (SP)<br>Washington Quaqu\u00e1 \u2013 Maric\u00e1 (RJ)<\/p>\n\n\n\n<p>Veja abaixo o quadro com as substitui\u00e7\u00f5es.<\/p>\n\n\n\n<figure class=\"wp-block-image size-full\"><img fetchpriority=\"high\" decoding=\"async\" width=\"768\" height=\"387\" src=\"https:\/\/maisoeste.com.br\/wp-content\/uploads\/2025\/01\/quadro-posse-768x387-1.jpg\" alt=\"\" class=\"wp-image-1017\" srcset=\"https:\/\/maisoeste.com.br\/wp-content\/uploads\/2025\/01\/quadro-posse-768x387-1.jpg 768w, https:\/\/maisoeste.com.br\/wp-content\/uploads\/2025\/01\/quadro-posse-768x387-1-300x151.jpg 300w, https:\/\/maisoeste.com.br\/wp-content\/uploads\/2025\/01\/quadro-posse-768x387-1-600x302.jpg 600w\" sizes=\"(max-width: 768px) 100vw, 768px\" \/><\/figure>\n\n\n\n<p>Al\u00e9m desses nove, outros dois deputados federais foram eleitos em outubro do ano passado. Na \u00e9poca da elei\u00e7\u00e3o, eram suplentes no exerc\u00edcio do mandato, mas ontem n\u00e3o estavam mais no cargo, por isso n\u00e3o precisaram renunciar. S\u00e3o eles:<\/p>\n\n\n\n<p>M\u00e1rcio Correa (PL) &#8211; An\u00e1polis (GO)<br>Naumi Amorim (PSD) &#8211; Caucaia (CE)<\/p>\n\n\n\n<p>Fonte: Ag\u00eancia C\u00e2mara de Not\u00edcias<\/p>\n","protected":false},"excerpt":{"rendered":"<p>Nove deputados federais renunciaram na quarta-feira (1\u00ba) a seus mandatos para assumir o cargo de prefeito \u2013 sete titulares e dois suplentes no exerc\u00edcio do cargo. S\u00e3o eles: Abilio Brunini \u2013 Cuiab\u00e1 (MT)Alberto Mour\u00e3o \u2013 Praia Grande (SP)Carmen Zanotto \u2013 Lages (SC)Dr. Benjamim \u2013 A\u00e7ail\u00e2ndia (MA)Gerlen Diniz \u2013 Sena Madureira (AC)H\u00e9lio Leite \u2013 Castanhal (PA)Paulinho [&hellip;]<\/p>\n","protected":false},"author":1,"featured_media":1018,"comment_status":"open","ping_status":"closed","sticky":false,"template":"","format":"standard","meta":{"site-sidebar-layout":"default","site-content-layout":"","ast-site-content-layout":"default","site-content-style":"default","site-sidebar-style":"default","ast-global-header-display":"","ast-banner-title-visibility":"","ast-main-header-display":"","ast-hfb-above-header-display":"","ast-hfb-below-header-display":"","ast-hfb-mobile-header-display":"","site-post-title":"","ast-breadcrumbs-content":"","ast-featured-img":"","footer-sml-layout":"","theme-transparent-header-meta":"","adv-header-id-meta":"","stick-header-meta":"","header-above-stick-meta":"","header-main-stick-meta":"","header-below-stick-meta":"","astra-migrate-meta-layouts":"set","ast-page-background-enabled":"default","ast-page-background-meta":{"desktop":{"background-color":"var(--ast-global-color-4)","background-image":"","background-repeat":"repeat","background-position":"center center","background-size":"auto","background-attachment":"scroll","background-type":"","background-media":"","overlay-type":"","overlay-color":"","overlay-opacity":"","overlay-gradient":""},"tablet":{"background-color":"","background-image":"","background-repeat":"repeat","background-position":"center center","background-size":"auto","background-attachment":"scroll","background-type":"","background-media":"","overlay-type":"","overlay-color":"","overlay-opacity":"","overlay-gradient":""},"mobile":{"background-color":"","background-image":"","background-repeat":"repeat","background-position":"center center","background-size":"auto","background-attachment":"scroll","background-type":"","background-media":"","overlay-type":"","overlay-color":"","overlay-opacity":"","overlay-gradient":""}},"ast-content-background-meta":{"desktop":{"background-color":"var(--ast-global-color-5)","background-image":"","background-repeat":"repeat","background-position":"center center","background-size":"auto","background-attachment":"scroll","background-type":"","background-media":"","overlay-type":"","overlay-color":"","overlay-opacity":"","overlay-gradient":""},"tablet":{"background-color":"var(--ast-global-color-5)","background-image":"","background-repeat":"repeat","background-position":"center center","background-size":"auto","background-attachment":"scroll","background-type":"","background-media":"","overlay-type":"","overlay-color":"","overlay-opacity":"","overlay-gradient":""},"mobile":{"background-color":"var(--ast-global-color-5)","background-image":"","background-repeat":"repeat","background-position":"center center","background-size":"auto","background-attachment":"scroll","background-type":"","background-media":"","overlay-type":"","overlay-color":"","overlay-opacity":"","overlay-gradient":""}},"footnotes":""},"categories":[84],"tags":[],"class_list":["post-1016","post","type-post","status-publish","format-standard","has-post-thumbnail","hentry","category-politica"],"_links":{"self":[{"href":"https:\/\/maisoeste.com.br\/index.php?rest_route=\/wp\/v2\/posts\/1016","targetHints":{"allow":["GET"]}}],"collection":[{"href":"https:\/\/maisoeste.com.br\/index.php?rest_route=\/wp\/v2\/posts"}],"about":[{"href":"https:\/\/maisoeste.com.br\/index.php?rest_route=\/wp\/v2\/types\/post"}],"author":[{"embeddable":true,"href":"https:\/\/maisoeste.com.br\/index.php?rest_route=\/wp\/v2\/users\/1"}],"replies":[{"embeddable":true,"href":"https:\/\/maisoeste.com.br\/index.php?rest_route=%2Fwp%2Fv2%2Fcomments&post=1016"}],"version-history":[{"count":1,"href":"https:\/\/maisoeste.com.br\/index.php?rest_route=\/wp\/v2\/posts\/1016\/revisions"}],"predecessor-version":[{"id":1019,"href":"https:\/\/maisoeste.com.br\/index.php?rest_route=\/wp\/v2\/posts\/1016\/revisions\/1019"}],"wp:featuredmedia":[{"embeddable":true,"href":"https:\/\/maisoeste.com.br\/index.php?rest_route=\/wp\/v2\/media\/1018"}],"wp:attachment":[{"href":"https:\/\/maisoeste.com.br\/index.php?rest_route=%2Fwp%2Fv2%2Fmedia&parent=1016"}],"wp:term":[{"taxonomy":"category","embeddable":true,"href":"https:\/\/maisoeste.com.br\/index.php?rest_route=%2Fwp%2Fv2%2Fcategories&post=1016"},{"taxonomy":"post_tag","embeddable":true,"href":"https:\/\/maisoeste.com.br\/index.php?rest_route=%2Fwp%2Fv2%2Ftags&post=1016"}],"curies":[{"name":"wp","href":"https:\/\/api.w.org\/{rel}","templated":true}]}}