{"id":10641,"date":"2026-01-13T06:37:37","date_gmt":"2026-01-13T09:37:37","guid":{"rendered":"https:\/\/maisoeste.com.br\/?p=10641"},"modified":"2026-01-13T06:37:38","modified_gmt":"2026-01-13T09:37:38","slug":"santuario-cristo-redentor-passa-a-celebrar-mensalmente-missa-votiva-em-honra-a-santa-dulce-dos-pobres","status":"publish","type":"post","link":"https:\/\/maisoeste.com.br\/?p=10641","title":{"rendered":"Santu\u00e1rio Cristo Redentor passa a celebrar mensalmente Missa Votiva em honra a Santa Dulce dos Pobres"},"content":{"rendered":"\n<p>Todo dia 13, a partir deste m\u00eas de janeiro, o Santu\u00e1rio Arquidiocesano Cristo Redentor, localizado no Rio de Janeiro (RJ), passa a realizar a Missa Votiva em honra a Santa Dulce dos Pobres, um momento de profunda espiritualidade e comunh\u00e3o com o Santu\u00e1rio Santa Dulce dos Pobres, de Salvador (BA). Nessa ter\u00e7a-feira (13), a Missa ser\u00e1 \u00e0s 10h.<\/p>\n\n\n\n<p>Em outubro do ano passado, os dois centros religiosos iniciaram o processo de Gemina\u00e7\u00e3o, e se tornaram parceiros nas \u00e1reas da F\u00e9, Turismo, Cultura, Desenvolvimento Sustent\u00e1vel e Social. Assim como j\u00e1 foi realizado com o Santu\u00e1rio de Cristo Rei, em Portugal, o Cristo Redentore di Maratea, na It\u00e1lia, o Cristo del Otero, na Espanha, o Santu\u00e1rio Frei Galv\u00e3o, em Guaratinguet\u00e1 (SP), o Cristo Redentor de Itaperuna (RJ), o Cristo Luz, em Balne\u00e1rio Cambori\u00fa (SC), e a cidade de Petra, na Jord\u00e2nia, a Gemina\u00e7\u00e3o tem como objetivo partilhar experi\u00eancias.<\/p>\n\n\n\n<p><strong>Sobre o Santu\u00e1rio Arquidiocesano Cristo Redentor<\/strong>&nbsp;&#8211; O Santu\u00e1rio Arquidiocesano Cristo Redentor \u00e9 o primeiro Santu\u00e1rio a c\u00e9u aberto do mundo e s\u00edmbolo nacional dos sentimentos crist\u00e3os do pa\u00eds. O Santu\u00e1rio possui um ambiente de governan\u00e7a corporativa, riscos e compliance nos controles internos de gest\u00e3o de celebra\u00e7\u00f5es e dos programas sociais, que atendem a mais de 100 institui\u00e7\u00f5es sociais junto ao Cons\u00f3rcio Cristo Sustent\u00e1vel, formado pelo Santu\u00e1rio Arquidiocesano Cristo Redentor, Instituto Redemptor e Obra Social Leste Um \u2013 O Sol.<\/p>\n\n\n\n<p>Em conjunto, o Cons\u00f3rcio Cristo Sustent\u00e1vel \u00e9 um grande articulador socioambiental, viabilizador de mudan\u00e7as e transforma\u00e7\u00f5es. Por meio de a\u00e7\u00f5es, campanhas e projetos sociais, econ\u00f4micos, ambientais e culturais, junto \u00e0 rede de institui\u00e7\u00f5es, apoia pessoas em situa\u00e7\u00e3o de vulnerabilidade social, alinhado aos 17 Objetivos de Desenvolvimento Sustent\u00e1vel (ODS) da Organiza\u00e7\u00e3o das Na\u00e7\u00f5es Unidas (ONU) e \u00e0s Obras de Miseric\u00f3rdia da Igreja Cat\u00f3lica.<\/p>\n\n\n\n<p><strong>Sobre o Santu\u00e1rio Santa Dulce dos Pobres&nbsp;<\/strong>&#8211; Sempre de portas abertas para acolher e oferecer suporte espiritual a quem mais precisa, o Santu\u00e1rio Santa Dulce dos Pobres est\u00e1 em funcionamento desde 2003, tendo sido constru\u00eddo gra\u00e7as \u00e0 ajuda de fi\u00e9is e \u00e0s doa\u00e7\u00f5es. Localizado em Salvador, ao lado da sede das Obras Sociais Irm\u00e3 Dulce (OSID), no Largo de Roma, o santu\u00e1rio tem capacidade para mais de 1.000 pessoas sentadas. Sua constru\u00e7\u00e3o teve in\u00edcio em 2002, por meio da Campanha do Tijolo, no mesmo local onde, na d\u00e9cada de 1940, Irm\u00e3 Dulce havia fundado o C\u00edrculo Oper\u00e1rio da Bahia e o Cine Roma.<\/p>\n\n\n\n<p>O Santu\u00e1rio est\u00e1 aberto \u00e0 visita\u00e7\u00e3o todos os dias, das 6h30 \u00e0s 18h30. Al\u00e9m disso, s\u00e3o realizadas Missas di\u00e1rias nos seguintes hor\u00e1rios: 7h (exceto aos s\u00e1bados), 8h30, 12h e 16h.<\/p>\n\n\n\n<p>ASCOM<\/p>\n","protected":false},"excerpt":{"rendered":"<p>Todo dia 13, a partir deste m\u00eas de janeiro, o Santu\u00e1rio Arquidiocesano Cristo Redentor, localizado no Rio de Janeiro (RJ), passa a realizar a Missa Votiva em honra a Santa Dulce dos Pobres, um momento de profunda espiritualidade e comunh\u00e3o com o Santu\u00e1rio Santa Dulce dos Pobres, de Salvador (BA). Nessa ter\u00e7a-feira (13), a Missa [&hellip;]<\/p>\n","protected":false},"author":1,"featured_media":10642,"comment_status":"open","ping_status":"closed","sticky":false,"template":"","format":"standard","meta":{"site-sidebar-layout":"default","site-content-layout":"","ast-site-content-layout":"default","site-content-style":"default","site-sidebar-style":"default","ast-global-header-display":"","ast-banner-title-visibility":"","ast-main-header-display":"","ast-hfb-above-header-display":"","ast-hfb-below-header-display":"","ast-hfb-mobile-header-display":"","site-post-title":"","ast-breadcrumbs-content":"","ast-featured-img":"","footer-sml-layout":"","theme-transparent-header-meta":"","adv-header-id-meta":"","stick-header-meta":"","header-above-stick-meta":"","header-main-stick-meta":"","header-below-stick-meta":"","astra-migrate-meta-layouts":"set","ast-page-background-enabled":"default","ast-page-background-meta":{"desktop":{"background-color":"var(--ast-global-color-4)","background-image":"","background-repeat":"repeat","background-position":"center center","background-size":"auto","background-attachment":"scroll","background-type":"","background-media":"","overlay-type":"","overlay-color":"","overlay-opacity":"","overlay-gradient":""},"tablet":{"background-color":"","background-image":"","background-repeat":"repeat","background-position":"center center","background-size":"auto","background-attachment":"scroll","background-type":"","background-media":"","overlay-type":"","overlay-color":"","overlay-opacity":"","overlay-gradient":""},"mobile":{"background-color":"","background-image":"","background-repeat":"repeat","background-position":"center center","background-size":"auto","background-attachment":"scroll","background-type":"","background-media":"","overlay-type":"","overlay-color":"","overlay-opacity":"","overlay-gradient":""}},"ast-content-background-meta":{"desktop":{"background-color":"var(--ast-global-color-5)","background-image":"","background-repeat":"repeat","background-position":"center center","background-size":"auto","background-attachment":"scroll","background-type":"","background-media":"","overlay-type":"","overlay-color":"","overlay-opacity":"","overlay-gradient":""},"tablet":{"background-color":"var(--ast-global-color-5)","background-image":"","background-repeat":"repeat","background-position":"center center","background-size":"auto","background-attachment":"scroll","background-type":"","background-media":"","overlay-type":"","overlay-color":"","overlay-opacity":"","overlay-gradient":""},"mobile":{"background-color":"var(--ast-global-color-5)","background-image":"","background-repeat":"repeat","background-position":"center center","background-size":"auto","background-attachment":"scroll","background-type":"","background-media":"","overlay-type":"","overlay-color":"","overlay-opacity":"","overlay-gradient":""}},"footnotes":""},"categories":[4],"tags":[],"class_list":["post-10641","post","type-post","status-publish","format-standard","has-post-thumbnail","hentry","category-brasil"],"_links":{"self":[{"href":"https:\/\/maisoeste.com.br\/index.php?rest_route=\/wp\/v2\/posts\/10641","targetHints":{"allow":["GET"]}}],"collection":[{"href":"https:\/\/maisoeste.com.br\/index.php?rest_route=\/wp\/v2\/posts"}],"about":[{"href":"https:\/\/maisoeste.com.br\/index.php?rest_route=\/wp\/v2\/types\/post"}],"author":[{"embeddable":true,"href":"https:\/\/maisoeste.com.br\/index.php?rest_route=\/wp\/v2\/users\/1"}],"replies":[{"embeddable":true,"href":"https:\/\/maisoeste.com.br\/index.php?rest_route=%2Fwp%2Fv2%2Fcomments&post=10641"}],"version-history":[{"count":1,"href":"https:\/\/maisoeste.com.br\/index.php?rest_route=\/wp\/v2\/posts\/10641\/revisions"}],"predecessor-version":[{"id":10643,"href":"https:\/\/maisoeste.com.br\/index.php?rest_route=\/wp\/v2\/posts\/10641\/revisions\/10643"}],"wp:featuredmedia":[{"embeddable":true,"href":"https:\/\/maisoeste.com.br\/index.php?rest_route=\/wp\/v2\/media\/10642"}],"wp:attachment":[{"href":"https:\/\/maisoeste.com.br\/index.php?rest_route=%2Fwp%2Fv2%2Fmedia&parent=10641"}],"wp:term":[{"taxonomy":"category","embeddable":true,"href":"https:\/\/maisoeste.com.br\/index.php?rest_route=%2Fwp%2Fv2%2Fcategories&post=10641"},{"taxonomy":"post_tag","embeddable":true,"href":"https:\/\/maisoeste.com.br\/index.php?rest_route=%2Fwp%2Fv2%2Ftags&post=10641"}],"curies":[{"name":"wp","href":"https:\/\/api.w.org\/{rel}","templated":true}]}}