{"id":10644,"date":"2026-01-13T06:39:10","date_gmt":"2026-01-13T09:39:10","guid":{"rendered":"https:\/\/maisoeste.com.br\/?p=10644"},"modified":"2026-01-13T06:39:12","modified_gmt":"2026-01-13T09:39:12","slug":"prefeitura-estabelece-criterios-para-ambulante-barracas-e-camarotes-no-barreiras-folia-2026","status":"publish","type":"post","link":"https:\/\/maisoeste.com.br\/?p=10644","title":{"rendered":"Prefeitura estabelece crit\u00e9rios para ambulante, barracas e camarotes no Barreiras Folia 2026"},"content":{"rendered":"\n<p>Foi publicado na quarta-feira (7) no Di\u00e1rio Oficial Edi\u00e7\u00e3o 4571, o Decreto n\u00ba 03 que fixa os pre\u00e7os p\u00fablicos e estabelece as regras para a utiliza\u00e7\u00e3o de espa\u00e7os p\u00fablicos municipais exclusivamente durante o Barreiras Folia 2026, que acontecer\u00e1 entre os dias 13 e 17 de fevereiro. O decreto define crit\u00e9rios, prazos e procedimentos para inscri\u00e7\u00f5es de ambulantes, barracas, food trucks, restaurantes, bares, camarotes e demais estruturas comerciais que atuar\u00e3o durante o evento, garantindo organiza\u00e7\u00e3o, transpar\u00eancia e seguran\u00e7a para comerciantes e foli\u00f5es.<\/p>\n\n\n\n<p>As inscri\u00e7\u00f5es para utiliza\u00e7\u00e3o dos espa\u00e7os p\u00fablicos ocorrer\u00e3o de 12 a 21 de janeiro de 2026, por meio do Portal de Servi\u00e7os Tribut\u00e1rios do Munic\u00edpio (<a href=\"https:\/\/barreiras.ba.gov.br\/\" target=\"_blank\" rel=\"noreferrer noopener\"><strong>https:\/\/barreiras.ba.gov.br<\/strong><\/a>), das 8h \u00e0s 23h59, conforme tabela de pre\u00e7os, cronograma e regulamento do evento.<\/p>\n\n\n\n<p>J\u00e1 as inscri\u00e7\u00f5es para camarotes ser\u00e3o realizadas de forma presencial, na Secretaria de Ind\u00fastria, Com\u00e9rcio e Servi\u00e7os, localizada na sede da Prefeitura de Barreiras, no mesmo per\u00edodo, das 8h \u00e0s 14h, com libera\u00e7\u00e3o por lotes e atendimento por ordem de procura.\u00a0O decreto, que pode ser conferido pelo link\u00a0<strong><em><a href=\"https:\/\/www.barreiras.ba.gov.br\/diario\/pdf\/2026\/diario4571.pdf\" target=\"_blank\" rel=\"noreferrer noopener\">https:\/\/www.barreiras.ba.gov.br\/diario\/pdf\/2026\/diario4571.pdf<\/a>,<\/em><\/strong> detalha o cadastramento de ambulantes que atuar\u00e3o com bebidas, comidas, pipoca, brinquedos e outros segmentos, permitindo a participa\u00e7\u00e3o de pessoa f\u00edsica ou jur\u00eddica, mediante envio de documenta\u00e7\u00e3o obrigat\u00f3ria pela plataforma digital.<\/p>\n\n\n\n<p>Tamb\u00e9m est\u00e3o previstas inscri\u00e7\u00f5es para barracas de coquet\u00e9is, restaurantes, bares, lanches, food trucks, caminh\u00e3o de gelo e estruturas similares, exclusivamente para pessoas jur\u00eddicas legalmente constitu\u00eddas e ativas, respeitando o quantitativo de vagas definido no Anexo I do decreto.&nbsp;Ap\u00f3s a inscri\u00e7\u00e3o, o sistema gerar\u00e1 um protocolo eletr\u00f4nico para acompanhamento do processo. Em caso de deferimento, o expositor receber\u00e1 o Documento de Arrecada\u00e7\u00e3o Municipal (DAM), com prazo de 48 horas para pagamento. A vaga somente ser\u00e1 confirmada ap\u00f3s a quita\u00e7\u00e3o do documento.<\/p>\n\n\n\n<p>O decreto tamb\u00e9m estabelece que todos os expositores dever\u00e3o cumprir rigorosamente as normas do Corpo de Bombeiros, Vigil\u00e2ncia Sanit\u00e1ria e demais requisitos de seguran\u00e7a, al\u00e9m de assinar o Termo de Uso do Espa\u00e7o P\u00fablico. A responsabilidade pela integridade e seguran\u00e7a da \u00e1rea utilizada ser\u00e1 do expositor durante todo o per\u00edodo do evento.<\/p>\n\n\n\n<p>Conforme a secret\u00e1ria municipal de Ind\u00fastria, Com\u00e9rcio e Servi\u00e7os, todos os participantes regularmente habilitados receber\u00e3o identifica\u00e7\u00e3o padr\u00e3o do Munic\u00edpio, que dever\u00e1 ser utilizada de forma vis\u00edvel durante os cinco dias do Barreiras Folia 2026.&nbsp;\u201cEstamos preparando mais um Barreira Folia com cuidado, aten\u00e7\u00e3o e bastante alegria, ser\u00e1 uma linda festa e com essas medidas a Prefeitura de Barreiras refor\u00e7a o compromisso com a organiza\u00e7\u00e3o do Carnaval, promovendo oportunidades de gera\u00e7\u00e3o de renda, fortalecimento da economia local e a realiza\u00e7\u00e3o de uma festa segura e bem estruturada para a popula\u00e7\u00e3o e visitantes\u201d, destacou Mori\u00e1 Hummel.<\/p>\n\n\n\n<p><strong>Dircom<\/strong><\/p>\n","protected":false},"excerpt":{"rendered":"<p>Foi publicado na quarta-feira (7) no Di\u00e1rio Oficial Edi\u00e7\u00e3o 4571, o Decreto n\u00ba 03 que fixa os pre\u00e7os p\u00fablicos e estabelece as regras para a utiliza\u00e7\u00e3o de espa\u00e7os p\u00fablicos municipais exclusivamente durante o Barreiras Folia 2026, que acontecer\u00e1 entre os dias 13 e 17 de fevereiro. O decreto define crit\u00e9rios, prazos e procedimentos para inscri\u00e7\u00f5es [&hellip;]<\/p>\n","protected":false},"author":1,"featured_media":10645,"comment_status":"open","ping_status":"closed","sticky":false,"template":"","format":"standard","meta":{"site-sidebar-layout":"default","site-content-layout":"","ast-site-content-layout":"default","site-content-style":"default","site-sidebar-style":"default","ast-global-header-display":"","ast-banner-title-visibility":"","ast-main-header-display":"","ast-hfb-above-header-display":"","ast-hfb-below-header-display":"","ast-hfb-mobile-header-display":"","site-post-title":"","ast-breadcrumbs-content":"","ast-featured-img":"","footer-sml-layout":"","theme-transparent-header-meta":"","adv-header-id-meta":"","stick-header-meta":"","header-above-stick-meta":"","header-main-stick-meta":"","header-below-stick-meta":"","astra-migrate-meta-layouts":"set","ast-page-background-enabled":"default","ast-page-background-meta":{"desktop":{"background-color":"var(--ast-global-color-4)","background-image":"","background-repeat":"repeat","background-position":"center center","background-size":"auto","background-attachment":"scroll","background-type":"","background-media":"","overlay-type":"","overlay-color":"","overlay-opacity":"","overlay-gradient":""},"tablet":{"background-color":"","background-image":"","background-repeat":"repeat","background-position":"center center","background-size":"auto","background-attachment":"scroll","background-type":"","background-media":"","overlay-type":"","overlay-color":"","overlay-opacity":"","overlay-gradient":""},"mobile":{"background-color":"","background-image":"","background-repeat":"repeat","background-position":"center center","background-size":"auto","background-attachment":"scroll","background-type":"","background-media":"","overlay-type":"","overlay-color":"","overlay-opacity":"","overlay-gradient":""}},"ast-content-background-meta":{"desktop":{"background-color":"var(--ast-global-color-5)","background-image":"","background-repeat":"repeat","background-position":"center center","background-size":"auto","background-attachment":"scroll","background-type":"","background-media":"","overlay-type":"","overlay-color":"","overlay-opacity":"","overlay-gradient":""},"tablet":{"background-color":"var(--ast-global-color-5)","background-image":"","background-repeat":"repeat","background-position":"center center","background-size":"auto","background-attachment":"scroll","background-type":"","background-media":"","overlay-type":"","overlay-color":"","overlay-opacity":"","overlay-gradient":""},"mobile":{"background-color":"var(--ast-global-color-5)","background-image":"","background-repeat":"repeat","background-position":"center center","background-size":"auto","background-attachment":"scroll","background-type":"","background-media":"","overlay-type":"","overlay-color":"","overlay-opacity":"","overlay-gradient":""}},"footnotes":""},"categories":[45],"tags":[],"class_list":["post-10644","post","type-post","status-publish","format-standard","has-post-thumbnail","hentry","category-esportes"],"_links":{"self":[{"href":"https:\/\/maisoeste.com.br\/index.php?rest_route=\/wp\/v2\/posts\/10644","targetHints":{"allow":["GET"]}}],"collection":[{"href":"https:\/\/maisoeste.com.br\/index.php?rest_route=\/wp\/v2\/posts"}],"about":[{"href":"https:\/\/maisoeste.com.br\/index.php?rest_route=\/wp\/v2\/types\/post"}],"author":[{"embeddable":true,"href":"https:\/\/maisoeste.com.br\/index.php?rest_route=\/wp\/v2\/users\/1"}],"replies":[{"embeddable":true,"href":"https:\/\/maisoeste.com.br\/index.php?rest_route=%2Fwp%2Fv2%2Fcomments&post=10644"}],"version-history":[{"count":1,"href":"https:\/\/maisoeste.com.br\/index.php?rest_route=\/wp\/v2\/posts\/10644\/revisions"}],"predecessor-version":[{"id":10646,"href":"https:\/\/maisoeste.com.br\/index.php?rest_route=\/wp\/v2\/posts\/10644\/revisions\/10646"}],"wp:featuredmedia":[{"embeddable":true,"href":"https:\/\/maisoeste.com.br\/index.php?rest_route=\/wp\/v2\/media\/10645"}],"wp:attachment":[{"href":"https:\/\/maisoeste.com.br\/index.php?rest_route=%2Fwp%2Fv2%2Fmedia&parent=10644"}],"wp:term":[{"taxonomy":"category","embeddable":true,"href":"https:\/\/maisoeste.com.br\/index.php?rest_route=%2Fwp%2Fv2%2Fcategories&post=10644"},{"taxonomy":"post_tag","embeddable":true,"href":"https:\/\/maisoeste.com.br\/index.php?rest_route=%2Fwp%2Fv2%2Ftags&post=10644"}],"curies":[{"name":"wp","href":"https:\/\/api.w.org\/{rel}","templated":true}]}}