{"id":10667,"date":"2026-01-13T11:27:21","date_gmt":"2026-01-13T14:27:21","guid":{"rendered":"https:\/\/maisoeste.com.br\/?p=10667"},"modified":"2026-01-13T11:27:22","modified_gmt":"2026-01-13T14:27:22","slug":"brasil-se-une-a-bancos-centrais-globais-em-defesa-do-presidente-do-fed-apos-ameaca-de-trump","status":"publish","type":"post","link":"https:\/\/maisoeste.com.br\/?p=10667","title":{"rendered":"Brasil se une a bancos centrais globais em defesa do presidente do Fed ap\u00f3s amea\u00e7a de Trump"},"content":{"rendered":"\n<p>Dirigentes de alguns dos principais bancos centrais do mundo divulgaram nesta ter\u00e7a-feira (13) uma nota conjunta em apoio ao presidente do Federal Reserve, Jerome Powell,\u00a0ap\u00f3s o governo dos Estados Unidos amea\u00e7\u00e1-lo com uma acusa\u00e7\u00e3o criminal.<\/p>\n\n\n\n<p>\u201cEstamos em total solidariedade com o Sistema do Federal Reserve e seu chair, Jerome H. Powell\u201d, afirmaram os presidentes do Banco Central Europeu, do Banco da Inglaterra e de outras nove institui\u00e7\u00f5es, incluindo o\u00a0Banco Central do Brasil. O presidente do BC brasileiro, Gabriel Gal\u00edpolo, \u00e9 um dos signat\u00e1rios.<\/p>\n\n\n\n<p>Para o grupo, a independ\u00eancia dos bancos centrais \u00e9 um elemento fundamental para garantir a estabilidade econ\u00f4mica, financeira e de pre\u00e7os, em benef\u00edcio da popula\u00e7\u00e3o.<\/p>\n\n\n\n<p>&#8220;O chair Powell tem exercido sua fun\u00e7\u00e3o com integridade, foco em seu mandato e compromisso inabal\u00e1vel com o interesse p\u00fablico. Para n\u00f3s, ele \u00e9 um colega respeitado e amplamente reconhecido por todos que trabalharam com ele&#8221;, afirma o comunicado.<\/p>\n\n\n\n<p>A investiga\u00e7\u00e3o criminal aberta pelo governo Trump tem como justificativa oficial a reforma da sede do\u00a0Fed, mas Powell afirma que o epis\u00f3dio est\u00e1 sendo usado como um \u201cpretexto\u201d para ampliar a influ\u00eancia da Casa Branca sobre a pol\u00edtica de juros.<a href=\"https:\/\/g1.globo.com\/economia\/noticia\/2026\/01\/12\/powell-reage-a-casa-branca-e-expoe-pressao-politica-inedita-sobre-o-federal-reserve.ghtml\"><\/a><\/p>\n\n\n\n<h2 class=\"wp-block-heading\">Reformas no pr\u00e9dio do Fed<\/h2>\n\n\n\n<p>O epis\u00f3dio envolvendo a reforma dos pr\u00e9dios do Fed tornou-se, nesse contexto, um novo ponto de atrito. O projeto, que prev\u00ea a moderniza\u00e7\u00e3o de infraestrutura antiga,&nbsp;<strong>passou a ser questionado por integrantes do governo Trump<\/strong>, que o classificaram como excessivamente caro.<\/p>\n\n\n\n<p>Powell explicou reiteradamente ao Congresso que se tratava de atualiza\u00e7\u00f5es necess\u00e1rias e afirmou que o Fed manteve os parlamentares informados por meio de depoimentos e comunica\u00e7\u00f5es oficiais.<\/p>\n\n\n\n<p>Ainda assim, segundo o pr\u00f3prio presidente do Fed, o tema foi instrumentalizado como justificativa para ampliar a press\u00e3o pol\u00edtica sobre a institui\u00e7\u00e3o.<\/p>\n\n\n\n<p>\u201cEssas acusa\u00e7\u00f5es n\u00e3o t\u00eam rela\u00e7\u00e3o com supervis\u00e3o do Congresso\u201d, disse, ao refor\u00e7ar que a amea\u00e7a de den\u00fancia criminal deve ser interpretada dentro de um contexto mais amplo de tentativas de influ\u00eancia sobre a pol\u00edtica de juros.<\/p>\n\n\n\n<p>At\u00e9 ent\u00e3o, Powell havia se limitado a reafirmar, de forma gen\u00e9rica, a import\u00e2ncia da independ\u00eancia do banco central, evitando responder diretamente aos ataques do Executivo.<\/p>\n\n\n\n<p>H\u00e1 meses, Trump pressiona o banco central americano por cortes r\u00e1pidos nas taxas de juros para estimular a economia, enquanto o Fed adota uma postura mais cautelosa. Por isso,\u00a0Powell tem sido alvo de cr\u00edticas do presidente, que o acusa de n\u00e3o agir com a rapidez desejada.<\/p>\n\n\n\n<p>Em junho, o presidente chegou a chamar o chefe do Fed de \u201cburro\u201d e \u201cteimoso\u201d, pouco antes de uma audi\u00eancia no Congresso.<\/p>\n\n\n\n<p>Em publica\u00e7\u00f5es nas redes sociais, Trump afirmou que os juros deveriam estar \u201cde dois a tr\u00eas pontos percentuais mais baixos\u201d e disse esperar que o Congresso \u201cacabasse com essa pessoa\u201d.<\/p>\n\n\n\n<p>A press\u00e3o do presidente n\u00e3o se limitou a declara\u00e7\u00f5es p\u00fablicas. No ano passado,\u00a0Trump tentou demitir Lisa Cook, diretora do Fed, em um movimento in\u00e9dito\u00a0na hist\u00f3ria da institui\u00e7\u00e3o.<\/p>\n\n\n\n<p>Fonte\/\/G1<\/p>\n","protected":false},"excerpt":{"rendered":"<p>Dirigentes de alguns dos principais bancos centrais do mundo divulgaram nesta ter\u00e7a-feira (13) uma nota conjunta em apoio ao presidente do Federal Reserve, Jerome Powell,\u00a0ap\u00f3s o governo dos Estados Unidos amea\u00e7\u00e1-lo com uma acusa\u00e7\u00e3o criminal. \u201cEstamos em total solidariedade com o Sistema do Federal Reserve e seu chair, Jerome H. Powell\u201d, afirmaram os presidentes do [&hellip;]<\/p>\n","protected":false},"author":1,"featured_media":10668,"comment_status":"open","ping_status":"closed","sticky":false,"template":"","format":"standard","meta":{"site-sidebar-layout":"default","site-content-layout":"","ast-site-content-layout":"default","site-content-style":"default","site-sidebar-style":"default","ast-global-header-display":"","ast-banner-title-visibility":"","ast-main-header-display":"","ast-hfb-above-header-display":"","ast-hfb-below-header-display":"","ast-hfb-mobile-header-display":"","site-post-title":"","ast-breadcrumbs-content":"","ast-featured-img":"","footer-sml-layout":"","theme-transparent-header-meta":"","adv-header-id-meta":"","stick-header-meta":"","header-above-stick-meta":"","header-main-stick-meta":"","header-below-stick-meta":"","astra-migrate-meta-layouts":"set","ast-page-background-enabled":"default","ast-page-background-meta":{"desktop":{"background-color":"var(--ast-global-color-4)","background-image":"","background-repeat":"repeat","background-position":"center center","background-size":"auto","background-attachment":"scroll","background-type":"","background-media":"","overlay-type":"","overlay-color":"","overlay-opacity":"","overlay-gradient":""},"tablet":{"background-color":"","background-image":"","background-repeat":"repeat","background-position":"center center","background-size":"auto","background-attachment":"scroll","background-type":"","background-media":"","overlay-type":"","overlay-color":"","overlay-opacity":"","overlay-gradient":""},"mobile":{"background-color":"","background-image":"","background-repeat":"repeat","background-position":"center center","background-size":"auto","background-attachment":"scroll","background-type":"","background-media":"","overlay-type":"","overlay-color":"","overlay-opacity":"","overlay-gradient":""}},"ast-content-background-meta":{"desktop":{"background-color":"var(--ast-global-color-5)","background-image":"","background-repeat":"repeat","background-position":"center center","background-size":"auto","background-attachment":"scroll","background-type":"","background-media":"","overlay-type":"","overlay-color":"","overlay-opacity":"","overlay-gradient":""},"tablet":{"background-color":"var(--ast-global-color-5)","background-image":"","background-repeat":"repeat","background-position":"center center","background-size":"auto","background-attachment":"scroll","background-type":"","background-media":"","overlay-type":"","overlay-color":"","overlay-opacity":"","overlay-gradient":""},"mobile":{"background-color":"var(--ast-global-color-5)","background-image":"","background-repeat":"repeat","background-position":"center center","background-size":"auto","background-attachment":"scroll","background-type":"","background-media":"","overlay-type":"","overlay-color":"","overlay-opacity":"","overlay-gradient":""}},"footnotes":""},"categories":[84],"tags":[],"class_list":["post-10667","post","type-post","status-publish","format-standard","has-post-thumbnail","hentry","category-politica"],"_links":{"self":[{"href":"https:\/\/maisoeste.com.br\/index.php?rest_route=\/wp\/v2\/posts\/10667","targetHints":{"allow":["GET"]}}],"collection":[{"href":"https:\/\/maisoeste.com.br\/index.php?rest_route=\/wp\/v2\/posts"}],"about":[{"href":"https:\/\/maisoeste.com.br\/index.php?rest_route=\/wp\/v2\/types\/post"}],"author":[{"embeddable":true,"href":"https:\/\/maisoeste.com.br\/index.php?rest_route=\/wp\/v2\/users\/1"}],"replies":[{"embeddable":true,"href":"https:\/\/maisoeste.com.br\/index.php?rest_route=%2Fwp%2Fv2%2Fcomments&post=10667"}],"version-history":[{"count":1,"href":"https:\/\/maisoeste.com.br\/index.php?rest_route=\/wp\/v2\/posts\/10667\/revisions"}],"predecessor-version":[{"id":10669,"href":"https:\/\/maisoeste.com.br\/index.php?rest_route=\/wp\/v2\/posts\/10667\/revisions\/10669"}],"wp:featuredmedia":[{"embeddable":true,"href":"https:\/\/maisoeste.com.br\/index.php?rest_route=\/wp\/v2\/media\/10668"}],"wp:attachment":[{"href":"https:\/\/maisoeste.com.br\/index.php?rest_route=%2Fwp%2Fv2%2Fmedia&parent=10667"}],"wp:term":[{"taxonomy":"category","embeddable":true,"href":"https:\/\/maisoeste.com.br\/index.php?rest_route=%2Fwp%2Fv2%2Fcategories&post=10667"},{"taxonomy":"post_tag","embeddable":true,"href":"https:\/\/maisoeste.com.br\/index.php?rest_route=%2Fwp%2Fv2%2Ftags&post=10667"}],"curies":[{"name":"wp","href":"https:\/\/api.w.org\/{rel}","templated":true}]}}