{"id":10776,"date":"2026-01-19T08:12:56","date_gmt":"2026-01-19T11:12:56","guid":{"rendered":"https:\/\/maisoeste.com.br\/?p=10776"},"modified":"2026-01-19T08:12:57","modified_gmt":"2026-01-19T11:12:57","slug":"sisu-2026-inscricoes-comecam-nesta-segunda","status":"publish","type":"post","link":"https:\/\/maisoeste.com.br\/?p=10776","title":{"rendered":"Sisu 2026: inscri\u00e7\u00f5es come\u00e7am nesta segunda"},"content":{"rendered":"\n<p>As inscri\u00e7\u00f5es do Sistema de Sele\u00e7\u00e3o Unificada (Sisu) 2026 come\u00e7am nesta segunda-feira (19). Os estudantes t\u00eam at\u00e9 o 23h59 de 23 de janeiro para se cadastrar no sistema. Ser\u00e3o 274,8 mil vagas em 7.399 cursos de gradua\u00e7\u00e3o e 136 institui\u00e7\u00f5es p\u00fablicas de ensino superior de todas as regi\u00f5es do pa\u00eds.<\/p>\n\n\n\n<p>O Sisu \u00e9 o programa do governo federal que seleciona estudantes para institui\u00e7\u00f5es p\u00fablicas de ensino superior, a partir do desempenho no\u00a0Exame Nacional do Ensino M\u00e9dio\u00a0(Enem).\u00a0O resultado da chamada regular ser\u00e1 divulgado no dia 29 de janeiro.<\/p>\n\n\n\n<p>Em 2026, o programa\u00a0passar\u00e1 a aceitar as notas das tr\u00eas edi\u00e7\u00f5es mais recentes do Enem. Neste caso, Enem 2023, 2024 e 2025. At\u00e9 este ano, podiam se inscrever apenas quem havia feito a \u00faltima edi\u00e7\u00e3o do exame.<\/p>\n\n\n\n<p>Al\u00e9m de ter feito o Enem em uma das tr\u00eas edi\u00e7\u00f5es mais recentes, \u00e9 preciso que o candidato tenha tirado nota acima de zero na reda\u00e7\u00e3o e tenha ensino m\u00e9dio completo.<\/p>\n\n\n\n<p>O programa ter\u00e1 apenas uma edi\u00e7\u00e3o no ano, como tem sido desde 2024. Portanto, quem for selecionado poder\u00e1 iniciar o ano letivo no primeiro ou no segundo semestre, a depender da abertura de turma e determina\u00e7\u00e3o da institui\u00e7\u00e3o.<\/p>\n\n\n\n<h2 class=\"wp-block-heading\">Cronograma do Sisu 2026<\/h2>\n\n\n\n<ul class=\"wp-block-list\">\n<li><strong>Inscri\u00e7\u00f5es:\u00a0<\/strong>19 a 23 de janeiro.<\/li>\n\n\n\n<li><strong>Resultado da chamada regular:\u00a0<\/strong>29 de janeiro.<\/li>\n\n\n\n<li><strong>Matr\u00edculas:<\/strong>\u00a0a partir de 2 de fevereiro.<\/li>\n\n\n\n<li><strong>Manifesta\u00e7\u00e3o de interesse na lista de espera:<\/strong>\u00a029 de janeiro a 2 de de fevereiro.<\/li>\n<\/ul>\n\n\n\n<p>Fonte\/\/G1<\/p>\n","protected":false},"excerpt":{"rendered":"<p>As inscri\u00e7\u00f5es do Sistema de Sele\u00e7\u00e3o Unificada (Sisu) 2026 come\u00e7am nesta segunda-feira (19). Os estudantes t\u00eam at\u00e9 o 23h59 de 23 de janeiro para se cadastrar no sistema. Ser\u00e3o 274,8 mil vagas em 7.399 cursos de gradua\u00e7\u00e3o e 136 institui\u00e7\u00f5es p\u00fablicas de ensino superior de todas as regi\u00f5es do pa\u00eds. O Sisu \u00e9 o programa [&hellip;]<\/p>\n","protected":false},"author":1,"featured_media":10777,"comment_status":"open","ping_status":"closed","sticky":false,"template":"","format":"standard","meta":{"site-sidebar-layout":"default","site-content-layout":"","ast-site-content-layout":"default","site-content-style":"default","site-sidebar-style":"default","ast-global-header-display":"","ast-banner-title-visibility":"","ast-main-header-display":"","ast-hfb-above-header-display":"","ast-hfb-below-header-display":"","ast-hfb-mobile-header-display":"","site-post-title":"","ast-breadcrumbs-content":"","ast-featured-img":"","footer-sml-layout":"","theme-transparent-header-meta":"","adv-header-id-meta":"","stick-header-meta":"","header-above-stick-meta":"","header-main-stick-meta":"","header-below-stick-meta":"","astra-migrate-meta-layouts":"set","ast-page-background-enabled":"default","ast-page-background-meta":{"desktop":{"background-color":"var(--ast-global-color-4)","background-image":"","background-repeat":"repeat","background-position":"center center","background-size":"auto","background-attachment":"scroll","background-type":"","background-media":"","overlay-type":"","overlay-color":"","overlay-opacity":"","overlay-gradient":""},"tablet":{"background-color":"","background-image":"","background-repeat":"repeat","background-position":"center center","background-size":"auto","background-attachment":"scroll","background-type":"","background-media":"","overlay-type":"","overlay-color":"","overlay-opacity":"","overlay-gradient":""},"mobile":{"background-color":"","background-image":"","background-repeat":"repeat","background-position":"center center","background-size":"auto","background-attachment":"scroll","background-type":"","background-media":"","overlay-type":"","overlay-color":"","overlay-opacity":"","overlay-gradient":""}},"ast-content-background-meta":{"desktop":{"background-color":"var(--ast-global-color-5)","background-image":"","background-repeat":"repeat","background-position":"center center","background-size":"auto","background-attachment":"scroll","background-type":"","background-media":"","overlay-type":"","overlay-color":"","overlay-opacity":"","overlay-gradient":""},"tablet":{"background-color":"var(--ast-global-color-5)","background-image":"","background-repeat":"repeat","background-position":"center center","background-size":"auto","background-attachment":"scroll","background-type":"","background-media":"","overlay-type":"","overlay-color":"","overlay-opacity":"","overlay-gradient":""},"mobile":{"background-color":"var(--ast-global-color-5)","background-image":"","background-repeat":"repeat","background-position":"center center","background-size":"auto","background-attachment":"scroll","background-type":"","background-media":"","overlay-type":"","overlay-color":"","overlay-opacity":"","overlay-gradient":""}},"footnotes":""},"categories":[4],"tags":[],"class_list":["post-10776","post","type-post","status-publish","format-standard","has-post-thumbnail","hentry","category-brasil"],"_links":{"self":[{"href":"https:\/\/maisoeste.com.br\/index.php?rest_route=\/wp\/v2\/posts\/10776","targetHints":{"allow":["GET"]}}],"collection":[{"href":"https:\/\/maisoeste.com.br\/index.php?rest_route=\/wp\/v2\/posts"}],"about":[{"href":"https:\/\/maisoeste.com.br\/index.php?rest_route=\/wp\/v2\/types\/post"}],"author":[{"embeddable":true,"href":"https:\/\/maisoeste.com.br\/index.php?rest_route=\/wp\/v2\/users\/1"}],"replies":[{"embeddable":true,"href":"https:\/\/maisoeste.com.br\/index.php?rest_route=%2Fwp%2Fv2%2Fcomments&post=10776"}],"version-history":[{"count":1,"href":"https:\/\/maisoeste.com.br\/index.php?rest_route=\/wp\/v2\/posts\/10776\/revisions"}],"predecessor-version":[{"id":10778,"href":"https:\/\/maisoeste.com.br\/index.php?rest_route=\/wp\/v2\/posts\/10776\/revisions\/10778"}],"wp:featuredmedia":[{"embeddable":true,"href":"https:\/\/maisoeste.com.br\/index.php?rest_route=\/wp\/v2\/media\/10777"}],"wp:attachment":[{"href":"https:\/\/maisoeste.com.br\/index.php?rest_route=%2Fwp%2Fv2%2Fmedia&parent=10776"}],"wp:term":[{"taxonomy":"category","embeddable":true,"href":"https:\/\/maisoeste.com.br\/index.php?rest_route=%2Fwp%2Fv2%2Fcategories&post=10776"},{"taxonomy":"post_tag","embeddable":true,"href":"https:\/\/maisoeste.com.br\/index.php?rest_route=%2Fwp%2Fv2%2Ftags&post=10776"}],"curies":[{"name":"wp","href":"https:\/\/api.w.org\/{rel}","templated":true}]}}