{"id":11513,"date":"2026-02-21T09:04:52","date_gmt":"2026-02-21T12:04:52","guid":{"rendered":"https:\/\/maisoeste.com.br\/?p=11513"},"modified":"2026-02-21T09:04:54","modified_gmt":"2026-02-21T12:04:54","slug":"prefeitura-apresenta-balanco-do-barreiras-folia-2026-e-confirma-impacto-economico-organizacao-e-seguranca-do-evento","status":"publish","type":"post","link":"https:\/\/maisoeste.com.br\/?p=11513","title":{"rendered":"Prefeitura apresenta balan\u00e7o do Barreiras Folia 2026 e confirma impacto econ\u00f4mico, organiza\u00e7\u00e3o e seguran\u00e7a do evento"},"content":{"rendered":"\n<p>Nesta quinta-feira (19), foi apresentado o balan\u00e7o oficial do Barreiras Folia 2026 durante coletiva de imprensa realizada com a participa\u00e7\u00e3o de autoridades, for\u00e7as de seguran\u00e7a, representantes de blocos e lideran\u00e7as do setor comercial. Os dados refor\u00e7am o alcance da festa, que mais uma vez se destaca no cen\u00e1rio nacional como um dos maiores e mais organizados carnavais do interior do Brasil. A apresenta\u00e7\u00e3o foi conduzida pelo vice-prefeito e presidente da Comiss\u00e3o de Eventos, T\u00falio Viana, que detalhou os resultados obtidos nas \u00e1reas de seguran\u00e7a, sa\u00fade, assist\u00eancia social, infraestrutura, meio ambiente, cultura, turismo e comunica\u00e7\u00e3o.<\/p>\n\n\n\n<p>\u201cO Barreiras Folia n\u00e3o \u00e9 apenas uma festa. Ele movimenta a economia, fortalece o com\u00e9rcio, gera emprego, impulsiona o turismo e projeta o nome da cidade nacionalmente. Um evento desse porte exige planejamento, responsabilidade fiscal e integra\u00e7\u00e3o entre as secretarias e as for\u00e7as de seguran\u00e7a. Os n\u00fameros mostram que o investimento retorna em desenvolvimento econ\u00f4mico, visibilidade e valoriza\u00e7\u00e3o cultural\u201d, afirmou o presidente.<\/p>\n\n\n\n<p>Participaram da coletiva representantes da imprensa local, dos blocos tradicionais e comerciais dos circuitos Z\u00e9 de Hermes e Aguinaldo Pereira, al\u00e9m de integrantes da Pol\u00edcia Militar, Guarda Civil Municipal, Corpo de Bombeiros, Pol\u00edcia Rodovi\u00e1ria Federal, Pol\u00edcia Civil, Departamento de Pol\u00edcia T\u00e9cnica, Centro Integrado de Comunica\u00e7\u00f5es e Vigil\u00e2ncia Sanit\u00e1ria. Tamb\u00e9m estiveram presentes secret\u00e1rios municipais, membros da Comiss\u00e3o Organizadora de Eventos, o presidente da CDL, Ricardo Scartazzini, e o vice-presidente Jorlando Neves, e ainda os vereadores Hip\u00f3lito dos Passos e Allan Kardec. <\/p>\n\n\n\n<p><strong>P\u00fablico, investimento e programa\u00e7\u00e3o<\/strong><\/p>\n\n\n\n<p>Ao longo de cinco dias, o Barreiras Folia 2026 reuniu mais de 405 mil pessoas, com m\u00e9dia di\u00e1ria de 81 mil foli\u00f5es e picos que superaram 105 mil participantes no s\u00e1bado, domingo e ter\u00e7a-feira. O impacto econ\u00f4mico estimado \u00e9 de R$ 121,5 milh\u00f5es. O evento contou com investimento municipal de R$ 11.676.751,73 e uma programa\u00e7\u00e3o composta por 49 atra\u00e7\u00f5es contratadas pela prefeitura sendo 38 locais e regionais e 11 nacionais.<\/p>\n\n\n\n<p>A opera\u00e7\u00e3o de seguran\u00e7a mobilizou, em m\u00e9dia, 600 profissionais por dia, totalizando tr\u00eas mil agentes ao longo da festa. Foram utilizados detectores de metal, c\u00e2meras com reconhecimento facial e mais de 30 viaturas integrando for\u00e7as estaduais e municipais. N\u00e3o houve registro de ocorr\u00eancias de grande porte.<\/p>\n\n\n\n<p>Na sa\u00fade, 70 profissionais atuaram nos circuitos com tr\u00eas ambul\u00e2ncias distribu\u00eddas estrategicamente. Foram realizados 170 atendimentos, principalmente relacionados ao consumo excessivo de \u00e1lcool, uso de subst\u00e2ncias il\u00edcitas, contus\u00f5es e crises convulsivas. J\u00e1 as equipes de assist\u00eancia social orientaram 2.250 fam\u00edlias sobre trabalho infantil e distribu\u00edram 8 mil materiais educativos. Foram colocadas 4.511 pulseiras de identifica\u00e7\u00e3o em crian\u00e7as. Com apoio da Secretaria de Educa\u00e7\u00e3o, o Centro de Educa\u00e7\u00e3o Infantil atendeu os filhos de trabalhadores do evento, com m\u00e9dia de 12 crian\u00e7as por noite e equipe formada por 12 profissionais.<\/p>\n\n\n\n<p>Na \u00e1rea ambiental, foram recolhidos 13.444 kg de materiais recicl\u00e1veis. Participaram 155 catadores, sendo que 130 receberam EPIs fornecidos pela organiza\u00e7\u00e3o. A limpeza urbana contou com 141 profissionais divididos entre turno diurno e noturno, al\u00e9m da instala\u00e7\u00e3o de 90 banheiros qu\u00edmicos e 20 cont\u00eaineres. A fiscaliza\u00e7\u00e3o mobilizou coordenadores, fiscais e seguran\u00e7as de apoio, com vistoria permanente em barracas, food trucks, camarotes e ambulantes cadastrados. As a\u00e7\u00f5es resultaram na apreens\u00e3o de bebidas e equipamentos n\u00e3o autorizados. A comercializa\u00e7\u00e3o de espa\u00e7os gerou R$ 460 mil em receita direta para o munic\u00edpio.<\/p>\n\n\n\n<p>Neste ano, a Diretoria de Comunica\u00e7\u00e3o credenciou 200 profissionais de imprensa, produziu 40 mat\u00e9rias institucionais e distribuiu conte\u00fado para 205 ve\u00edculos. Nas redes sociais oficiais, foram publicados 116 conte\u00fados multim\u00eddia, que ultrapassaram 21 milh\u00f5es de visualiza\u00e7\u00f5es e alcan\u00e7aram 1,9 milh\u00e3o de contas, com 38,9% de p\u00fablico formado por n\u00e3o seguidores.<\/p>\n\n\n\n<p>Ao final da explana\u00e7\u00e3o, o prefeito Otoniel Teixeira ressaltou o car\u00e1ter coletivo da organiza\u00e7\u00e3o do evento e agradeceu a todos os envolvidos. \u201cO Barreiras Folia \u00e9 resultado de uni\u00e3o, planejamento e compromisso com a nossa cidade. Agrade\u00e7o \u00e0s for\u00e7as de seguran\u00e7a, \u00e0s equipes t\u00e9cnicas, aos profissionais da sa\u00fade e assist\u00eancia social, aos trabalhadores, artistas, blocos, imprensa e \u00e0 popula\u00e7\u00e3o que participou com responsabilidade. Mostramos que \u00e9 poss\u00edvel realizar um grande evento com organiza\u00e7\u00e3o, seguran\u00e7a e impacto positivo para a economia. Barreiras se consolida, mais uma vez, com o maior carnaval do interior da Bahia\u201d, enfatizou o gestor municipal.<\/p>\n\n\n\n<p>Dircom<\/p>\n\n\n\n<p><\/p>\n","protected":false},"excerpt":{"rendered":"<p>Nesta quinta-feira (19), foi apresentado o balan\u00e7o oficial do Barreiras Folia 2026 durante coletiva de imprensa realizada com a participa\u00e7\u00e3o de autoridades, for\u00e7as de seguran\u00e7a, representantes de blocos e lideran\u00e7as do setor comercial. Os dados refor\u00e7am o alcance da festa, que mais uma vez se destaca no cen\u00e1rio nacional como um dos maiores e mais [&hellip;]<\/p>\n","protected":false},"author":1,"featured_media":11514,"comment_status":"open","ping_status":"closed","sticky":false,"template":"","format":"standard","meta":{"site-sidebar-layout":"default","site-content-layout":"","ast-site-content-layout":"default","site-content-style":"default","site-sidebar-style":"default","ast-global-header-display":"","ast-banner-title-visibility":"","ast-main-header-display":"","ast-hfb-above-header-display":"","ast-hfb-below-header-display":"","ast-hfb-mobile-header-display":"","site-post-title":"","ast-breadcrumbs-content":"","ast-featured-img":"","footer-sml-layout":"","theme-transparent-header-meta":"","adv-header-id-meta":"","stick-header-meta":"","header-above-stick-meta":"","header-main-stick-meta":"","header-below-stick-meta":"","astra-migrate-meta-layouts":"set","ast-page-background-enabled":"default","ast-page-background-meta":{"desktop":{"background-color":"var(--ast-global-color-4)","background-image":"","background-repeat":"repeat","background-position":"center center","background-size":"auto","background-attachment":"scroll","background-type":"","background-media":"","overlay-type":"","overlay-color":"","overlay-opacity":"","overlay-gradient":""},"tablet":{"background-color":"","background-image":"","background-repeat":"repeat","background-position":"center center","background-size":"auto","background-attachment":"scroll","background-type":"","background-media":"","overlay-type":"","overlay-color":"","overlay-opacity":"","overlay-gradient":""},"mobile":{"background-color":"","background-image":"","background-repeat":"repeat","background-position":"center center","background-size":"auto","background-attachment":"scroll","background-type":"","background-media":"","overlay-type":"","overlay-color":"","overlay-opacity":"","overlay-gradient":""}},"ast-content-background-meta":{"desktop":{"background-color":"var(--ast-global-color-5)","background-image":"","background-repeat":"repeat","background-position":"center center","background-size":"auto","background-attachment":"scroll","background-type":"","background-media":"","overlay-type":"","overlay-color":"","overlay-opacity":"","overlay-gradient":""},"tablet":{"background-color":"var(--ast-global-color-5)","background-image":"","background-repeat":"repeat","background-position":"center center","background-size":"auto","background-attachment":"scroll","background-type":"","background-media":"","overlay-type":"","overlay-color":"","overlay-opacity":"","overlay-gradient":""},"mobile":{"background-color":"var(--ast-global-color-5)","background-image":"","background-repeat":"repeat","background-position":"center center","background-size":"auto","background-attachment":"scroll","background-type":"","background-media":"","overlay-type":"","overlay-color":"","overlay-opacity":"","overlay-gradient":""}},"footnotes":""},"categories":[124,45],"tags":[],"class_list":["post-11513","post","type-post","status-publish","format-standard","has-post-thumbnail","hentry","category-carnaval","category-esportes"],"_links":{"self":[{"href":"https:\/\/maisoeste.com.br\/index.php?rest_route=\/wp\/v2\/posts\/11513","targetHints":{"allow":["GET"]}}],"collection":[{"href":"https:\/\/maisoeste.com.br\/index.php?rest_route=\/wp\/v2\/posts"}],"about":[{"href":"https:\/\/maisoeste.com.br\/index.php?rest_route=\/wp\/v2\/types\/post"}],"author":[{"embeddable":true,"href":"https:\/\/maisoeste.com.br\/index.php?rest_route=\/wp\/v2\/users\/1"}],"replies":[{"embeddable":true,"href":"https:\/\/maisoeste.com.br\/index.php?rest_route=%2Fwp%2Fv2%2Fcomments&post=11513"}],"version-history":[{"count":1,"href":"https:\/\/maisoeste.com.br\/index.php?rest_route=\/wp\/v2\/posts\/11513\/revisions"}],"predecessor-version":[{"id":11515,"href":"https:\/\/maisoeste.com.br\/index.php?rest_route=\/wp\/v2\/posts\/11513\/revisions\/11515"}],"wp:featuredmedia":[{"embeddable":true,"href":"https:\/\/maisoeste.com.br\/index.php?rest_route=\/wp\/v2\/media\/11514"}],"wp:attachment":[{"href":"https:\/\/maisoeste.com.br\/index.php?rest_route=%2Fwp%2Fv2%2Fmedia&parent=11513"}],"wp:term":[{"taxonomy":"category","embeddable":true,"href":"https:\/\/maisoeste.com.br\/index.php?rest_route=%2Fwp%2Fv2%2Fcategories&post=11513"},{"taxonomy":"post_tag","embeddable":true,"href":"https:\/\/maisoeste.com.br\/index.php?rest_route=%2Fwp%2Fv2%2Ftags&post=11513"}],"curies":[{"name":"wp","href":"https:\/\/api.w.org\/{rel}","templated":true}]}}