{"id":11549,"date":"2026-02-24T06:51:15","date_gmt":"2026-02-24T09:51:15","guid":{"rendered":"https:\/\/maisoeste.com.br\/?p=11549"},"modified":"2026-02-24T06:51:17","modified_gmt":"2026-02-24T09:51:17","slug":"educacao-de-barreiras-fortalece-gestao-pedagogica-com-treinamento-estrategico-do-sistema-educanet","status":"publish","type":"post","link":"https:\/\/maisoeste.com.br\/?p=11549","title":{"rendered":"Educa\u00e7\u00e3o de Barreiras fortalece gest\u00e3o pedag\u00f3gica com treinamento estrat\u00e9gico do sistema Educanet"},"content":{"rendered":"\n<p>A Secretaria Municipal de Educa\u00e7\u00e3o de Barreiras promoveu, nesta segunda-feira (23) e segue nas pr\u00f3ximas semanas, um treinamento t\u00e9cnico-pedag\u00f3gico voltado ao uso estrat\u00e9gico do sistema Educanet, reunindo coordenadores pedag\u00f3gicos dos anos iniciais, coordenadores da Educa\u00e7\u00e3o Infantil, gestores, vice-diretores e professores da Rede Municipal de Ensino. O encontro inicial aconteceu no audit\u00f3rio Jo\u00e3o do Biriba e no Laborat\u00f3rio de Inform\u00e1tica, da Escola Municipal Mirandolina Ribeiro Mac\u00eado, e marcou uma nova etapa no fortalecimento da gest\u00e3o da aprendizagem nas unidades escolares.<\/p>\n\n\n\n<p>A forma\u00e7\u00e3o foi conduzida pelos t\u00e9cnicos M\u00e1rcio Correia Lima e Esli Rielly de Souza Fernandes e teve como foco principal a qualifica\u00e7\u00e3o do uso do Educanet como ferramenta de gest\u00e3o pedag\u00f3gica. Implantado na rede municipal desde 2022, o sistema j\u00e1 integra a rotina das escolas, mas o treinamento atual amplia sua utiliza\u00e7\u00e3o ao propor uma abordagem mais anal\u00edtica e estrat\u00e9gica, baseada na leitura e interpreta\u00e7\u00e3o de dados educacionais.<\/p>\n\n\n\n<p>Cada p\u00fablico participa com foco espec\u00edfico, respeitando suas atribui\u00e7\u00f5es dentro da unidade escolar. Os coordenadores pedag\u00f3gicos aprofundaram pr\u00e1ticas de monitoramento e an\u00e1lise de indicadores educacionais; os gestores trabalharam a dimens\u00e3o institucional e organizacional do sistema; enquanto os professores aperfei\u00e7oaram os registros de aulas, avalia\u00e7\u00f5es e frequ\u00eancia, assegurando maior organiza\u00e7\u00e3o do trabalho docente e precis\u00e3o das informa\u00e7\u00f5es acad\u00eamicas.<\/p>\n\n\n\n<p>A forma\u00e7\u00e3o incentiva o uso qualificado de dados para fundamentar decis\u00f5es pedag\u00f3gicas mais assertivas, promovendo registros fidedignos das aulas e avalia\u00e7\u00f5es, monitoramento cont\u00ednuo da frequ\u00eancia, identifica\u00e7\u00e3o precoce de dificuldades de aprendizagem e planejamento de interven\u00e7\u00f5es mais eficazes.<\/p>\n\n\n\n<p>Durante o treinamento, os participantes aprenderam a utilizar o sistema de forma t\u00e9cnica e estrat\u00e9gica, analisar relat\u00f3rios de frequ\u00eancia e rendimento, identificar indicadores de risco pedag\u00f3gico, aplicar protocolos de interven\u00e7\u00e3o e organizar uma rotina semanal de acompanhamento pedag\u00f3gico. A proposta \u00e9 transformar o Educanet em instrumento ativo de acompanhamento da aprendizagem, e n\u00e3o apenas em mecanismo administrativo.<\/p>\n\n\n\n<p>O secret\u00e1rio municipal de Educa\u00e7\u00e3o, Jeferson Barbosa, destacou que o treinamento refor\u00e7a o compromisso da gest\u00e3o com a melhoria dos resultados educacionais e destaca que a utiliza\u00e7\u00e3o qualificada do sistema permite que a Rede Municipal de Barreiras trabalhe com dados concretos, reduzindo a subjetividade nas decis\u00f5es pedag\u00f3gicas.<\/p>\n\n\n\n<p>\u201cEstamos consolidando o Educanet como uma ferramenta estrat\u00e9gica de apoio \u00e0s nossas escolas. N\u00e3o se trata apenas de alimentar um sistema, mas de utilizar as informa\u00e7\u00f5es geradas para orientar decis\u00f5es, acompanhar cada estudante e garantir o direito \u00e0 aprendizagem. Essa din\u00e2mica fortalece a gest\u00e3o pedag\u00f3gica e d\u00e1 mais seguran\u00e7a ao trabalho realizado nas unidades escolares, al\u00e9m disso, fortalece a organiza\u00e7\u00e3o escolar, amplia a confiabilidade dos registros acad\u00eamicos e contribui para a preven\u00e7\u00e3o da evas\u00e3o e do baixo rendimento\u201d, afirmou.<\/p>\n\n\n\n<p><strong>Dircom<\/strong><\/p>\n","protected":false},"excerpt":{"rendered":"<p>A Secretaria Municipal de Educa\u00e7\u00e3o de Barreiras promoveu, nesta segunda-feira (23) e segue nas pr\u00f3ximas semanas, um treinamento t\u00e9cnico-pedag\u00f3gico voltado ao uso estrat\u00e9gico do sistema Educanet, reunindo coordenadores pedag\u00f3gicos dos anos iniciais, coordenadores da Educa\u00e7\u00e3o Infantil, gestores, vice-diretores e professores da Rede Municipal de Ensino. O encontro inicial aconteceu no audit\u00f3rio Jo\u00e3o do Biriba e [&hellip;]<\/p>\n","protected":false},"author":1,"featured_media":11550,"comment_status":"open","ping_status":"closed","sticky":false,"template":"","format":"standard","meta":{"site-sidebar-layout":"default","site-content-layout":"","ast-site-content-layout":"default","site-content-style":"default","site-sidebar-style":"default","ast-global-header-display":"","ast-banner-title-visibility":"","ast-main-header-display":"","ast-hfb-above-header-display":"","ast-hfb-below-header-display":"","ast-hfb-mobile-header-display":"","site-post-title":"","ast-breadcrumbs-content":"","ast-featured-img":"","footer-sml-layout":"","theme-transparent-header-meta":"","adv-header-id-meta":"","stick-header-meta":"","header-above-stick-meta":"","header-main-stick-meta":"","header-below-stick-meta":"","astra-migrate-meta-layouts":"set","ast-page-background-enabled":"default","ast-page-background-meta":{"desktop":{"background-color":"var(--ast-global-color-4)","background-image":"","background-repeat":"repeat","background-position":"center center","background-size":"auto","background-attachment":"scroll","background-type":"","background-media":"","overlay-type":"","overlay-color":"","overlay-opacity":"","overlay-gradient":""},"tablet":{"background-color":"","background-image":"","background-repeat":"repeat","background-position":"center center","background-size":"auto","background-attachment":"scroll","background-type":"","background-media":"","overlay-type":"","overlay-color":"","overlay-opacity":"","overlay-gradient":""},"mobile":{"background-color":"","background-image":"","background-repeat":"repeat","background-position":"center center","background-size":"auto","background-attachment":"scroll","background-type":"","background-media":"","overlay-type":"","overlay-color":"","overlay-opacity":"","overlay-gradient":""}},"ast-content-background-meta":{"desktop":{"background-color":"var(--ast-global-color-5)","background-image":"","background-repeat":"repeat","background-position":"center center","background-size":"auto","background-attachment":"scroll","background-type":"","background-media":"","overlay-type":"","overlay-color":"","overlay-opacity":"","overlay-gradient":""},"tablet":{"background-color":"var(--ast-global-color-5)","background-image":"","background-repeat":"repeat","background-position":"center center","background-size":"auto","background-attachment":"scroll","background-type":"","background-media":"","overlay-type":"","overlay-color":"","overlay-opacity":"","overlay-gradient":""},"mobile":{"background-color":"var(--ast-global-color-5)","background-image":"","background-repeat":"repeat","background-position":"center center","background-size":"auto","background-attachment":"scroll","background-type":"","background-media":"","overlay-type":"","overlay-color":"","overlay-opacity":"","overlay-gradient":""}},"footnotes":""},"categories":[45],"tags":[],"class_list":["post-11549","post","type-post","status-publish","format-standard","has-post-thumbnail","hentry","category-esportes"],"_links":{"self":[{"href":"https:\/\/maisoeste.com.br\/index.php?rest_route=\/wp\/v2\/posts\/11549","targetHints":{"allow":["GET"]}}],"collection":[{"href":"https:\/\/maisoeste.com.br\/index.php?rest_route=\/wp\/v2\/posts"}],"about":[{"href":"https:\/\/maisoeste.com.br\/index.php?rest_route=\/wp\/v2\/types\/post"}],"author":[{"embeddable":true,"href":"https:\/\/maisoeste.com.br\/index.php?rest_route=\/wp\/v2\/users\/1"}],"replies":[{"embeddable":true,"href":"https:\/\/maisoeste.com.br\/index.php?rest_route=%2Fwp%2Fv2%2Fcomments&post=11549"}],"version-history":[{"count":1,"href":"https:\/\/maisoeste.com.br\/index.php?rest_route=\/wp\/v2\/posts\/11549\/revisions"}],"predecessor-version":[{"id":11551,"href":"https:\/\/maisoeste.com.br\/index.php?rest_route=\/wp\/v2\/posts\/11549\/revisions\/11551"}],"wp:featuredmedia":[{"embeddable":true,"href":"https:\/\/maisoeste.com.br\/index.php?rest_route=\/wp\/v2\/media\/11550"}],"wp:attachment":[{"href":"https:\/\/maisoeste.com.br\/index.php?rest_route=%2Fwp%2Fv2%2Fmedia&parent=11549"}],"wp:term":[{"taxonomy":"category","embeddable":true,"href":"https:\/\/maisoeste.com.br\/index.php?rest_route=%2Fwp%2Fv2%2Fcategories&post=11549"},{"taxonomy":"post_tag","embeddable":true,"href":"https:\/\/maisoeste.com.br\/index.php?rest_route=%2Fwp%2Fv2%2Ftags&post=11549"}],"curies":[{"name":"wp","href":"https:\/\/api.w.org\/{rel}","templated":true}]}}