{"id":11635,"date":"2026-02-27T06:30:22","date_gmt":"2026-02-27T09:30:22","guid":{"rendered":"https:\/\/maisoeste.com.br\/?p=11635"},"modified":"2026-02-27T06:30:24","modified_gmt":"2026-02-27T09:30:24","slug":"homem-com-mandado-de-prisao-por-estupro-de-vulneravel-e-preso-em-santa-rita-de-cassia","status":"publish","type":"post","link":"https:\/\/maisoeste.com.br\/?p=11635","title":{"rendered":"Homem com mandado de pris\u00e3o por estupro de vulner\u00e1vel \u00e9 preso em Santa Rita de C\u00e1ssia"},"content":{"rendered":"\n<p>Nesta quinta-feira (26), durante o cumprimento da Opera\u00e7\u00e3o For\u00e7a Total, a Guarni\u00e7\u00e3o do 3\u00ba Pelot\u00e3o\/PM tomou conhecimento acerca de um mandado de pris\u00e3o em aberto em desfavor de um indiv\u00edduo de 42 anos de idade, residente em Santa Rita de C\u00e1ssia. O mandado foi expedido em decorr\u00eancia da condena\u00e7\u00e3o de 14 anos de reclus\u00e3o, em regime inicialmente fechado, pelo crime de estupro de vulner\u00e1vel.<\/p>\n\n\n\n<p>Conforme registros de ocorr\u00eancias anteriores, acompanhadas pelo Conselho Tutelar de Santa Rita de C\u00e1ssia, os fatos investigados remontam ao ano de 2022, quando o indiv\u00edduo teria cometido o crime de estupro contra duas crian\u00e7as, sendo uma de 08 anos de idade e outra de 09 anos de idade, \u00e0 \u00e9poca. Fatos cometidos em ocasi\u00f5es distintas, nos meses de Julho e Outubro do citado ano.<\/p>\n\n\n\n<p>Segundo o mandado, o r\u00e9u agiu de forma premeditada, utilizando guloseimas (balas e pirulitos) para atrair a crian\u00e7a e ganhar sua confian\u00e7a, al\u00e9m de se valer da rela\u00e7\u00e3o de vizinhan\u00e7a e da proximidade com a fam\u00edlia para facilitar a abordagem \u00e0s v\u00edtimas em momento de lazer.<\/p>\n\n\n\n<p>Havia ainda em desfavor do procurado registro de outra ocorr\u00eancia pelo mesmo crime no m\u00eas de mar\u00e7o 2023, contra uma v\u00edtima de 22 anos de idade, a qual estaria alcoolizada e inconsciente.<\/p>\n\n\n\n<p>De posse da informa\u00e7\u00e3o, a Guarni\u00e7\u00e3o empreendeu dilig\u00eancias e localizou o foragido em via p\u00fablica, na Rua Ourinhos, onde lhe foi dada<br>voz de pris\u00e3o.<\/p>\n\n\n\n<p>Diante do fato, o indiv\u00edduo foi conduzido e apresentado na Delegacia Territorial de Santa Rita de C\u00e1ssia para homologa\u00e7\u00e3o do cumprimento do mandado de pris\u00e3o e posterior encaminhamento ao Conjunto Penal de Barreiras, onde dever\u00e1 cumprir pena.<\/p>\n\n\n\n<p>Fonte\/\/86\u00aa CIPM<\/p>\n","protected":false},"excerpt":{"rendered":"<p>Nesta quinta-feira (26), durante o cumprimento da Opera\u00e7\u00e3o For\u00e7a Total, a Guarni\u00e7\u00e3o do 3\u00ba Pelot\u00e3o\/PM tomou conhecimento acerca de um mandado de pris\u00e3o em aberto em desfavor de um indiv\u00edduo de 42 anos de idade, residente em Santa Rita de C\u00e1ssia. O mandado foi expedido em decorr\u00eancia da condena\u00e7\u00e3o de 14 anos de reclus\u00e3o, em [&hellip;]<\/p>\n","protected":false},"author":1,"featured_media":3530,"comment_status":"open","ping_status":"closed","sticky":false,"template":"","format":"standard","meta":{"site-sidebar-layout":"default","site-content-layout":"","ast-site-content-layout":"default","site-content-style":"default","site-sidebar-style":"default","ast-global-header-display":"","ast-banner-title-visibility":"","ast-main-header-display":"","ast-hfb-above-header-display":"","ast-hfb-below-header-display":"","ast-hfb-mobile-header-display":"","site-post-title":"","ast-breadcrumbs-content":"","ast-featured-img":"","footer-sml-layout":"","theme-transparent-header-meta":"","adv-header-id-meta":"","stick-header-meta":"","header-above-stick-meta":"","header-main-stick-meta":"","header-below-stick-meta":"","astra-migrate-meta-layouts":"set","ast-page-background-enabled":"default","ast-page-background-meta":{"desktop":{"background-color":"var(--ast-global-color-4)","background-image":"","background-repeat":"repeat","background-position":"center center","background-size":"auto","background-attachment":"scroll","background-type":"","background-media":"","overlay-type":"","overlay-color":"","overlay-opacity":"","overlay-gradient":""},"tablet":{"background-color":"","background-image":"","background-repeat":"repeat","background-position":"center center","background-size":"auto","background-attachment":"scroll","background-type":"","background-media":"","overlay-type":"","overlay-color":"","overlay-opacity":"","overlay-gradient":""},"mobile":{"background-color":"","background-image":"","background-repeat":"repeat","background-position":"center center","background-size":"auto","background-attachment":"scroll","background-type":"","background-media":"","overlay-type":"","overlay-color":"","overlay-opacity":"","overlay-gradient":""}},"ast-content-background-meta":{"desktop":{"background-color":"var(--ast-global-color-5)","background-image":"","background-repeat":"repeat","background-position":"center center","background-size":"auto","background-attachment":"scroll","background-type":"","background-media":"","overlay-type":"","overlay-color":"","overlay-opacity":"","overlay-gradient":""},"tablet":{"background-color":"var(--ast-global-color-5)","background-image":"","background-repeat":"repeat","background-position":"center center","background-size":"auto","background-attachment":"scroll","background-type":"","background-media":"","overlay-type":"","overlay-color":"","overlay-opacity":"","overlay-gradient":""},"mobile":{"background-color":"var(--ast-global-color-5)","background-image":"","background-repeat":"repeat","background-position":"center center","background-size":"auto","background-attachment":"scroll","background-type":"","background-media":"","overlay-type":"","overlay-color":"","overlay-opacity":"","overlay-gradient":""}},"footnotes":""},"categories":[17],"tags":[],"class_list":["post-11635","post","type-post","status-publish","format-standard","has-post-thumbnail","hentry","category-mundo"],"_links":{"self":[{"href":"https:\/\/maisoeste.com.br\/index.php?rest_route=\/wp\/v2\/posts\/11635","targetHints":{"allow":["GET"]}}],"collection":[{"href":"https:\/\/maisoeste.com.br\/index.php?rest_route=\/wp\/v2\/posts"}],"about":[{"href":"https:\/\/maisoeste.com.br\/index.php?rest_route=\/wp\/v2\/types\/post"}],"author":[{"embeddable":true,"href":"https:\/\/maisoeste.com.br\/index.php?rest_route=\/wp\/v2\/users\/1"}],"replies":[{"embeddable":true,"href":"https:\/\/maisoeste.com.br\/index.php?rest_route=%2Fwp%2Fv2%2Fcomments&post=11635"}],"version-history":[{"count":1,"href":"https:\/\/maisoeste.com.br\/index.php?rest_route=\/wp\/v2\/posts\/11635\/revisions"}],"predecessor-version":[{"id":11636,"href":"https:\/\/maisoeste.com.br\/index.php?rest_route=\/wp\/v2\/posts\/11635\/revisions\/11636"}],"wp:featuredmedia":[{"embeddable":true,"href":"https:\/\/maisoeste.com.br\/index.php?rest_route=\/wp\/v2\/media\/3530"}],"wp:attachment":[{"href":"https:\/\/maisoeste.com.br\/index.php?rest_route=%2Fwp%2Fv2%2Fmedia&parent=11635"}],"wp:term":[{"taxonomy":"category","embeddable":true,"href":"https:\/\/maisoeste.com.br\/index.php?rest_route=%2Fwp%2Fv2%2Fcategories&post=11635"},{"taxonomy":"post_tag","embeddable":true,"href":"https:\/\/maisoeste.com.br\/index.php?rest_route=%2Fwp%2Fv2%2Ftags&post=11635"}],"curies":[{"name":"wp","href":"https:\/\/api.w.org\/{rel}","templated":true}]}}