{"id":11741,"date":"2026-03-04T07:11:21","date_gmt":"2026-03-04T10:11:21","guid":{"rendered":"https:\/\/maisoeste.com.br\/?p=11741"},"modified":"2026-03-04T07:22:17","modified_gmt":"2026-03-04T10:22:17","slug":"escala-6x1-lula-defende-jornada-diferenciada-por-categoria","status":"publish","type":"post","link":"https:\/\/maisoeste.com.br\/?p=11741","title":{"rendered":"Escala 6&#215;1: Lula defende jornada diferenciada por categoria"},"content":{"rendered":"\n<p>O presidente Luiz In\u00e1cio Lula da Silva (PT)&nbsp;defendeu nesta ter\u00e7a-feira (3) a constru\u00e7\u00e3o de um acordo entre empres\u00e1rios, trabalhadores e governo na discuss\u00e3o do fim da escala de trabalho 6 por 1.&nbsp;Lula tamb\u00e9m defendeu que as jornadas de trabalho sejam diferenciadas por categoria.<\/p>\n\n\n\n<p>&#8220;N\u00e3o iremos contribuir para prejudicar os trabalhadores e tamb\u00e9m n\u00e3o queremos contribuir para preju\u00edzo da economia brasileira. Queremos contribuir para, de forma bem pensada e harmonizada, a gente possa encontrar uma solu\u00e7\u00e3o. Qual \u00e9 a jornada ideal? Para muitas categorias tem jornada diferenciada. Pode ter at\u00e9 regra geral, mas na hora de regulamentar vai ter que cair na especificidade de cada categoria&#8221;, disse o presidente.<\/p>\n\n\n\n<p>As declara\u00e7\u00f5es de Lula sobre o tema foram dadas durante discurso na abertura da Confer\u00eancia Nacional do Trabalho, no Anhembi, em S\u00e3o Paulo. &#8220;Estamos tentando construir um conjunto de propostas que interessa a empres\u00e1rios e trabalhadores para dar mais comodidade nesse mundo nervoso para que as pessoas tenham mais tempo de estudar, ficar com fam\u00edlia, descansar&#8221;, afirmou.<\/p>\n\n\n\n<p>Principal bandeira de campanha do presidente Lula na economia em sua busca por uma nova reelei\u00e7\u00e3o no fim deste ano, o projeto que reduz a jornada de trabalho de 44 horas para 40 horas semanais sofre resist\u00eancia do setor produtivo. O principal argumento \u00e9 que haver\u00e1 aumento de custos, o que tende a ser repassado ao consumidor.<\/p>\n\n\n\n<p>Lula estava acompanhado do vice-presidente Geraldo Alckmin e dos ministros Luiz Marinho (Trabalho), Fernando Haddad (Fazenda), Simone Tebet (Planejamento).<\/p>\n\n\n\n<p>Tebet defendeu o fim da escala de trabalho 6&#215;1 e afirmou que\u00a0&#8220;dizer que o Brasil vai quebrar com o fim da escala 6&#215;1 \u00e9 n\u00e3o conhecer a realidade do Brasil&#8221;. &#8220;Estudos que o presidente Lula determinou que fiz\u00e9ssemos atrav\u00e9s do Ipea mostra que \u00e9 plaus\u00edvel e mais do que justo garantir a dignidade dos trabalhadores com o fim da escala 6&#215;1. Falta apenas boa vontade para sentar \u00e0 mesa. Jamais empurrar com a barriga ou protelar aquilo que garante dignidade para todos&#8221;, disse a ministra.<\/p>\n\n\n\n<p>J\u00e1 o ministro Fernando Haddad defendeu que a popula\u00e7\u00e3o se engaje na discuss\u00e3o do tema. Haddad disse que o Brasil sofreu no passado pol\u00edticas p\u00fablicas &#8220;equivocadas&#8221; e que uma recupera\u00e7\u00e3o complexa &#8220;exige ambiente pol\u00edtico constru\u00eddo a duras penas no contato com o Congresso e Judici\u00e1rio.<\/p>\n\n\n\n<p>&#8220;Temos que pensar mais em produzir com nossa for\u00e7a de trabalho com coisas de ponta, que agregam valor. Pensar em como utilizar for\u00e7a de trabalho, n\u00e3o apenas limitar jornada, o que vamos fazer com tempo dispon\u00edvel para o trabalho, o que vamos produzir. Estamos muito acanhados&#8221;, disse.<\/p>\n\n\n\n<p>&#8220;Tem que olhar para os pa\u00edses que superaram o subdesenvolvimento e nos mirar nesses exemplos para pensar o que vai fazer com as 40 horas semanais para construir o futuro das pr\u00f3ximas gera\u00e7\u00f5es. Envolvimento e engajamento num plano de desenvolvimento \u00e9 tamb\u00e9m tarefa da classe trabalhadora&#8221;, completou.<\/p>\n\n\n\n<p>O ministro Luiz Marinho disse que a redu\u00e7\u00e3o da jornada de trabalho pode gerar impacto nos custos das empresas, mas &#8220;seguramente pode melhorar de forma determinante o ambiente de trabalho, a condi\u00e7\u00e3o de vida das pessoas&#8221;.<\/p>\n\n\n\n<p>&#8220;Temos que apostar, portanto, na produtividade. Precisamos de ganho de produtividade que vem com investimento e tecnologia, conhecimento e o prazer do trabalho.&#8221;<\/p>\n\n\n\n<p>Fonte\/\/G1<\/p>\n","protected":false},"excerpt":{"rendered":"<p>O presidente Luiz In\u00e1cio Lula da Silva (PT)&nbsp;defendeu nesta ter\u00e7a-feira (3) a constru\u00e7\u00e3o de um acordo entre empres\u00e1rios, trabalhadores e governo na discuss\u00e3o do fim da escala de trabalho 6 por 1.&nbsp;Lula tamb\u00e9m defendeu que as jornadas de trabalho sejam diferenciadas por categoria. &#8220;N\u00e3o iremos contribuir para prejudicar os trabalhadores e tamb\u00e9m n\u00e3o queremos contribuir [&hellip;]<\/p>\n","protected":false},"author":1,"featured_media":11742,"comment_status":"open","ping_status":"closed","sticky":false,"template":"","format":"standard","meta":{"site-sidebar-layout":"default","site-content-layout":"","ast-site-content-layout":"default","site-content-style":"default","site-sidebar-style":"default","ast-global-header-display":"","ast-banner-title-visibility":"","ast-main-header-display":"","ast-hfb-above-header-display":"","ast-hfb-below-header-display":"","ast-hfb-mobile-header-display":"","site-post-title":"","ast-breadcrumbs-content":"","ast-featured-img":"","footer-sml-layout":"","theme-transparent-header-meta":"","adv-header-id-meta":"","stick-header-meta":"","header-above-stick-meta":"","header-main-stick-meta":"","header-below-stick-meta":"","astra-migrate-meta-layouts":"set","ast-page-background-enabled":"default","ast-page-background-meta":{"desktop":{"background-color":"var(--ast-global-color-4)","background-image":"","background-repeat":"repeat","background-position":"center center","background-size":"auto","background-attachment":"scroll","background-type":"","background-media":"","overlay-type":"","overlay-color":"","overlay-opacity":"","overlay-gradient":""},"tablet":{"background-color":"","background-image":"","background-repeat":"repeat","background-position":"center center","background-size":"auto","background-attachment":"scroll","background-type":"","background-media":"","overlay-type":"","overlay-color":"","overlay-opacity":"","overlay-gradient":""},"mobile":{"background-color":"","background-image":"","background-repeat":"repeat","background-position":"center center","background-size":"auto","background-attachment":"scroll","background-type":"","background-media":"","overlay-type":"","overlay-color":"","overlay-opacity":"","overlay-gradient":""}},"ast-content-background-meta":{"desktop":{"background-color":"var(--ast-global-color-5)","background-image":"","background-repeat":"repeat","background-position":"center center","background-size":"auto","background-attachment":"scroll","background-type":"","background-media":"","overlay-type":"","overlay-color":"","overlay-opacity":"","overlay-gradient":""},"tablet":{"background-color":"var(--ast-global-color-5)","background-image":"","background-repeat":"repeat","background-position":"center center","background-size":"auto","background-attachment":"scroll","background-type":"","background-media":"","overlay-type":"","overlay-color":"","overlay-opacity":"","overlay-gradient":""},"mobile":{"background-color":"var(--ast-global-color-5)","background-image":"","background-repeat":"repeat","background-position":"center center","background-size":"auto","background-attachment":"scroll","background-type":"","background-media":"","overlay-type":"","overlay-color":"","overlay-opacity":"","overlay-gradient":""}},"footnotes":""},"categories":[84],"tags":[],"class_list":["post-11741","post","type-post","status-publish","format-standard","has-post-thumbnail","hentry","category-politica"],"_links":{"self":[{"href":"https:\/\/maisoeste.com.br\/index.php?rest_route=\/wp\/v2\/posts\/11741","targetHints":{"allow":["GET"]}}],"collection":[{"href":"https:\/\/maisoeste.com.br\/index.php?rest_route=\/wp\/v2\/posts"}],"about":[{"href":"https:\/\/maisoeste.com.br\/index.php?rest_route=\/wp\/v2\/types\/post"}],"author":[{"embeddable":true,"href":"https:\/\/maisoeste.com.br\/index.php?rest_route=\/wp\/v2\/users\/1"}],"replies":[{"embeddable":true,"href":"https:\/\/maisoeste.com.br\/index.php?rest_route=%2Fwp%2Fv2%2Fcomments&post=11741"}],"version-history":[{"count":1,"href":"https:\/\/maisoeste.com.br\/index.php?rest_route=\/wp\/v2\/posts\/11741\/revisions"}],"predecessor-version":[{"id":11743,"href":"https:\/\/maisoeste.com.br\/index.php?rest_route=\/wp\/v2\/posts\/11741\/revisions\/11743"}],"wp:featuredmedia":[{"embeddable":true,"href":"https:\/\/maisoeste.com.br\/index.php?rest_route=\/wp\/v2\/media\/11742"}],"wp:attachment":[{"href":"https:\/\/maisoeste.com.br\/index.php?rest_route=%2Fwp%2Fv2%2Fmedia&parent=11741"}],"wp:term":[{"taxonomy":"category","embeddable":true,"href":"https:\/\/maisoeste.com.br\/index.php?rest_route=%2Fwp%2Fv2%2Fcategories&post=11741"},{"taxonomy":"post_tag","embeddable":true,"href":"https:\/\/maisoeste.com.br\/index.php?rest_route=%2Fwp%2Fv2%2Ftags&post=11741"}],"curies":[{"name":"wp","href":"https:\/\/api.w.org\/{rel}","templated":true}]}}