{"id":11744,"date":"2026-03-04T07:09:36","date_gmt":"2026-03-04T10:09:36","guid":{"rendered":"https:\/\/maisoeste.com.br\/?p=11744"},"modified":"2026-03-04T07:22:51","modified_gmt":"2026-03-04T10:22:51","slug":"trump-diz-que-ataques-mataram-liderancas-que-poderiam-assumir-o-ira","status":"publish","type":"post","link":"https:\/\/maisoeste.com.br\/?p=11744","title":{"rendered":"Trump diz que ataques mataram lideran\u00e7as que poderiam assumir o Ir\u00e3"},"content":{"rendered":"\n<p>O presidente dos Estados Unidos, Donald Trump, afirmou nesta ter\u00e7a-feira (3) que sua ofensiva no Ir\u00e3 em parceria com Israel destruiu &#8220;praticamente tudo&#8221; no pa\u00eds do Oriente M\u00e9dio e anunciou que uma nova onda de ataques ocorrer\u00e1 &#8220;em breve&#8221;.<\/p>\n\n\n\n<p>&#8220;Praticamente tudo foi destru\u00eddo no Ir\u00e3&#8221;, declarou Trump durante conversa com jornalistas no Sal\u00e3o Oval da Casa Branca, ap\u00f3s reuni\u00e3o com o chanceler alem\u00e3o, Friedrich Merz.<\/p>\n\n\n\n<p>Trump afirmou querer &#8220;algu\u00e9m de dentro&#8221; do regime dos aiatol\u00e1s para assumir o controle do pa\u00eds, mas que\u00a0<strong>&#8220;a maior parte das pessoas que t\u00ednhamos em mente (para assumir) morreram&#8221;<\/strong>. \u201cA maioria das pessoas que t\u00ednhamos em mente est\u00e1 morta. E temos outro grupo. Eles tamb\u00e9m podem estar mortos, segundo relatos. Ent\u00e3o teremos uma terceira onda, e muito em breve n\u00e3o vamos conhecer ningu\u00e9m&#8221;, afirmou.<\/p>\n\n\n\n<p>O presidente norte-americano refor\u00e7ou que a ofensiva continuar\u00e1 pelas pr\u00f3ximas semanas, com lan\u00e7amento de m\u00edsseis e drones, e endossou novamente sua decis\u00e3o de bombardear o Ir\u00e3: &#8220;Eu ataquei porque achei que eles atacariam antes&#8221;, disse.<\/p>\n\n\n\n<h2 class=\"wp-block-heading\">Encontro com Merz<\/h2>\n\n\n\n<p>O presidente dos EUA, Donald Trump, recebeu o chanceler alem\u00e3o Friedrich Merz na Casa Branca nesta ter\u00e7a-feira (3) e disse que conversariam sobre a guerra, acrescentando que o l\u00edder alem\u00e3o &#8220;tem ajudado&#8221;.<\/p>\n\n\n\n<p>&#8220;Eles [Alemanha] est\u00e3o nos permitindo desembarcar em certas \u00e1reas, e n\u00f3s agradecemos, e eles est\u00e3o apenas nos deixando confort\u00e1veis&#8221;, disse Trump, acrescentando que n\u00e3o est\u00e1 pedindo que a Alemanha envie tropas terrestres.<\/p>\n\n\n\n<p>Merz partiu de Berlim para Washington no mesmo dia em que a Alemanha e a Fran\u00e7a anunciaram planos para aprofundar a coopera\u00e7\u00e3o em mat\u00e9ria de dissuas\u00e3o nuclear -, mais uma medida dos europeus para se adaptarem \u00e0s mudan\u00e7as na rela\u00e7\u00e3o transatl\u00e2ntica em meio \u00e0s amea\u00e7as cont\u00ednuas da R\u00fassia e \u00e0 temida instabilidade ligada ao conflito com o Ir\u00e3.<\/p>\n\n\n\n<p>O chanceler alem\u00e3o foi o&nbsp;<strong>primeiro l\u00edder europeu a visitar Washington ap\u00f3s os ataques ao Ir\u00e3<\/strong>&nbsp;\u2013 que bloquearam uma das principais rotas de transporte de petr\u00f3leo do mundo e mergulharam o setor a\u00e9reo global no caos.<\/p>\n\n\n\n<p>Inicialmente prevista para se concentrar no com\u00e9rcio, a reuni\u00e3o ser\u00e1 ofuscada pelo ataque conjunto dos EUA e de Israel que matou o l\u00edder supremo do Ir\u00e3, o aiatol\u00e1 Ali Khamenei, e outros l\u00edderes iranianos no fim de semana.<\/p>\n\n\n\n<p>No domingo, Merz n\u00e3o criticou os ataques a\u00e9reos dos EUA, mas tamb\u00e9m n\u00e3o chegou a endossar a opera\u00e7\u00e3o, que, segundo cr\u00edticos de Trump, foi realizada sem justificativas suficientes e sem o respaldo legal necess\u00e1rio no direito internacional.<\/p>\n\n\n\n<p>Fonte\/\/G1<\/p>\n","protected":false},"excerpt":{"rendered":"<p>O presidente dos Estados Unidos, Donald Trump, afirmou nesta ter\u00e7a-feira (3) que sua ofensiva no Ir\u00e3 em parceria com Israel destruiu &#8220;praticamente tudo&#8221; no pa\u00eds do Oriente M\u00e9dio e anunciou que uma nova onda de ataques ocorrer\u00e1 &#8220;em breve&#8221;. &#8220;Praticamente tudo foi destru\u00eddo no Ir\u00e3&#8221;, declarou Trump durante conversa com jornalistas no Sal\u00e3o Oval da [&hellip;]<\/p>\n","protected":false},"author":1,"featured_media":11745,"comment_status":"open","ping_status":"closed","sticky":false,"template":"","format":"standard","meta":{"site-sidebar-layout":"default","site-content-layout":"","ast-site-content-layout":"default","site-content-style":"default","site-sidebar-style":"default","ast-global-header-display":"","ast-banner-title-visibility":"","ast-main-header-display":"","ast-hfb-above-header-display":"","ast-hfb-below-header-display":"","ast-hfb-mobile-header-display":"","site-post-title":"","ast-breadcrumbs-content":"","ast-featured-img":"","footer-sml-layout":"","theme-transparent-header-meta":"","adv-header-id-meta":"","stick-header-meta":"","header-above-stick-meta":"","header-main-stick-meta":"","header-below-stick-meta":"","astra-migrate-meta-layouts":"set","ast-page-background-enabled":"default","ast-page-background-meta":{"desktop":{"background-color":"var(--ast-global-color-4)","background-image":"","background-repeat":"repeat","background-position":"center center","background-size":"auto","background-attachment":"scroll","background-type":"","background-media":"","overlay-type":"","overlay-color":"","overlay-opacity":"","overlay-gradient":""},"tablet":{"background-color":"","background-image":"","background-repeat":"repeat","background-position":"center center","background-size":"auto","background-attachment":"scroll","background-type":"","background-media":"","overlay-type":"","overlay-color":"","overlay-opacity":"","overlay-gradient":""},"mobile":{"background-color":"","background-image":"","background-repeat":"repeat","background-position":"center center","background-size":"auto","background-attachment":"scroll","background-type":"","background-media":"","overlay-type":"","overlay-color":"","overlay-opacity":"","overlay-gradient":""}},"ast-content-background-meta":{"desktop":{"background-color":"var(--ast-global-color-5)","background-image":"","background-repeat":"repeat","background-position":"center center","background-size":"auto","background-attachment":"scroll","background-type":"","background-media":"","overlay-type":"","overlay-color":"","overlay-opacity":"","overlay-gradient":""},"tablet":{"background-color":"var(--ast-global-color-5)","background-image":"","background-repeat":"repeat","background-position":"center center","background-size":"auto","background-attachment":"scroll","background-type":"","background-media":"","overlay-type":"","overlay-color":"","overlay-opacity":"","overlay-gradient":""},"mobile":{"background-color":"var(--ast-global-color-5)","background-image":"","background-repeat":"repeat","background-position":"center center","background-size":"auto","background-attachment":"scroll","background-type":"","background-media":"","overlay-type":"","overlay-color":"","overlay-opacity":"","overlay-gradient":""}},"footnotes":""},"categories":[4],"tags":[],"class_list":["post-11744","post","type-post","status-publish","format-standard","has-post-thumbnail","hentry","category-brasil"],"_links":{"self":[{"href":"https:\/\/maisoeste.com.br\/index.php?rest_route=\/wp\/v2\/posts\/11744","targetHints":{"allow":["GET"]}}],"collection":[{"href":"https:\/\/maisoeste.com.br\/index.php?rest_route=\/wp\/v2\/posts"}],"about":[{"href":"https:\/\/maisoeste.com.br\/index.php?rest_route=\/wp\/v2\/types\/post"}],"author":[{"embeddable":true,"href":"https:\/\/maisoeste.com.br\/index.php?rest_route=\/wp\/v2\/users\/1"}],"replies":[{"embeddable":true,"href":"https:\/\/maisoeste.com.br\/index.php?rest_route=%2Fwp%2Fv2%2Fcomments&post=11744"}],"version-history":[{"count":1,"href":"https:\/\/maisoeste.com.br\/index.php?rest_route=\/wp\/v2\/posts\/11744\/revisions"}],"predecessor-version":[{"id":11746,"href":"https:\/\/maisoeste.com.br\/index.php?rest_route=\/wp\/v2\/posts\/11744\/revisions\/11746"}],"wp:featuredmedia":[{"embeddable":true,"href":"https:\/\/maisoeste.com.br\/index.php?rest_route=\/wp\/v2\/media\/11745"}],"wp:attachment":[{"href":"https:\/\/maisoeste.com.br\/index.php?rest_route=%2Fwp%2Fv2%2Fmedia&parent=11744"}],"wp:term":[{"taxonomy":"category","embeddable":true,"href":"https:\/\/maisoeste.com.br\/index.php?rest_route=%2Fwp%2Fv2%2Fcategories&post=11744"},{"taxonomy":"post_tag","embeddable":true,"href":"https:\/\/maisoeste.com.br\/index.php?rest_route=%2Fwp%2Fv2%2Ftags&post=11744"}],"curies":[{"name":"wp","href":"https:\/\/api.w.org\/{rel}","templated":true}]}}