{"id":11832,"date":"2026-03-07T07:04:00","date_gmt":"2026-03-07T10:04:00","guid":{"rendered":"https:\/\/maisoeste.com.br\/?p=11832"},"modified":"2026-03-06T14:36:17","modified_gmt":"2026-03-06T17:36:17","slug":"trio-eletrico-e-reconhecido-como-patrimonio-imaterial-cultural-e-historico-de-salvador","status":"publish","type":"post","link":"https:\/\/maisoeste.com.br\/?p=11832","title":{"rendered":"Trio el\u00e9trico \u00e9 reconhecido como Patrim\u00f4nio Imaterial, Cultural e Hist\u00f3rico de Salvador"},"content":{"rendered":"\n<p>O trio el\u00e9trico foi reconhecido como Patrim\u00f4nio Imaterial, Cultural e Hist\u00f3rico da cidade de\u00a0Salvador. A medida foi sancionada pelo prefeito Bruno Reis e publicada no Di\u00e1rio Oficial do Munic\u00edpio (DOM), nesta sexta-feira (6).<\/p>\n\n\n\n<p>De acordo com o texto, fica oficialmente reconhecida a import\u00e2ncia do trio el\u00e9trico para a cultura e a hist\u00f3ria da capital baiana.<\/p>\n\n\n\n<p>A lei determina ainda que o \u00f3rg\u00e3o municipal respons\u00e1vel pela prote\u00e7\u00e3o do patrim\u00f4nio cultural adote as medidas necess\u00e1rias para garantir o cumprimento da norma.<\/p>\n\n\n\n<p>O documento foi assinado na quarta-feira (4) pelo prefeito e pelos secret\u00e1rios municipais Carlos Felipe Vazquez de Souza Le\u00e3o e Ana Paula Andrade Matos Moreira.<\/p>\n\n\n\n<p>Criado na d\u00e9cada de 1950 por Dod\u00f4 e Osmar Macedo em 1950, o trio el\u00e9trico se consolidou como um dos principais s\u00edmbolos culturais da cidade e \u00e9 um dos elementos mais marcantes do carnaval de Salvador, festa que re\u00fane milh\u00f5es de foli\u00f5es todos os anos nas ruas da capital baiana.<\/p>\n\n\n\n<p>O nome &#8220;trio&#8221; foi associado ao fato de que tr\u00eas pessoas faziam o som: a pr\u00f3pria dupla criadora e o m\u00fasico Tem\u00edstocles Arag\u00e3o. J\u00e1 o &#8220;el\u00e9trico&#8221; surgiu da busca de querer amplificar o som dos instrumentos.<\/p>\n\n\n\n<p>O primeiro desfile foi na fobica, um carro aberto com um potente equipamento de som e um tipo de palco montado em um plano superior. No segundo ano, Dod\u00f4 e Osmar levaram seus equipamentos para uma caminhonete.<\/p>\n\n\n\n<p>Depois da caminhonete, o trio el\u00e9trico evoluiu para o caminh\u00e3o, em meados da d\u00e9cada de 1970.<\/p>\n\n\n\n<p>Fonte\/\/G1<\/p>\n","protected":false},"excerpt":{"rendered":"<p>O trio el\u00e9trico foi reconhecido como Patrim\u00f4nio Imaterial, Cultural e Hist\u00f3rico da cidade de\u00a0Salvador. A medida foi sancionada pelo prefeito Bruno Reis e publicada no Di\u00e1rio Oficial do Munic\u00edpio (DOM), nesta sexta-feira (6). De acordo com o texto, fica oficialmente reconhecida a import\u00e2ncia do trio el\u00e9trico para a cultura e a hist\u00f3ria da capital baiana. [&hellip;]<\/p>\n","protected":false},"author":1,"featured_media":11833,"comment_status":"open","ping_status":"closed","sticky":false,"template":"","format":"standard","meta":{"site-sidebar-layout":"default","site-content-layout":"","ast-site-content-layout":"default","site-content-style":"default","site-sidebar-style":"default","ast-global-header-display":"","ast-banner-title-visibility":"","ast-main-header-display":"","ast-hfb-above-header-display":"","ast-hfb-below-header-display":"","ast-hfb-mobile-header-display":"","site-post-title":"","ast-breadcrumbs-content":"","ast-featured-img":"","footer-sml-layout":"","theme-transparent-header-meta":"","adv-header-id-meta":"","stick-header-meta":"","header-above-stick-meta":"","header-main-stick-meta":"","header-below-stick-meta":"","astra-migrate-meta-layouts":"set","ast-page-background-enabled":"default","ast-page-background-meta":{"desktop":{"background-color":"var(--ast-global-color-4)","background-image":"","background-repeat":"repeat","background-position":"center center","background-size":"auto","background-attachment":"scroll","background-type":"","background-media":"","overlay-type":"","overlay-color":"","overlay-opacity":"","overlay-gradient":""},"tablet":{"background-color":"","background-image":"","background-repeat":"repeat","background-position":"center center","background-size":"auto","background-attachment":"scroll","background-type":"","background-media":"","overlay-type":"","overlay-color":"","overlay-opacity":"","overlay-gradient":""},"mobile":{"background-color":"","background-image":"","background-repeat":"repeat","background-position":"center center","background-size":"auto","background-attachment":"scroll","background-type":"","background-media":"","overlay-type":"","overlay-color":"","overlay-opacity":"","overlay-gradient":""}},"ast-content-background-meta":{"desktop":{"background-color":"var(--ast-global-color-5)","background-image":"","background-repeat":"repeat","background-position":"center center","background-size":"auto","background-attachment":"scroll","background-type":"","background-media":"","overlay-type":"","overlay-color":"","overlay-opacity":"","overlay-gradient":""},"tablet":{"background-color":"var(--ast-global-color-5)","background-image":"","background-repeat":"repeat","background-position":"center center","background-size":"auto","background-attachment":"scroll","background-type":"","background-media":"","overlay-type":"","overlay-color":"","overlay-opacity":"","overlay-gradient":""},"mobile":{"background-color":"var(--ast-global-color-5)","background-image":"","background-repeat":"repeat","background-position":"center center","background-size":"auto","background-attachment":"scroll","background-type":"","background-media":"","overlay-type":"","overlay-color":"","overlay-opacity":"","overlay-gradient":""}},"footnotes":""},"categories":[4],"tags":[],"class_list":["post-11832","post","type-post","status-publish","format-standard","has-post-thumbnail","hentry","category-brasil"],"_links":{"self":[{"href":"https:\/\/maisoeste.com.br\/index.php?rest_route=\/wp\/v2\/posts\/11832","targetHints":{"allow":["GET"]}}],"collection":[{"href":"https:\/\/maisoeste.com.br\/index.php?rest_route=\/wp\/v2\/posts"}],"about":[{"href":"https:\/\/maisoeste.com.br\/index.php?rest_route=\/wp\/v2\/types\/post"}],"author":[{"embeddable":true,"href":"https:\/\/maisoeste.com.br\/index.php?rest_route=\/wp\/v2\/users\/1"}],"replies":[{"embeddable":true,"href":"https:\/\/maisoeste.com.br\/index.php?rest_route=%2Fwp%2Fv2%2Fcomments&post=11832"}],"version-history":[{"count":1,"href":"https:\/\/maisoeste.com.br\/index.php?rest_route=\/wp\/v2\/posts\/11832\/revisions"}],"predecessor-version":[{"id":11834,"href":"https:\/\/maisoeste.com.br\/index.php?rest_route=\/wp\/v2\/posts\/11832\/revisions\/11834"}],"wp:featuredmedia":[{"embeddable":true,"href":"https:\/\/maisoeste.com.br\/index.php?rest_route=\/wp\/v2\/media\/11833"}],"wp:attachment":[{"href":"https:\/\/maisoeste.com.br\/index.php?rest_route=%2Fwp%2Fv2%2Fmedia&parent=11832"}],"wp:term":[{"taxonomy":"category","embeddable":true,"href":"https:\/\/maisoeste.com.br\/index.php?rest_route=%2Fwp%2Fv2%2Fcategories&post=11832"},{"taxonomy":"post_tag","embeddable":true,"href":"https:\/\/maisoeste.com.br\/index.php?rest_route=%2Fwp%2Fv2%2Ftags&post=11832"}],"curies":[{"name":"wp","href":"https:\/\/api.w.org\/{rel}","templated":true}]}}