{"id":11941,"date":"2026-03-11T10:32:01","date_gmt":"2026-03-11T13:32:01","guid":{"rendered":"https:\/\/maisoeste.com.br\/?p=11941"},"modified":"2026-03-11T10:32:03","modified_gmt":"2026-03-11T13:32:03","slug":"ira-desiste-da-copa-do-mundo-da-fifa-em-meio-a-guerra-no-pais","status":"publish","type":"post","link":"https:\/\/maisoeste.com.br\/?p=11941","title":{"rendered":"Ir\u00e3 desiste da Copa do Mundo da Fifa em meio a guerra no pa\u00eds"},"content":{"rendered":"\n<p>O Ir\u00e3 desistiu da Copa do Mundo da Fifa, segundo a ag\u00eancia Reuters. A informa\u00e7\u00e3o foi dada pelo ministro do Esporte do pa\u00eds Ahmad Donyamali \u00e0 TV estatal, na manh\u00e3 desta quarta-feira (11).<\/p>\n\n\n\n<p>\u201cConsiderando que este regime corrupto (os EUA) assassinou nosso l\u00edder, sob nenhuma circunst\u00e2ncia poderemos participar da Copa do Mundo\u201d, disse o ministro \u00e0 televis\u00e3o estatal.<\/p>\n\n\n\n<p>O l\u00edder supremo Ali Khamenei foi morto em um ataque conjunto entre Estados Unidos e Israel no dia 28 de fevereiro, que iniciou uma guerra que j\u00e1 dura 11 dias, com consequ\u00eancias graves para a economia mundial e inseguran\u00e7a sobre a produ\u00e7\u00e3o e fluxo de petr\u00f3leo no mundo.<\/p>\n\n\n\n<p>Mais cedo, o presidente da Fifa, Gianni Infantino, disse que se reuniu com o presidente dos Estados Unidos, Donald Trump. O l\u00edder americano teria apoiado a participa\u00e7\u00e3o do Ir\u00e3 na Copa do Mundo deste ano, que ser\u00e1 sediado conjuntamente por Estados Unidos, M\u00e9xico e Canad\u00e1.<\/p>\n\n\n\n<p>O Ir\u00e3 foi o&nbsp;\u00fanico pa\u00eds ausente de uma c\u00fapula de planejamento da FIFA com sele\u00e7\u00f5es classificadas para a Copa do Mundo realizada na semana passada em Atlanta. A aus\u00eancia aumentou as d\u00favidas sobre se a sele\u00e7\u00e3o iraniana poder\u00e1 jogar em solo americano neste ver\u00e3o, em meio \u00e0 escalada de um conflito regional.<\/p>\n\n\n\n<p>Trump disse anteriormente ao site Politico que n\u00e3o est\u00e1 preocupado com a participa\u00e7\u00e3o do Ir\u00e3, afirmando que o pa\u00eds foi \u201cmuito duramente derrotado\u201d. \u201cTamb\u00e9m falamos sobre a situa\u00e7\u00e3o atual no Ir\u00e3 e sobre o fato de que a sele\u00e7\u00e3o iraniana se classificou para disputar a Copa do Mundo de 2026\u201d, afirmou Infantino em publica\u00e7\u00e3o em sua conta oficial nas redes sociais.<\/p>\n\n\n\n<p>O Ir\u00e3 garantiu vaga em sua quarta Copa do Mundo consecutiva ao terminar na lideran\u00e7a do Grupo A na terceira fase das eliminat\u00f3rias asi\u00e1ticas no ano passado.&nbsp;Ainda assim, Mehdi Taj, presidente da Football Federation of the Islamic Republic of Iran, afirmou que a intensidade dos ataques realizados por for\u00e7as dos Estados Unidos e de Israel n\u00e3o \u00e9 um bom sinal para o torneio.<\/p>\n\n\n\n<p>A Copa do Mundo ser\u00e1 disputada entre 11 de junho e 19 de julho.<\/p>\n\n\n\n<p>Fonte\/\/G1<\/p>\n","protected":false},"excerpt":{"rendered":"<p>O Ir\u00e3 desistiu da Copa do Mundo da Fifa, segundo a ag\u00eancia Reuters. A informa\u00e7\u00e3o foi dada pelo ministro do Esporte do pa\u00eds Ahmad Donyamali \u00e0 TV estatal, na manh\u00e3 desta quarta-feira (11). \u201cConsiderando que este regime corrupto (os EUA) assassinou nosso l\u00edder, sob nenhuma circunst\u00e2ncia poderemos participar da Copa do Mundo\u201d, disse o ministro [&hellip;]<\/p>\n","protected":false},"author":1,"featured_media":11942,"comment_status":"open","ping_status":"closed","sticky":false,"template":"","format":"standard","meta":{"site-sidebar-layout":"default","site-content-layout":"","ast-site-content-layout":"default","site-content-style":"default","site-sidebar-style":"default","ast-global-header-display":"","ast-banner-title-visibility":"","ast-main-header-display":"","ast-hfb-above-header-display":"","ast-hfb-below-header-display":"","ast-hfb-mobile-header-display":"","site-post-title":"","ast-breadcrumbs-content":"","ast-featured-img":"","footer-sml-layout":"","theme-transparent-header-meta":"","adv-header-id-meta":"","stick-header-meta":"","header-above-stick-meta":"","header-main-stick-meta":"","header-below-stick-meta":"","astra-migrate-meta-layouts":"set","ast-page-background-enabled":"default","ast-page-background-meta":{"desktop":{"background-color":"var(--ast-global-color-4)","background-image":"","background-repeat":"repeat","background-position":"center center","background-size":"auto","background-attachment":"scroll","background-type":"","background-media":"","overlay-type":"","overlay-color":"","overlay-opacity":"","overlay-gradient":""},"tablet":{"background-color":"","background-image":"","background-repeat":"repeat","background-position":"center center","background-size":"auto","background-attachment":"scroll","background-type":"","background-media":"","overlay-type":"","overlay-color":"","overlay-opacity":"","overlay-gradient":""},"mobile":{"background-color":"","background-image":"","background-repeat":"repeat","background-position":"center center","background-size":"auto","background-attachment":"scroll","background-type":"","background-media":"","overlay-type":"","overlay-color":"","overlay-opacity":"","overlay-gradient":""}},"ast-content-background-meta":{"desktop":{"background-color":"var(--ast-global-color-5)","background-image":"","background-repeat":"repeat","background-position":"center center","background-size":"auto","background-attachment":"scroll","background-type":"","background-media":"","overlay-type":"","overlay-color":"","overlay-opacity":"","overlay-gradient":""},"tablet":{"background-color":"var(--ast-global-color-5)","background-image":"","background-repeat":"repeat","background-position":"center center","background-size":"auto","background-attachment":"scroll","background-type":"","background-media":"","overlay-type":"","overlay-color":"","overlay-opacity":"","overlay-gradient":""},"mobile":{"background-color":"var(--ast-global-color-5)","background-image":"","background-repeat":"repeat","background-position":"center center","background-size":"auto","background-attachment":"scroll","background-type":"","background-media":"","overlay-type":"","overlay-color":"","overlay-opacity":"","overlay-gradient":""}},"footnotes":""},"categories":[85],"tags":[],"class_list":["post-11941","post","type-post","status-publish","format-standard","has-post-thumbnail","hentry","category-cultura"],"_links":{"self":[{"href":"https:\/\/maisoeste.com.br\/index.php?rest_route=\/wp\/v2\/posts\/11941","targetHints":{"allow":["GET"]}}],"collection":[{"href":"https:\/\/maisoeste.com.br\/index.php?rest_route=\/wp\/v2\/posts"}],"about":[{"href":"https:\/\/maisoeste.com.br\/index.php?rest_route=\/wp\/v2\/types\/post"}],"author":[{"embeddable":true,"href":"https:\/\/maisoeste.com.br\/index.php?rest_route=\/wp\/v2\/users\/1"}],"replies":[{"embeddable":true,"href":"https:\/\/maisoeste.com.br\/index.php?rest_route=%2Fwp%2Fv2%2Fcomments&post=11941"}],"version-history":[{"count":1,"href":"https:\/\/maisoeste.com.br\/index.php?rest_route=\/wp\/v2\/posts\/11941\/revisions"}],"predecessor-version":[{"id":11943,"href":"https:\/\/maisoeste.com.br\/index.php?rest_route=\/wp\/v2\/posts\/11941\/revisions\/11943"}],"wp:featuredmedia":[{"embeddable":true,"href":"https:\/\/maisoeste.com.br\/index.php?rest_route=\/wp\/v2\/media\/11942"}],"wp:attachment":[{"href":"https:\/\/maisoeste.com.br\/index.php?rest_route=%2Fwp%2Fv2%2Fmedia&parent=11941"}],"wp:term":[{"taxonomy":"category","embeddable":true,"href":"https:\/\/maisoeste.com.br\/index.php?rest_route=%2Fwp%2Fv2%2Fcategories&post=11941"},{"taxonomy":"post_tag","embeddable":true,"href":"https:\/\/maisoeste.com.br\/index.php?rest_route=%2Fwp%2Fv2%2Ftags&post=11941"}],"curies":[{"name":"wp","href":"https:\/\/api.w.org\/{rel}","templated":true}]}}