{"id":11977,"date":"2026-03-13T07:26:40","date_gmt":"2026-03-13T10:26:40","guid":{"rendered":"https:\/\/maisoeste.com.br\/?p=11977"},"modified":"2026-03-13T07:26:42","modified_gmt":"2026-03-13T10:26:42","slug":"pf-cumpre-mandados-de-prisao-contra-organizacao-especializada-em-trafico-de-animais-ameacados-de-extincao","status":"publish","type":"post","link":"https:\/\/maisoeste.com.br\/?p=11977","title":{"rendered":"PF cumpre mandados de pris\u00e3o contra organiza\u00e7\u00e3o especializada em tr\u00e1fico de animais amea\u00e7ados de extin\u00e7\u00e3o"},"content":{"rendered":"\n<p>A Pol\u00edcia Federal prendeu 10 pessoas suspeitas de compor uma organiza\u00e7\u00e3o criminosa especializada no&nbsp;<strong>tr\u00e1fico de animais silvestres amea\u00e7ados de extin\u00e7\u00e3o<\/strong>. Parte dos mandados foram cumpridos nesta quinta-feira (12), na Bahia, e diversos animais foram resgatados.<\/p>\n\n\n\n<p>Tamb\u00e9m foram cumpridos 22 mandados de busca e apreens\u00e3o. Todas as medidas foram expedidas pela 2\u00aa Vara Federal Criminal da Bahia e tamb\u00e9m foram executadas em Pernambuco, Piau\u00ed, Maranh\u00e3o e Par\u00e1.<\/p>\n\n\n\n<p>Em Vera Cruz, na Ilha de Itaparica, na Bahia, a pol\u00edcia apreendeu quatro araras, um tucano e um porco do mato que estavam em um s\u00edtio. As investiga\u00e7\u00f5es apontaram que os animais foram adquiridos de forma clandestino pelo dono do local, um veterin\u00e1rio de\u00a0Salvador.<\/p>\n\n\n\n<p>O chefe da organiza\u00e7\u00e3o criminosa mora em Juazeiro, no norte da Bahia. Ele n\u00e3o foi preso, mas na casa do suspeito foram encontradas caixas com 66 periquitos adultos e filhotes, oito papagaios e dois jacus.<\/p>\n\n\n\n<p>De acordo com o delegado da Pol\u00edcia Federal, F\u00e1bio Muniz, o destino dos animais traficados pelo grupo era a \u00c1sia e a Europa.<\/p>\n\n\n\n<p>&#8220;L\u00e1 esses animais t\u00eam um valor muito maior do que aqui na Am\u00e9rica do Sul, j\u00e1 que s\u00e3o end\u00eamicos do Brasil&#8221;, explicou.<\/p>\n\n\n\n<p>Os animais apreendidos nesta quinta-feira foram levados para a sede do Instituto Brasileiro do Meio Ambiente e dos Recursos Naturais Renov\u00e1veis (Ibama) e para um centro de triagem de Salvador, onde ser\u00e3o reabilitados para serem colocados novamente na natureza.<\/p>\n\n\n\n<p>Fonte\/\/G1<\/p>\n","protected":false},"excerpt":{"rendered":"<p>A Pol\u00edcia Federal prendeu 10 pessoas suspeitas de compor uma organiza\u00e7\u00e3o criminosa especializada no&nbsp;tr\u00e1fico de animais silvestres amea\u00e7ados de extin\u00e7\u00e3o. Parte dos mandados foram cumpridos nesta quinta-feira (12), na Bahia, e diversos animais foram resgatados. Tamb\u00e9m foram cumpridos 22 mandados de busca e apreens\u00e3o. Todas as medidas foram expedidas pela 2\u00aa Vara Federal Criminal da [&hellip;]<\/p>\n","protected":false},"author":1,"featured_media":11978,"comment_status":"open","ping_status":"closed","sticky":false,"template":"","format":"standard","meta":{"site-sidebar-layout":"default","site-content-layout":"","ast-site-content-layout":"default","site-content-style":"default","site-sidebar-style":"default","ast-global-header-display":"","ast-banner-title-visibility":"","ast-main-header-display":"","ast-hfb-above-header-display":"","ast-hfb-below-header-display":"","ast-hfb-mobile-header-display":"","site-post-title":"","ast-breadcrumbs-content":"","ast-featured-img":"","footer-sml-layout":"","theme-transparent-header-meta":"","adv-header-id-meta":"","stick-header-meta":"","header-above-stick-meta":"","header-main-stick-meta":"","header-below-stick-meta":"","astra-migrate-meta-layouts":"set","ast-page-background-enabled":"default","ast-page-background-meta":{"desktop":{"background-color":"var(--ast-global-color-4)","background-image":"","background-repeat":"repeat","background-position":"center center","background-size":"auto","background-attachment":"scroll","background-type":"","background-media":"","overlay-type":"","overlay-color":"","overlay-opacity":"","overlay-gradient":""},"tablet":{"background-color":"","background-image":"","background-repeat":"repeat","background-position":"center center","background-size":"auto","background-attachment":"scroll","background-type":"","background-media":"","overlay-type":"","overlay-color":"","overlay-opacity":"","overlay-gradient":""},"mobile":{"background-color":"","background-image":"","background-repeat":"repeat","background-position":"center center","background-size":"auto","background-attachment":"scroll","background-type":"","background-media":"","overlay-type":"","overlay-color":"","overlay-opacity":"","overlay-gradient":""}},"ast-content-background-meta":{"desktop":{"background-color":"var(--ast-global-color-5)","background-image":"","background-repeat":"repeat","background-position":"center center","background-size":"auto","background-attachment":"scroll","background-type":"","background-media":"","overlay-type":"","overlay-color":"","overlay-opacity":"","overlay-gradient":""},"tablet":{"background-color":"var(--ast-global-color-5)","background-image":"","background-repeat":"repeat","background-position":"center center","background-size":"auto","background-attachment":"scroll","background-type":"","background-media":"","overlay-type":"","overlay-color":"","overlay-opacity":"","overlay-gradient":""},"mobile":{"background-color":"var(--ast-global-color-5)","background-image":"","background-repeat":"repeat","background-position":"center center","background-size":"auto","background-attachment":"scroll","background-type":"","background-media":"","overlay-type":"","overlay-color":"","overlay-opacity":"","overlay-gradient":""}},"footnotes":""},"categories":[4],"tags":[],"class_list":["post-11977","post","type-post","status-publish","format-standard","has-post-thumbnail","hentry","category-brasil"],"_links":{"self":[{"href":"https:\/\/maisoeste.com.br\/index.php?rest_route=\/wp\/v2\/posts\/11977","targetHints":{"allow":["GET"]}}],"collection":[{"href":"https:\/\/maisoeste.com.br\/index.php?rest_route=\/wp\/v2\/posts"}],"about":[{"href":"https:\/\/maisoeste.com.br\/index.php?rest_route=\/wp\/v2\/types\/post"}],"author":[{"embeddable":true,"href":"https:\/\/maisoeste.com.br\/index.php?rest_route=\/wp\/v2\/users\/1"}],"replies":[{"embeddable":true,"href":"https:\/\/maisoeste.com.br\/index.php?rest_route=%2Fwp%2Fv2%2Fcomments&post=11977"}],"version-history":[{"count":1,"href":"https:\/\/maisoeste.com.br\/index.php?rest_route=\/wp\/v2\/posts\/11977\/revisions"}],"predecessor-version":[{"id":11979,"href":"https:\/\/maisoeste.com.br\/index.php?rest_route=\/wp\/v2\/posts\/11977\/revisions\/11979"}],"wp:featuredmedia":[{"embeddable":true,"href":"https:\/\/maisoeste.com.br\/index.php?rest_route=\/wp\/v2\/media\/11978"}],"wp:attachment":[{"href":"https:\/\/maisoeste.com.br\/index.php?rest_route=%2Fwp%2Fv2%2Fmedia&parent=11977"}],"wp:term":[{"taxonomy":"category","embeddable":true,"href":"https:\/\/maisoeste.com.br\/index.php?rest_route=%2Fwp%2Fv2%2Fcategories&post=11977"},{"taxonomy":"post_tag","embeddable":true,"href":"https:\/\/maisoeste.com.br\/index.php?rest_route=%2Fwp%2Fv2%2Ftags&post=11977"}],"curies":[{"name":"wp","href":"https:\/\/api.w.org\/{rel}","templated":true}]}}