{"id":12067,"date":"2026-03-17T07:21:44","date_gmt":"2026-03-17T10:21:44","guid":{"rendered":"https:\/\/maisoeste.com.br\/?p=12067"},"modified":"2026-03-17T07:21:46","modified_gmt":"2026-03-17T10:21:46","slug":"israel-diz-que-matou-chefe-do-conselho-de-seguranca-do-ira-em-bombardeio","status":"publish","type":"post","link":"https:\/\/maisoeste.com.br\/?p=12067","title":{"rendered":"Israel diz que matou chefe do Conselho de Seguran\u00e7a do Ir\u00e3 em bombardeio"},"content":{"rendered":"\n<p>O ministro da Defesa israelense,\u00a0Israel\u00a0Katz, afirmou nesta ter\u00e7a-feira (17) que Ali Larijani, chefe do Conselho Supremo de Seguran\u00e7a do\u00a0Ir\u00e3\u00a0e um dos homens mais importantes do regime iraniano, foi morto em bombardeio.\u00a0O Ir\u00e3 n\u00e3o confirmou\u00a0a morte at\u00e9 o momento.<\/p>\n\n\n\n<p>A fala de Katz ocorreu ap\u00f3s o jornal israelense &#8220;Times of Israel&#8221; ter revelado que Larijani foi alvo de um bombardeio feito por Israel contra\u00a0Teer\u00e3\u00a0na noite de segunda-feira, segundo fontes do Ex\u00e9rcito israelense.<\/p>\n\n\n\n<p>&#8220;O comandante do Estado-Maior acaba de me informar que Ali Larijani, secret\u00e1rio do Conselho Supremo de Seguran\u00e7a Nacional, e Gholamreza Soleimani, chefe dos Basij, o principal aparelho repressivo do Ir\u00e3, foram eliminados durante a noite&#8221;, disse Katz em uma mensagem de v\u00eddeo. O ministro acrescentou que Israel continuar\u00e1 a alvejar a lideran\u00e7a do regime iraniano.<\/p>\n\n\n\n<p>O Ir\u00e3 n\u00e3o confirmou a morte de Larijani nem se pronunciou publicamente sobre o bombardeio at\u00e9 a \u00faltima atualiza\u00e7\u00e3o desta reportagem.&nbsp;<strong>Ag\u00eancias estatais iranianas compartilharam por volta das 6h30, no hor\u00e1rio de Bras\u00edlia, uma mensagem manuscrita atribu\u00edda \u00e0 Larijani que n\u00e3o menciona o bombardeio.<\/strong>&nbsp;O texto, em que Larijani homenageia soldados da Marinha iraniana mortos na guerra contra os EUA e Israel, tem a data desta ter\u00e7a-feira, por\u00e9m n\u00e3o se sabe ao certo quando ele foi escrito.<\/p>\n\n\n\n<p>O chefe do Estado-Maior das For\u00e7as Armadas israelenses, o tenente-general Eyal Zamir,&nbsp;falou em &#8220;conquistas significativas&#8221; em bombardeios noturnos e que t\u00eam o potencial para influenciar o rumo da guerra contra o Ir\u00e3.<\/p>\n\n\n\n<p>&#8220;As For\u00e7as de Defesa de Israel [modo como Israel chama seu Ex\u00e9rcito] continuam a agir com determina\u00e7\u00e3o contra m\u00faltiplos alvos no Ir\u00e3. Conquistas preventivas significativas foram registradas durante a noite, com potencial para influenciar os resultados operacionais e as miss\u00f5es das FDI&#8221;, afirmou Zamir em comunicado na manh\u00e3 desta ter\u00e7a.<\/p>\n\n\n\n<p>Israel tem realizado bombardeios di\u00e1rios ao territ\u00f3rio iraniano, principalmente contra Teer\u00e3, desde o in\u00edcio da guerra. O Ex\u00e9rcito israelense afirmou ter feito ataques a\u00e9reos &#8220;em larga escala&#8221; contra a capital iraniana pouco antes das 23h de segunda-feira, no hor\u00e1rio de Bras\u00edlia.<\/p>\n\n\n\n<p>Ali Larijani \u00e9 um dos homens mais poderosos do regime iraniano e acumulou ainda mais poder recentemente em meio \u00e0 guerra&nbsp;que o Ir\u00e3 trava com os Estados Unidos e Israel nas \u00faltimas semanas e tamb\u00e9m ap\u00f3s o assassinato do l\u00edder supremo Ali Khamenei e de diversas autoridades iranianas de alto escal\u00e3o em 28 de fevereiro.<\/p>\n\n\n\n<p>As ag\u00eancias estatais iranianas compartilharam uma mensagem de Larijani durante a madrugada desta ter\u00e7a-feira, no fuso de Bras\u00edlia que pode ter sido emitida antes do bombardeio. Na fala, a autoridade iraniana disse que a vit\u00f3ria sobre os EUA na guerra estaria pr\u00f3xima e criticou o presidente norte-americano, Donald Trump, por acusar o Ir\u00e3 de utilizar IA para gerar m\u00eddias de protestos pr\u00f3-governo recentes.<\/p>\n\n\n\n<p>Fonte\/\/G1<\/p>\n","protected":false},"excerpt":{"rendered":"<p>O ministro da Defesa israelense,\u00a0Israel\u00a0Katz, afirmou nesta ter\u00e7a-feira (17) que Ali Larijani, chefe do Conselho Supremo de Seguran\u00e7a do\u00a0Ir\u00e3\u00a0e um dos homens mais importantes do regime iraniano, foi morto em bombardeio.\u00a0O Ir\u00e3 n\u00e3o confirmou\u00a0a morte at\u00e9 o momento. A fala de Katz ocorreu ap\u00f3s o jornal israelense &#8220;Times of Israel&#8221; ter revelado que Larijani foi [&hellip;]<\/p>\n","protected":false},"author":1,"featured_media":12068,"comment_status":"open","ping_status":"closed","sticky":false,"template":"","format":"standard","meta":{"site-sidebar-layout":"default","site-content-layout":"","ast-site-content-layout":"default","site-content-style":"default","site-sidebar-style":"default","ast-global-header-display":"","ast-banner-title-visibility":"","ast-main-header-display":"","ast-hfb-above-header-display":"","ast-hfb-below-header-display":"","ast-hfb-mobile-header-display":"","site-post-title":"","ast-breadcrumbs-content":"","ast-featured-img":"","footer-sml-layout":"","theme-transparent-header-meta":"","adv-header-id-meta":"","stick-header-meta":"","header-above-stick-meta":"","header-main-stick-meta":"","header-below-stick-meta":"","astra-migrate-meta-layouts":"set","ast-page-background-enabled":"default","ast-page-background-meta":{"desktop":{"background-color":"var(--ast-global-color-4)","background-image":"","background-repeat":"repeat","background-position":"center center","background-size":"auto","background-attachment":"scroll","background-type":"","background-media":"","overlay-type":"","overlay-color":"","overlay-opacity":"","overlay-gradient":""},"tablet":{"background-color":"","background-image":"","background-repeat":"repeat","background-position":"center center","background-size":"auto","background-attachment":"scroll","background-type":"","background-media":"","overlay-type":"","overlay-color":"","overlay-opacity":"","overlay-gradient":""},"mobile":{"background-color":"","background-image":"","background-repeat":"repeat","background-position":"center center","background-size":"auto","background-attachment":"scroll","background-type":"","background-media":"","overlay-type":"","overlay-color":"","overlay-opacity":"","overlay-gradient":""}},"ast-content-background-meta":{"desktop":{"background-color":"var(--ast-global-color-5)","background-image":"","background-repeat":"repeat","background-position":"center center","background-size":"auto","background-attachment":"scroll","background-type":"","background-media":"","overlay-type":"","overlay-color":"","overlay-opacity":"","overlay-gradient":""},"tablet":{"background-color":"var(--ast-global-color-5)","background-image":"","background-repeat":"repeat","background-position":"center center","background-size":"auto","background-attachment":"scroll","background-type":"","background-media":"","overlay-type":"","overlay-color":"","overlay-opacity":"","overlay-gradient":""},"mobile":{"background-color":"var(--ast-global-color-5)","background-image":"","background-repeat":"repeat","background-position":"center center","background-size":"auto","background-attachment":"scroll","background-type":"","background-media":"","overlay-type":"","overlay-color":"","overlay-opacity":"","overlay-gradient":""}},"footnotes":""},"categories":[4],"tags":[],"class_list":["post-12067","post","type-post","status-publish","format-standard","has-post-thumbnail","hentry","category-brasil"],"_links":{"self":[{"href":"https:\/\/maisoeste.com.br\/index.php?rest_route=\/wp\/v2\/posts\/12067","targetHints":{"allow":["GET"]}}],"collection":[{"href":"https:\/\/maisoeste.com.br\/index.php?rest_route=\/wp\/v2\/posts"}],"about":[{"href":"https:\/\/maisoeste.com.br\/index.php?rest_route=\/wp\/v2\/types\/post"}],"author":[{"embeddable":true,"href":"https:\/\/maisoeste.com.br\/index.php?rest_route=\/wp\/v2\/users\/1"}],"replies":[{"embeddable":true,"href":"https:\/\/maisoeste.com.br\/index.php?rest_route=%2Fwp%2Fv2%2Fcomments&post=12067"}],"version-history":[{"count":1,"href":"https:\/\/maisoeste.com.br\/index.php?rest_route=\/wp\/v2\/posts\/12067\/revisions"}],"predecessor-version":[{"id":12069,"href":"https:\/\/maisoeste.com.br\/index.php?rest_route=\/wp\/v2\/posts\/12067\/revisions\/12069"}],"wp:featuredmedia":[{"embeddable":true,"href":"https:\/\/maisoeste.com.br\/index.php?rest_route=\/wp\/v2\/media\/12068"}],"wp:attachment":[{"href":"https:\/\/maisoeste.com.br\/index.php?rest_route=%2Fwp%2Fv2%2Fmedia&parent=12067"}],"wp:term":[{"taxonomy":"category","embeddable":true,"href":"https:\/\/maisoeste.com.br\/index.php?rest_route=%2Fwp%2Fv2%2Fcategories&post=12067"},{"taxonomy":"post_tag","embeddable":true,"href":"https:\/\/maisoeste.com.br\/index.php?rest_route=%2Fwp%2Fv2%2Ftags&post=12067"}],"curies":[{"name":"wp","href":"https:\/\/api.w.org\/{rel}","templated":true}]}}