{"id":12070,"date":"2026-03-17T07:27:03","date_gmt":"2026-03-17T10:27:03","guid":{"rendered":"https:\/\/maisoeste.com.br\/?p=12070"},"modified":"2026-03-17T07:27:05","modified_gmt":"2026-03-17T10:27:05","slug":"engavetamento-com-nove-veiculos-deixa-um-morto-e-seis-feridos-na-bahia","status":"publish","type":"post","link":"https:\/\/maisoeste.com.br\/?p=12070","title":{"rendered":"Engavetamento com nove ve\u00edculos deixa um morto e seis feridos na Bahia"},"content":{"rendered":"\n<p>Uma pessoa morreu e outras seis ficaram feridas ap\u00f3s um engavetamento envolvendo nove ve\u00edculos na tarde desta segunda-feira (16), na BR-324. O acidente ocorreu por volta das 12h, no km 551 da rodovia, trecho de\u00a0Am\u00e9lia Rodrigues, munic\u00edpio a 30 km de\u00a0Feira de Santana.<\/p>\n\n\n\n<p>Segundo informa\u00e7\u00f5es da\u00a0Pol\u00edcia Rodovi\u00e1ria Federal\u00a0(PRF), a ocorr\u00eancia foi caracterizada como uma colis\u00e3o traseira em sequ\u00eancia e envolveu uma carreta e outros ve\u00edculos.<\/p>\n\n\n\n<p>Algumas v\u00edtimas ficaram presas \u00e0s ferragens e precisaram ser resgatadas. N\u00e3o h\u00e1 detalhes sobre o estado de sa\u00fade delas.<\/p>\n\n\n\n<p>Equipes do Servi\u00e7o de Atendimento M\u00f3vel de Urg\u00eancia (Samu) foram acionadas para prestar socorro \u00e0s v\u00edtimas. O Departamento de Pol\u00edcia T\u00e9cnica (DPT) tamb\u00e9m foi chamado para realizar a remo\u00e7\u00e3o do corpo.<\/p>\n\n\n\n<p>Devido ao acidente, houve interdi\u00e7\u00e3o parcial do trecho no sentido Salvador. O tr\u00e1fego ficou lento na regi\u00e3o, com ve\u00edculos passando pelo acostamento e pela via liberada. No final da tarde, \u00e0s 17h20, a pista foi totalmente liberada.<\/p>\n\n\n\n<p>Fonte\/\/G1<\/p>\n","protected":false},"excerpt":{"rendered":"<p>Uma pessoa morreu e outras seis ficaram feridas ap\u00f3s um engavetamento envolvendo nove ve\u00edculos na tarde desta segunda-feira (16), na BR-324. O acidente ocorreu por volta das 12h, no km 551 da rodovia, trecho de\u00a0Am\u00e9lia Rodrigues, munic\u00edpio a 30 km de\u00a0Feira de Santana. Segundo informa\u00e7\u00f5es da\u00a0Pol\u00edcia Rodovi\u00e1ria Federal\u00a0(PRF), a ocorr\u00eancia foi caracterizada como uma colis\u00e3o [&hellip;]<\/p>\n","protected":false},"author":1,"featured_media":12071,"comment_status":"open","ping_status":"closed","sticky":false,"template":"","format":"standard","meta":{"site-sidebar-layout":"default","site-content-layout":"","ast-site-content-layout":"default","site-content-style":"default","site-sidebar-style":"default","ast-global-header-display":"","ast-banner-title-visibility":"","ast-main-header-display":"","ast-hfb-above-header-display":"","ast-hfb-below-header-display":"","ast-hfb-mobile-header-display":"","site-post-title":"","ast-breadcrumbs-content":"","ast-featured-img":"","footer-sml-layout":"","theme-transparent-header-meta":"","adv-header-id-meta":"","stick-header-meta":"","header-above-stick-meta":"","header-main-stick-meta":"","header-below-stick-meta":"","astra-migrate-meta-layouts":"set","ast-page-background-enabled":"default","ast-page-background-meta":{"desktop":{"background-color":"var(--ast-global-color-4)","background-image":"","background-repeat":"repeat","background-position":"center center","background-size":"auto","background-attachment":"scroll","background-type":"","background-media":"","overlay-type":"","overlay-color":"","overlay-opacity":"","overlay-gradient":""},"tablet":{"background-color":"","background-image":"","background-repeat":"repeat","background-position":"center center","background-size":"auto","background-attachment":"scroll","background-type":"","background-media":"","overlay-type":"","overlay-color":"","overlay-opacity":"","overlay-gradient":""},"mobile":{"background-color":"","background-image":"","background-repeat":"repeat","background-position":"center center","background-size":"auto","background-attachment":"scroll","background-type":"","background-media":"","overlay-type":"","overlay-color":"","overlay-opacity":"","overlay-gradient":""}},"ast-content-background-meta":{"desktop":{"background-color":"var(--ast-global-color-5)","background-image":"","background-repeat":"repeat","background-position":"center center","background-size":"auto","background-attachment":"scroll","background-type":"","background-media":"","overlay-type":"","overlay-color":"","overlay-opacity":"","overlay-gradient":""},"tablet":{"background-color":"var(--ast-global-color-5)","background-image":"","background-repeat":"repeat","background-position":"center center","background-size":"auto","background-attachment":"scroll","background-type":"","background-media":"","overlay-type":"","overlay-color":"","overlay-opacity":"","overlay-gradient":""},"mobile":{"background-color":"var(--ast-global-color-5)","background-image":"","background-repeat":"repeat","background-position":"center center","background-size":"auto","background-attachment":"scroll","background-type":"","background-media":"","overlay-type":"","overlay-color":"","overlay-opacity":"","overlay-gradient":""}},"footnotes":""},"categories":[17],"tags":[],"class_list":["post-12070","post","type-post","status-publish","format-standard","has-post-thumbnail","hentry","category-mundo"],"_links":{"self":[{"href":"https:\/\/maisoeste.com.br\/index.php?rest_route=\/wp\/v2\/posts\/12070","targetHints":{"allow":["GET"]}}],"collection":[{"href":"https:\/\/maisoeste.com.br\/index.php?rest_route=\/wp\/v2\/posts"}],"about":[{"href":"https:\/\/maisoeste.com.br\/index.php?rest_route=\/wp\/v2\/types\/post"}],"author":[{"embeddable":true,"href":"https:\/\/maisoeste.com.br\/index.php?rest_route=\/wp\/v2\/users\/1"}],"replies":[{"embeddable":true,"href":"https:\/\/maisoeste.com.br\/index.php?rest_route=%2Fwp%2Fv2%2Fcomments&post=12070"}],"version-history":[{"count":1,"href":"https:\/\/maisoeste.com.br\/index.php?rest_route=\/wp\/v2\/posts\/12070\/revisions"}],"predecessor-version":[{"id":12072,"href":"https:\/\/maisoeste.com.br\/index.php?rest_route=\/wp\/v2\/posts\/12070\/revisions\/12072"}],"wp:featuredmedia":[{"embeddable":true,"href":"https:\/\/maisoeste.com.br\/index.php?rest_route=\/wp\/v2\/media\/12071"}],"wp:attachment":[{"href":"https:\/\/maisoeste.com.br\/index.php?rest_route=%2Fwp%2Fv2%2Fmedia&parent=12070"}],"wp:term":[{"taxonomy":"category","embeddable":true,"href":"https:\/\/maisoeste.com.br\/index.php?rest_route=%2Fwp%2Fv2%2Fcategories&post=12070"},{"taxonomy":"post_tag","embeddable":true,"href":"https:\/\/maisoeste.com.br\/index.php?rest_route=%2Fwp%2Fv2%2Ftags&post=12070"}],"curies":[{"name":"wp","href":"https:\/\/api.w.org\/{rel}","templated":true}]}}