{"id":12153,"date":"2026-03-19T07:00:00","date_gmt":"2026-03-19T10:00:00","guid":{"rendered":"https:\/\/maisoeste.com.br\/?p=12153"},"modified":"2026-03-19T07:28:59","modified_gmt":"2026-03-19T10:28:59","slug":"mec-inaugura-reformas-e-autoriza-obras-do-novo-pac-na-ufob","status":"publish","type":"post","link":"https:\/\/maisoeste.com.br\/?p=12153","title":{"rendered":"MEC inaugura reformas e autoriza obras do Novo PAC na Ufob"},"content":{"rendered":"\n<p>O Minist\u00e9rio da Educa\u00e7\u00e3o (MEC)\u00a0autorizou,\u00a0nesta\u00a0quarta-feira,\u00a018\u00a0de mar\u00e7o,\u00a0o in\u00edcio\u00a0da constru\u00e7\u00e3o de novos espa\u00e7os\u00a0nos campi Lu\u00eds Eduardo Magalh\u00e3es, Barreiras\u00a0e\u00a0Bom Jesus da Lapa da Universidade Federal do Oeste da Bahia (Ufob), que ocorrem por meio do Novo Programa de Acelera\u00e7\u00e3o do Crescimento (Novo PAC).\u00a0Tamb\u00e9m\u00a0foram\u00a0entregues as reformas\u00a0do pr\u00e9dio da reitoria e da Central Multiusu\u00e1ria\u00a0de\u00a0An\u00e1lise\u00a0da institui\u00e7\u00e3o.\u00a0Ao todo, a universidade recebe investimento de\u00a0R$ 25\u00a0milh\u00f5es\u00a0em obras, com recursos\u00a0do\u00a0programa.\u00a0A solenidade\u00a0contou\u00a0com a presen\u00e7a do ministro da Educa\u00e7\u00e3o, Camilo Santana.<\/p>\n\n\n\n<p>Durante a solenidade, Santana\u00a0destacou a import\u00e2ncia\u00a0dos\u00a0investimentos\u00a0na\u00a0Ufob\u00a0para o\u00a0desenvolvimento regional, enfatizando o alinhamento da oferta de cursos\u00a0estrat\u00e9gicos\u00a0ao crescimento econ\u00f4mico da regi\u00e3o.\u00a0\u201cTenho muita alegria de estar aqui na\u00a0Ufob. \u00c9\u00a0uma regi\u00e3o que vem crescendo muito,\u00a0ent\u00e3o todos os cursos que\u00a0o reitor tem\u00a0planejado\u00a0s\u00e3o\u00a0focados\u00a0na infraestrutura tecnol\u00f3gica,\u00a0pensando na\u00a0ind\u00fastria\u00a0da agropecu\u00e1ria e do agroneg\u00f3cio\u00a0para formamos profissionais que possam atender a demanda do mercado atual\u201d.<\/p>\n\n\n\n<p>Ele\u00a0tamb\u00e9m anunciou novos aportes para constru\u00e7\u00e3o de um\u00a0complexo esportivo\u00a0para\u00a0a universidade\u00a0a pedido dos estudantes durante a sua visita na institui\u00e7\u00e3o.\u00a0\u201cO\u00a0DCE\u00a0[Diret\u00f3rio Central dos Estudantes]\u00a0me\u00a0trouxe\u00a0a dificuldade\u00a0de\u00a0n\u00e3o ter um centro esportivo em nosso campus. Ent\u00e3o,\u00a0anuncio\u00a0aqui,\u00a0publicamente,\u00a0que vamos repassar R$ 2,5 milh\u00f5es para licitar a\u00a0obra,\u00a0no campus de Barreiras\u201d, afirmou.<\/p>\n\n\n\n<p>O\u00a0reitor da\u00a0Ufob, Jacques Ant\u00f4nio de Miranda,\u00a0falou\u00a0sobre\u00a0a\u00a0import\u00e2ncia\u00a0dos investimentos\u00a0e da presen\u00e7a do ministro\u00a0no campus\u00a0para a comunidade acad\u00eamica. \u201cHoje \u00e9 um dia hist\u00f3rico. O\u00a0senhor \u00e9\u00a0o\u00a0primeiro ministro\u00a0no exerc\u00edcio do cargo a visitar este campus, para\u00a0n\u00e3o\u00a0s\u00f3 inaugurar as obras,\u00a0mas\u00a0tamb\u00e9m a\u00a0Ufob.\u00a0As entregas e os an\u00fancios retratam o compromisso do governo federal,\u00a0que reconhece a universidade p\u00fablica\u00a0como instrumento de transforma\u00e7\u00e3o social&#8221;.<\/p>\n\n\n\n<p><strong>Novos\u00a0espa\u00e7os\u00a0\u2013<\/strong>\u00a0No\u00a0Campus\u00a0Barreiras, a\u00a0autoriza\u00e7\u00e3o assinada nesta quarta-feira compreende o in\u00edcio da constru\u00e7\u00e3o do Pavilh\u00e3o de Laborat\u00f3rios das Ci\u00eancias Exatas e das Tecnologias\u00a0no\u00a0campus Barreiras, com valor global de investimento de R$ 3,8 milh\u00f5es.<\/p>\n\n\n\n<p>Para o\u00a0Campus Lu\u00eds Eduardo Magalh\u00e3es, o\u00a0MEC investir\u00e1, por meio do Novo PAC, cerca de R$\u00a04,9 milh\u00f5es\u00a0para a constru\u00e7\u00e3o do\u00a0N\u00facleo I do\u00a0Complexo Did\u00e1tico Multiuso de Biotecnologia e Produ\u00e7\u00e3o. A concep\u00e7\u00e3o do espa\u00e7o, que ter\u00e1 laborat\u00f3rios, salas\u00a0de aula e \u00e1reas de apoio t\u00e9cnico, visa atender a m\u00faltiplas finalidades acad\u00eamicas, articulando ensino, pesquisa e extens\u00e3o em um mesmo espa\u00e7o.\u00a0A\u00a0integra\u00e7\u00e3o fortalece as bases para o desenvolvimento cient\u00edfico e tecnol\u00f3gico regional, especialmente em setores produtivos relevantes do\u00a0Oeste baiano, como o agroneg\u00f3cio e a agroind\u00fastria.<\/p>\n\n\n\n<p>J\u00e1 no\u00a0Campus Bom Jesus da Lapa, ser\u00e3o investidos aproximadamente R$\u00a04,9\u00a0milh\u00f5es nesta unidade, sendo R$ 3,8 milh\u00f5es\u00a0para a constru\u00e7\u00e3o do\u00a0N\u00facleo I do\u00a0Complexo Did\u00e1tico Multiuso das Engenharias\u00a0\u2014\u00a0que permitir\u00e1 a amplia\u00e7\u00e3o da infraestrutura acad\u00eamica e tecnol\u00f3gica da\u00a0Ufob\u00a0\u2014,\u00a0e\u00a0R$ 1,1 milh\u00e3o\u00a0para a edifica\u00e7\u00e3o do\u00a0centro de\u00a0conviv\u00eancia do\u00a0campus\/refeit\u00f3rio e\u00a0lanchonete\u00a0\u2014\u00a0que atende a uma demanda da comunidade acad\u00eamica e faz parte das a\u00e7\u00f5es estruturantes de implanta\u00e7\u00e3o e consolida\u00e7\u00e3o da infraestrutura f\u00edsica universit\u00e1ria.<\/p>\n\n\n\n<p>Para\u00a0a\u00a0coordenadora de gest\u00e3o laboratorial da\u00a0Ufob, professora Luciana Lucas Machado,\u00a0as novas obras fortalecer\u00e3o\u00a0a estrutura acad\u00eamica e cient\u00edfica da institui\u00e7\u00e3o:\u00a0\u201cEsses equipamentos v\u00eam para consolidar principalmente a p\u00f3s-gradua\u00e7\u00e3o da\u00a0Ufob\u00a0em n\u00edvel de mestrado e doutorado, permitindo,\u00a0assim, as an\u00e1lises\u00a0laboratoriais\u00a0e toda\u00a0a\u00a0instrumenta\u00e7\u00e3o utilizada pelos pesquisadores\u201d.<\/p>\n\n\n\n<p><strong>Entregas \u2013<\/strong>\u00a0Durante a cerim\u00f4nia, tamb\u00e9m\u00a0foram\u00a0entregues as reformas\u00a0do pr\u00e9dio da reitoria e da Central Multiusu\u00e1ria\u00a0de\u00a0An\u00e1lise\u00a0do\u00a0Campus Reitor Edgard Santos,\u202fem Barreiras\u00a0(BA).\u00a0O pr\u00e9dio da reitoria passou por uma\u00a0reestrutura\u00e7\u00e3o\u00a0para modernizar e adequar\u00a0os\u00a0seus\u00a0espa\u00e7os. Foram realizadas a substitui\u00e7\u00e3o do telhado dos sete pavilh\u00f5es; a troca e regulariza\u00e7\u00e3o de pisos internos e externos; a instala\u00e7\u00e3o de sinaliza\u00e7\u00e3o t\u00e1til e substitui\u00e7\u00e3o de portas; a pintura dos pavilh\u00f5es; e a amplia\u00e7\u00e3o da sala t\u00e9cnica, incluindo a moderniza\u00e7\u00e3o do sistema de l\u00f3gica e da infraestrutura de rede da reitoria. J\u00e1 a Central Multiusu\u00e1ria de An\u00e1lise passa a contar, ap\u00f3s a reforma, com oito laborat\u00f3rios, um almoxarifado, tr\u00eas salas administrativas e um escrit\u00f3rio compartilhado.<\/p>\n\n\n\n<p><strong>Visita\u00a0\u2013\u00a0<\/strong>Na\u00a0agenda, o ministro tamb\u00e9m visita quatro laborat\u00f3rios da institui\u00e7\u00e3o: o Instituto de Virologia do Oeste da Bahia, que emite laudos t\u00e9cnicos, realiza pesquisas em epidemiologia molecular de v\u00edrus e\u00a0desenvolve\u00a0vacinas; o laborat\u00f3rio de F\u00edsica Moderna, que possui equipamento para o estudo das teorias qu\u00e2ntica e da relatividade; a Central\u00a0Multiusu\u00e1ria de\u00a0An\u00e1lise, que tem a finalidade de produzir an\u00e1lises qu\u00edmicas e f\u00edsico-qu\u00edmicas; e o laborat\u00f3rio de simula\u00e7\u00e3o, que atende \u00e0s necessidades de aulas pr\u00e1ticas de ensino em ci\u00eancias m\u00e9dicas.<\/p>\n\n\n\n<p><strong>Ufob\u00a0\u2013\u00a0<\/strong>A Universidade\u00a0Federal do Oeste da Bahia\u00a0foi criada em 2013, a partir do desmembramento do campus Barreiras da Universidade Federal da Bahia (UFBA). Atualmente, a\u00a0Ufob\u00a0conta com cinco campi: Lu\u00eds Eduardo Magalh\u00e3es,\u00a0Santa\u00a0Maria da Vit\u00f3ria,\u00a0Barra,\u00a0Reitor\u00a0Edgard Santos (Barreiras)\u00a0e Bom Jesus da Lapa. Aproximadamente 3,1 mil estudantes est\u00e3o\u00a0matriculados\u00a0nos 30 cursos de gradua\u00e7\u00e3o, enquanto outros\u00a0mais de\u00a0300\u00a0participam dos 12 programas de p\u00f3s-gradua\u00e7\u00e3o.<\/p>\n\n\n\n<p><strong>Investimentos<\/strong>\u202f\u2013<strong>\u202f<\/strong>Por meio do Novo PAC, o MEC investir\u00e1 cerca de R$ 5,5 bilh\u00f5es na expans\u00e3o e consolida\u00e7\u00e3o das universidades federais e dos hospitais universit\u00e1rios\u00a0de todo o Brasil. O aporte \u00e9 utilizado para come\u00e7ar, retomar e finalizar obras da educa\u00e7\u00e3o superior, para construir novos campi e para fortalecer as estruturas das unidades de sa\u00fade focadas na assist\u00eancia e no ensino. Na\u202fUfob, o MEC repassar\u00e1\u202fcerca de\u00a0R$ 25\u00a0milh\u00f5es\u00a0para\u00a0obras estruturais nos cinco\u00a0campi.\u00a0<\/p>\n\n\n\n<p><strong><em>Assessoria de Comunica\u00e7\u00e3o Social do MEC, com informa\u00e7\u00f5es da Secretaria de Educa\u00e7\u00e3o Superior (Sesu)\u202f<\/em>\u00a0<\/strong><\/p>\n","protected":false},"excerpt":{"rendered":"<p>O Minist\u00e9rio da Educa\u00e7\u00e3o (MEC)\u00a0autorizou,\u00a0nesta\u00a0quarta-feira,\u00a018\u00a0de mar\u00e7o,\u00a0o in\u00edcio\u00a0da constru\u00e7\u00e3o de novos espa\u00e7os\u00a0nos campi Lu\u00eds Eduardo Magalh\u00e3es, Barreiras\u00a0e\u00a0Bom Jesus da Lapa da Universidade Federal do Oeste da Bahia (Ufob), que ocorrem por meio do Novo Programa de Acelera\u00e7\u00e3o do Crescimento (Novo PAC).\u00a0Tamb\u00e9m\u00a0foram\u00a0entregues as reformas\u00a0do pr\u00e9dio da reitoria e da Central Multiusu\u00e1ria\u00a0de\u00a0An\u00e1lise\u00a0da institui\u00e7\u00e3o.\u00a0Ao todo, a universidade recebe investimento [&hellip;]<\/p>\n","protected":false},"author":1,"featured_media":12154,"comment_status":"open","ping_status":"closed","sticky":false,"template":"","format":"standard","meta":{"site-sidebar-layout":"default","site-content-layout":"","ast-site-content-layout":"default","site-content-style":"default","site-sidebar-style":"default","ast-global-header-display":"","ast-banner-title-visibility":"","ast-main-header-display":"","ast-hfb-above-header-display":"","ast-hfb-below-header-display":"","ast-hfb-mobile-header-display":"","site-post-title":"","ast-breadcrumbs-content":"","ast-featured-img":"","footer-sml-layout":"","theme-transparent-header-meta":"","adv-header-id-meta":"","stick-header-meta":"","header-above-stick-meta":"","header-main-stick-meta":"","header-below-stick-meta":"","astra-migrate-meta-layouts":"set","ast-page-background-enabled":"default","ast-page-background-meta":{"desktop":{"background-color":"var(--ast-global-color-4)","background-image":"","background-repeat":"repeat","background-position":"center center","background-size":"auto","background-attachment":"scroll","background-type":"","background-media":"","overlay-type":"","overlay-color":"","overlay-opacity":"","overlay-gradient":""},"tablet":{"background-color":"","background-image":"","background-repeat":"repeat","background-position":"center center","background-size":"auto","background-attachment":"scroll","background-type":"","background-media":"","overlay-type":"","overlay-color":"","overlay-opacity":"","overlay-gradient":""},"mobile":{"background-color":"","background-image":"","background-repeat":"repeat","background-position":"center center","background-size":"auto","background-attachment":"scroll","background-type":"","background-media":"","overlay-type":"","overlay-color":"","overlay-opacity":"","overlay-gradient":""}},"ast-content-background-meta":{"desktop":{"background-color":"var(--ast-global-color-5)","background-image":"","background-repeat":"repeat","background-position":"center center","background-size":"auto","background-attachment":"scroll","background-type":"","background-media":"","overlay-type":"","overlay-color":"","overlay-opacity":"","overlay-gradient":""},"tablet":{"background-color":"var(--ast-global-color-5)","background-image":"","background-repeat":"repeat","background-position":"center center","background-size":"auto","background-attachment":"scroll","background-type":"","background-media":"","overlay-type":"","overlay-color":"","overlay-opacity":"","overlay-gradient":""},"mobile":{"background-color":"var(--ast-global-color-5)","background-image":"","background-repeat":"repeat","background-position":"center center","background-size":"auto","background-attachment":"scroll","background-type":"","background-media":"","overlay-type":"","overlay-color":"","overlay-opacity":"","overlay-gradient":""}},"footnotes":""},"categories":[4],"tags":[],"class_list":["post-12153","post","type-post","status-publish","format-standard","has-post-thumbnail","hentry","category-brasil"],"_links":{"self":[{"href":"https:\/\/maisoeste.com.br\/index.php?rest_route=\/wp\/v2\/posts\/12153","targetHints":{"allow":["GET"]}}],"collection":[{"href":"https:\/\/maisoeste.com.br\/index.php?rest_route=\/wp\/v2\/posts"}],"about":[{"href":"https:\/\/maisoeste.com.br\/index.php?rest_route=\/wp\/v2\/types\/post"}],"author":[{"embeddable":true,"href":"https:\/\/maisoeste.com.br\/index.php?rest_route=\/wp\/v2\/users\/1"}],"replies":[{"embeddable":true,"href":"https:\/\/maisoeste.com.br\/index.php?rest_route=%2Fwp%2Fv2%2Fcomments&post=12153"}],"version-history":[{"count":1,"href":"https:\/\/maisoeste.com.br\/index.php?rest_route=\/wp\/v2\/posts\/12153\/revisions"}],"predecessor-version":[{"id":12155,"href":"https:\/\/maisoeste.com.br\/index.php?rest_route=\/wp\/v2\/posts\/12153\/revisions\/12155"}],"wp:featuredmedia":[{"embeddable":true,"href":"https:\/\/maisoeste.com.br\/index.php?rest_route=\/wp\/v2\/media\/12154"}],"wp:attachment":[{"href":"https:\/\/maisoeste.com.br\/index.php?rest_route=%2Fwp%2Fv2%2Fmedia&parent=12153"}],"wp:term":[{"taxonomy":"category","embeddable":true,"href":"https:\/\/maisoeste.com.br\/index.php?rest_route=%2Fwp%2Fv2%2Fcategories&post=12153"},{"taxonomy":"post_tag","embeddable":true,"href":"https:\/\/maisoeste.com.br\/index.php?rest_route=%2Fwp%2Fv2%2Ftags&post=12153"}],"curies":[{"name":"wp","href":"https:\/\/api.w.org\/{rel}","templated":true}]}}