{"id":12163,"date":"2026-03-19T12:43:18","date_gmt":"2026-03-19T15:43:18","guid":{"rendered":"https:\/\/maisoeste.com.br\/?p=12163"},"modified":"2026-03-19T15:29:38","modified_gmt":"2026-03-19T18:29:38","slug":"camara-de-barreiras-confirma-a-inauguracao-da-procuradoria-da-mulher","status":"publish","type":"post","link":"https:\/\/maisoeste.com.br\/?p=12163","title":{"rendered":"C\u00e2mara de Barreiras confirma a inaugura\u00e7\u00e3o da Procuradoria da Mulher"},"content":{"rendered":"\n<p> Na sess\u00e3o ordin\u00e1ria da noite de ter\u00e7a-feira (17), o presidente Yure Ramon firmou o compromisso com a popula\u00e7\u00e3o feminina barreirense, de inaugurar a Procuradoria da Mulher na C\u00e2mara Municipal de Barreiras.<\/p>\n\n\n\n<p>\u201cNa condi\u00e7\u00e3o de presidente desta casa quero assumir um compromisso com a vereadora Silma e com as mulheres de Barreiras, antes de trinta dias iremos inaugurar a procuradoria da mulher nesta c\u00e2mara\u201d, afirmou o presidente Yure Ramon.<\/p>\n\n\n\n<p>A discuss\u00e3o da pauta foi iniciada pela vereadora e presidente da Comiss\u00e3o da Mulher, Silma Alves, que em seu pronunciamento trouxe para o plen\u00e1rio o tema sobre o Dia Internacional da Mulher, destacando as suas indica\u00e7\u00f5es voltadas para o desenvolvimento de pol\u00edticas p\u00fablicas para a popula\u00e7\u00e3o feminina, em especial, a implanta\u00e7\u00e3o da Procuradoria da Mulher na Casa Legislativa.<\/p>\n\n\n\n<p>\u201cReafirmo o meu compromisso com o desenvolvimento de pol\u00edticas p\u00fablicas que valorizem, protejam e garantam mais direitos \u00e0s mulheres. Tenho protocolado in\u00fameras indica\u00e7\u00f5es importantes que valorizam as mulheres do nosso munic\u00edpio, entre elas, a cria\u00e7\u00e3o da secretaria da mulher e a implanta\u00e7\u00e3o da procuradoria da mulher nessa casa legislativa. Nesta casa, a maioria dos nossos atendimentos no jur\u00eddico s\u00e3o procurados por mulheres que enfrentam v\u00e1rios desafios e lutas constantes nos seus lares, no trabalho\u201d, pontuou a vereadora Irm\u00e3 Silma.<\/p>\n\n\n\n<p>A Procuradoria da Mulher foi criada por meio da Resolu\u00e7\u00e3o n\u00ba 085\/2023, de 11 de Abril de 2023. Compete \u00e0 Procuradoria da Mulher zelar pela participa\u00e7\u00e3o mais efetiva das vereadoras nos \u00f3rg\u00e3os e nas atividades da C\u00e2mara. E ainda, receber, examinar e encaminhar aos \u00f3rg\u00e3os competentes den\u00fancias de viol\u00eancia e discrimina\u00e7\u00e3o contra a mulher, contribuir com a implanta\u00e7\u00e3o e implementa\u00e7\u00e3o de pol\u00edticas p\u00fablicas municipais de equidade, entre outros, que podem ser consultados no site da C\u00e2mara Municipal de Barreiras.<\/p>\n\n\n\n<p>Ascom<\/p>\n","protected":false},"excerpt":{"rendered":"<p>Na sess\u00e3o ordin\u00e1ria da noite de ter\u00e7a-feira (17), o presidente Yure Ramon firmou o compromisso com a popula\u00e7\u00e3o feminina barreirense, de inaugurar a Procuradoria da Mulher na C\u00e2mara Municipal de Barreiras. \u201cNa condi\u00e7\u00e3o de presidente desta casa quero assumir um compromisso com a vereadora Silma e com as mulheres de Barreiras, antes de trinta dias [&hellip;]<\/p>\n","protected":false},"author":1,"featured_media":12164,"comment_status":"open","ping_status":"closed","sticky":false,"template":"","format":"standard","meta":{"site-sidebar-layout":"default","site-content-layout":"","ast-site-content-layout":"default","site-content-style":"default","site-sidebar-style":"default","ast-global-header-display":"","ast-banner-title-visibility":"","ast-main-header-display":"","ast-hfb-above-header-display":"","ast-hfb-below-header-display":"","ast-hfb-mobile-header-display":"","site-post-title":"","ast-breadcrumbs-content":"","ast-featured-img":"","footer-sml-layout":"","theme-transparent-header-meta":"","adv-header-id-meta":"","stick-header-meta":"","header-above-stick-meta":"","header-main-stick-meta":"","header-below-stick-meta":"","astra-migrate-meta-layouts":"set","ast-page-background-enabled":"default","ast-page-background-meta":{"desktop":{"background-color":"var(--ast-global-color-4)","background-image":"","background-repeat":"repeat","background-position":"center center","background-size":"auto","background-attachment":"scroll","background-type":"","background-media":"","overlay-type":"","overlay-color":"","overlay-opacity":"","overlay-gradient":""},"tablet":{"background-color":"","background-image":"","background-repeat":"repeat","background-position":"center center","background-size":"auto","background-attachment":"scroll","background-type":"","background-media":"","overlay-type":"","overlay-color":"","overlay-opacity":"","overlay-gradient":""},"mobile":{"background-color":"","background-image":"","background-repeat":"repeat","background-position":"center center","background-size":"auto","background-attachment":"scroll","background-type":"","background-media":"","overlay-type":"","overlay-color":"","overlay-opacity":"","overlay-gradient":""}},"ast-content-background-meta":{"desktop":{"background-color":"var(--ast-global-color-5)","background-image":"","background-repeat":"repeat","background-position":"center center","background-size":"auto","background-attachment":"scroll","background-type":"","background-media":"","overlay-type":"","overlay-color":"","overlay-opacity":"","overlay-gradient":""},"tablet":{"background-color":"var(--ast-global-color-5)","background-image":"","background-repeat":"repeat","background-position":"center center","background-size":"auto","background-attachment":"scroll","background-type":"","background-media":"","overlay-type":"","overlay-color":"","overlay-opacity":"","overlay-gradient":""},"mobile":{"background-color":"var(--ast-global-color-5)","background-image":"","background-repeat":"repeat","background-position":"center center","background-size":"auto","background-attachment":"scroll","background-type":"","background-media":"","overlay-type":"","overlay-color":"","overlay-opacity":"","overlay-gradient":""}},"footnotes":""},"categories":[84],"tags":[],"class_list":["post-12163","post","type-post","status-publish","format-standard","has-post-thumbnail","hentry","category-politica"],"_links":{"self":[{"href":"https:\/\/maisoeste.com.br\/index.php?rest_route=\/wp\/v2\/posts\/12163","targetHints":{"allow":["GET"]}}],"collection":[{"href":"https:\/\/maisoeste.com.br\/index.php?rest_route=\/wp\/v2\/posts"}],"about":[{"href":"https:\/\/maisoeste.com.br\/index.php?rest_route=\/wp\/v2\/types\/post"}],"author":[{"embeddable":true,"href":"https:\/\/maisoeste.com.br\/index.php?rest_route=\/wp\/v2\/users\/1"}],"replies":[{"embeddable":true,"href":"https:\/\/maisoeste.com.br\/index.php?rest_route=%2Fwp%2Fv2%2Fcomments&post=12163"}],"version-history":[{"count":2,"href":"https:\/\/maisoeste.com.br\/index.php?rest_route=\/wp\/v2\/posts\/12163\/revisions"}],"predecessor-version":[{"id":12169,"href":"https:\/\/maisoeste.com.br\/index.php?rest_route=\/wp\/v2\/posts\/12163\/revisions\/12169"}],"wp:featuredmedia":[{"embeddable":true,"href":"https:\/\/maisoeste.com.br\/index.php?rest_route=\/wp\/v2\/media\/12164"}],"wp:attachment":[{"href":"https:\/\/maisoeste.com.br\/index.php?rest_route=%2Fwp%2Fv2%2Fmedia&parent=12163"}],"wp:term":[{"taxonomy":"category","embeddable":true,"href":"https:\/\/maisoeste.com.br\/index.php?rest_route=%2Fwp%2Fv2%2Fcategories&post=12163"},{"taxonomy":"post_tag","embeddable":true,"href":"https:\/\/maisoeste.com.br\/index.php?rest_route=%2Fwp%2Fv2%2Ftags&post=12163"}],"curies":[{"name":"wp","href":"https:\/\/api.w.org\/{rel}","templated":true}]}}