{"id":12166,"date":"2026-03-19T12:46:27","date_gmt":"2026-03-19T15:46:27","guid":{"rendered":"https:\/\/maisoeste.com.br\/?p=12166"},"modified":"2026-03-19T12:46:28","modified_gmt":"2026-03-19T15:46:28","slug":"atividades-legislativas-terao-novo-horario-na-camara-de-barreiras","status":"publish","type":"post","link":"https:\/\/maisoeste.com.br\/?p=12166","title":{"rendered":"Atividades legislativas ter\u00e3o novo hor\u00e1rio na C\u00e2mara de Barreiras"},"content":{"rendered":"\n<p>A C\u00e2mara Municipal de Barreiras ter\u00e1 novo hor\u00e1rio para realiza\u00e7\u00e3o das atividades legislativas. O Projeto de Resolu\u00e7\u00e3o n\u00ba 01\/2026, foi aprovado na sess\u00e3o ordin\u00e1ria de quarta-feira (18), em duas vota\u00e7\u00f5es com 13 votos a favor e seis contra.<\/p>\n\n\n\n<p>O PR que altera o Par\u00e1grafo \u00danico do Art. 5\u00ba do Regimento Interno da C\u00e2mara Municipal de Barreiras, que passa a vigorar na pr\u00f3xima segunda-feira (23). As Sess\u00f5es Ordin\u00e1rias na segunda-feira e ter\u00e7a-feira, com in\u00edcio \u00e0s 9:30h. As Tribunas Populares ser\u00e3o realizadas \u00e0s ter\u00e7as no hor\u00e1rio reservado \u00e0s Sess\u00f5es Ordin\u00e1rias e as Audi\u00eancias P\u00fablicas, quando convocadas, dever\u00e3o ser realizadas \u00e0s quartas, quintas e sextas, obrigatoriamente dentro do per\u00edodo de funcionamento da Casa. As Sess\u00f5es Solenes acontecer\u00e3o \u00e0s ter\u00e7as-feiras no turno da noite, automaticamente sem realiza\u00e7\u00e3o de Sess\u00e3o Ordin\u00e1ria no per\u00edodo da manh\u00e3. Ainda de acordo com PR, as Sess\u00f5es Extraordin\u00e1rias devem ser convocadas com anteced\u00eancia m\u00ednima de 24 horas e realizadas em qualquer dia e hor\u00e1rio.<\/p>\n\n\n\n<p>O presidente Yure Ramon, destacou que a mudan\u00e7a no hor\u00e1rio das atividades legislativas possibilita a aproxima\u00e7\u00e3o entre o mandato e o cidad\u00e3o e, contribuiu com a redu\u00e7\u00e3o das despesas da C\u00e2mara de Vereadores. \u201cEssa mudan\u00e7a visa aprimorar a gest\u00e3o dos recursos operacionais, como a ilumina\u00e7\u00e3o e a manuten\u00e7\u00e3o das instala\u00e7\u00f5es, focando todas as atividades em apenas um turno. Fomenta a participa\u00e7\u00e3o da popula\u00e7\u00e3o nas discuss\u00f5es do plen\u00e1rio tornando o espa\u00e7o p\u00fablico efetivamente mais acess\u00edvel para pessoas com dificuldade de locomo\u00e7\u00e3o, como os moradores da zona rural. Esse novo modelo tamb\u00e9m favorece a transpar\u00eancia desta casa, possibilitando as delibera\u00e7\u00f5es e protocolos dentro do hor\u00e1rio administrativo\u201d, concluiu o vereador Yure Ramon.<\/p>\n\n\n\n<p>O Projeto de Resolu\u00e7\u00e3o n\u00ba 01\/2026 pode ser acessado no Portal da Transpar\u00eancia do site da C\u00e2mara Municipal de Barreiras em Atividades Legislativas.<\/p>\n\n\n\n<p>Ascom<\/p>\n","protected":false},"excerpt":{"rendered":"<p>A C\u00e2mara Municipal de Barreiras ter\u00e1 novo hor\u00e1rio para realiza\u00e7\u00e3o das atividades legislativas. O Projeto de Resolu\u00e7\u00e3o n\u00ba 01\/2026, foi aprovado na sess\u00e3o ordin\u00e1ria de quarta-feira (18), em duas vota\u00e7\u00f5es com 13 votos a favor e seis contra. O PR que altera o Par\u00e1grafo \u00danico do Art. 5\u00ba do Regimento Interno da C\u00e2mara Municipal de [&hellip;]<\/p>\n","protected":false},"author":1,"featured_media":12167,"comment_status":"open","ping_status":"closed","sticky":false,"template":"","format":"standard","meta":{"site-sidebar-layout":"default","site-content-layout":"","ast-site-content-layout":"default","site-content-style":"default","site-sidebar-style":"default","ast-global-header-display":"","ast-banner-title-visibility":"","ast-main-header-display":"","ast-hfb-above-header-display":"","ast-hfb-below-header-display":"","ast-hfb-mobile-header-display":"","site-post-title":"","ast-breadcrumbs-content":"","ast-featured-img":"","footer-sml-layout":"","theme-transparent-header-meta":"","adv-header-id-meta":"","stick-header-meta":"","header-above-stick-meta":"","header-main-stick-meta":"","header-below-stick-meta":"","astra-migrate-meta-layouts":"set","ast-page-background-enabled":"default","ast-page-background-meta":{"desktop":{"background-color":"var(--ast-global-color-4)","background-image":"","background-repeat":"repeat","background-position":"center center","background-size":"auto","background-attachment":"scroll","background-type":"","background-media":"","overlay-type":"","overlay-color":"","overlay-opacity":"","overlay-gradient":""},"tablet":{"background-color":"","background-image":"","background-repeat":"repeat","background-position":"center center","background-size":"auto","background-attachment":"scroll","background-type":"","background-media":"","overlay-type":"","overlay-color":"","overlay-opacity":"","overlay-gradient":""},"mobile":{"background-color":"","background-image":"","background-repeat":"repeat","background-position":"center center","background-size":"auto","background-attachment":"scroll","background-type":"","background-media":"","overlay-type":"","overlay-color":"","overlay-opacity":"","overlay-gradient":""}},"ast-content-background-meta":{"desktop":{"background-color":"var(--ast-global-color-5)","background-image":"","background-repeat":"repeat","background-position":"center center","background-size":"auto","background-attachment":"scroll","background-type":"","background-media":"","overlay-type":"","overlay-color":"","overlay-opacity":"","overlay-gradient":""},"tablet":{"background-color":"var(--ast-global-color-5)","background-image":"","background-repeat":"repeat","background-position":"center center","background-size":"auto","background-attachment":"scroll","background-type":"","background-media":"","overlay-type":"","overlay-color":"","overlay-opacity":"","overlay-gradient":""},"mobile":{"background-color":"var(--ast-global-color-5)","background-image":"","background-repeat":"repeat","background-position":"center center","background-size":"auto","background-attachment":"scroll","background-type":"","background-media":"","overlay-type":"","overlay-color":"","overlay-opacity":"","overlay-gradient":""}},"footnotes":""},"categories":[84],"tags":[],"class_list":["post-12166","post","type-post","status-publish","format-standard","has-post-thumbnail","hentry","category-politica"],"_links":{"self":[{"href":"https:\/\/maisoeste.com.br\/index.php?rest_route=\/wp\/v2\/posts\/12166","targetHints":{"allow":["GET"]}}],"collection":[{"href":"https:\/\/maisoeste.com.br\/index.php?rest_route=\/wp\/v2\/posts"}],"about":[{"href":"https:\/\/maisoeste.com.br\/index.php?rest_route=\/wp\/v2\/types\/post"}],"author":[{"embeddable":true,"href":"https:\/\/maisoeste.com.br\/index.php?rest_route=\/wp\/v2\/users\/1"}],"replies":[{"embeddable":true,"href":"https:\/\/maisoeste.com.br\/index.php?rest_route=%2Fwp%2Fv2%2Fcomments&post=12166"}],"version-history":[{"count":1,"href":"https:\/\/maisoeste.com.br\/index.php?rest_route=\/wp\/v2\/posts\/12166\/revisions"}],"predecessor-version":[{"id":12168,"href":"https:\/\/maisoeste.com.br\/index.php?rest_route=\/wp\/v2\/posts\/12166\/revisions\/12168"}],"wp:featuredmedia":[{"embeddable":true,"href":"https:\/\/maisoeste.com.br\/index.php?rest_route=\/wp\/v2\/media\/12167"}],"wp:attachment":[{"href":"https:\/\/maisoeste.com.br\/index.php?rest_route=%2Fwp%2Fv2%2Fmedia&parent=12166"}],"wp:term":[{"taxonomy":"category","embeddable":true,"href":"https:\/\/maisoeste.com.br\/index.php?rest_route=%2Fwp%2Fv2%2Fcategories&post=12166"},{"taxonomy":"post_tag","embeddable":true,"href":"https:\/\/maisoeste.com.br\/index.php?rest_route=%2Fwp%2Fv2%2Ftags&post=12166"}],"curies":[{"name":"wp","href":"https:\/\/api.w.org\/{rel}","templated":true}]}}