{"id":12239,"date":"2026-03-23T06:46:14","date_gmt":"2026-03-23T09:46:14","guid":{"rendered":"https:\/\/maisoeste.com.br\/?p=12239"},"modified":"2026-03-23T06:46:18","modified_gmt":"2026-03-23T09:46:18","slug":"duas-pessoas-morrem-apos-aviao-colidir-com-veiculo-em-aeroporto-de-nova-york","status":"publish","type":"post","link":"https:\/\/maisoeste.com.br\/?p=12239","title":{"rendered":"Duas pessoas morrem ap\u00f3s avi\u00e3o colidir com ve\u00edculo em aeroporto de Nova York"},"content":{"rendered":"\n<p>Um avi\u00e3o da Air Canada Express&nbsp;<strong>colidiu com um caminh\u00e3o de bombeiros da autoridade portu\u00e1ria<\/strong>&nbsp;no Aeroporto LaGuardia, em Nova York, por volta das 23h40 deste domingo (22), causando o<strong>&nbsp;fechamento do aeroporto .&nbsp;<\/strong>Duas pessoas morreram, informaram fontes da rede de televis\u00e3o NBC e Associated Press. Outras duas pessoas est\u00e3o feridas.<\/p>\n\n\n\n<p>Dois funcion\u00e1rios da autoridade portu\u00e1ria que estavam no ve\u00edculo ficaram feridos.<\/p>\n\n\n\n<p>A Administra\u00e7\u00e3o Federal de Avia\u00e7\u00e3o dos EUA (FAA) emitiu uma ordem de interrup\u00e7\u00e3o de solo para todos os avi\u00f5es no aeroporto. Ou seja, voos que fariam viagem em dire\u00e7\u00e3o ao La Guardia n\u00e3o devem decolar.&nbsp;<strong>A previs\u00e3o \u00e9 que o aeroporto fique fechado at\u00e9 o fim da tarde desta segunda (23).<\/strong><\/p>\n\n\n\n<p>O site do LaGuardia mostrou que os avi\u00f5es que chegavam foram desviados para outros aeroportos ou retornaram ao ponto de origem.<\/p>\n\n\n\n<p>Em imagens divulgadas nas redes sociais, \u00e9 poss\u00edvel ver&nbsp;<strong>o nariz da aeronave levantado e danificado<\/strong>. Segundo o FlightRadar24, os passageiros j\u00e1 teriam desembarcado quando o acidente ocorreu.<\/p>\n\n\n\n<p>A aeronave CRJ-900 atingiu o ve\u00edculo a uma velocidade de cerca de 39 km\/h, informou o Flightradar24. O voo partiu do Aeroporto Internacional Montr\u00e9al-Pierre Elliott Trudeau, o principal aeroporto que atende Montreal, no Canad\u00e1.<\/p>\n\n\n\n<p>O jato era operado pela Jazz Aviation, parceira regional da Air Canada. Segundo nota divulgada pela operadora, a aeronave transportava 72 passageiros e quatro tripulantes.<\/p>\n\n\n\n<h2 class=\"wp-block-heading\">Falta de pessoal impacta aeroportos nos EUA<\/h2>\n\n\n\n<p>Apesar de n\u00e3o haver confirma\u00e7\u00e3o da liga\u00e7\u00e3o entre a falta de pessoal e o acidente envolvendo a aeronave CRJ-900, os aeroportos dos Estados Unidos sofrem h\u00e1 meses com n\u00famero reduzido de funcion\u00e1rios.<\/p>\n\n\n\n<p>O presidente dos Estados Unidos, Donald Trump, disse neste domingo (22) que agentes do Servi\u00e7o de Imigra\u00e7\u00e3o e Alf\u00e2ndega (ICE, na sigla em ingl\u00eas) v\u00e3o atuar em aeroportos do pa\u00eds a partir desta segunda-feira (23) para ajudar funcion\u00e1rios da Administra\u00e7\u00e3o de Seguran\u00e7a no Transporte (TSA).<\/p>\n\n\n\n<p>Trump j\u00e1 havia feito essa amea\u00e7a no s\u00e1bado, caso senadores democratas n\u00e3o aprovem o projeto de or\u00e7amento do Departamento de Seguran\u00e7a Interna.<\/p>\n\n\n\n<p>\u201cNa segunda-feira, o ICE ir\u00e1 aos aeroportos para ajudar nossos maravilhosos agentes da TSA que permaneceram no trabalho\u201d, disse ele em uma publica\u00e7\u00e3o no Truth Social no domingo.<\/p>\n\n\n\n<ul class=\"wp-block-list\">\n<li>A amea\u00e7a foi uma tentativa de Trump de pressionar os senadores, que na sexta-feira (20) vetaram o projeto de or\u00e7amento do Departamento de Seguran\u00e7a Interna. O impasse ocorre porque os democratas exigem mudan\u00e7as nas pr\u00e1ticas do ICE, ap\u00f3s a onda de protestos por conta das mortes de dois cidad\u00e3os norte-americanos, Ren\u00e9e Good e Alex Pretti, por agentes de imigra\u00e7\u00e3o em Minnesota (leia mais abaixo).<\/li>\n<\/ul>\n\n\n\n<p>Com isso, as verbas para o Departamento de Seguran\u00e7a Interna est\u00e3o congeladas, e muitos funcion\u00e1rios de seguran\u00e7a aeroportu\u00e1ria pararam de trabalhar porque n\u00e3o est\u00e3o recebendo sal\u00e1rios. A paralisa\u00e7\u00e3o gerou grandes filas nos principais aeroportos dos Estados Unidos neste s\u00e1bado.<\/p>\n\n\n\n<ul class=\"wp-block-list\">\n<li>A grande maioria dos funcion\u00e1rios da TSA \u00e9 considerada essencial e continua trabalhando durante a suspens\u00e3o do financiamento governamental, mas sem receber sal\u00e1rio. Ainda assim, muitos deles t\u00eam faltado, alegando motivos de sa\u00fade diante da falta de sal\u00e1rios.<\/li>\n<\/ul>\n\n\n\n<p>Fonte\/\/G1<\/p>\n","protected":false},"excerpt":{"rendered":"<p>Um avi\u00e3o da Air Canada Express&nbsp;colidiu com um caminh\u00e3o de bombeiros da autoridade portu\u00e1ria&nbsp;no Aeroporto LaGuardia, em Nova York, por volta das 23h40 deste domingo (22), causando o&nbsp;fechamento do aeroporto .&nbsp;Duas pessoas morreram, informaram fontes da rede de televis\u00e3o NBC e Associated Press. Outras duas pessoas est\u00e3o feridas. Dois funcion\u00e1rios da autoridade portu\u00e1ria que estavam [&hellip;]<\/p>\n","protected":false},"author":1,"featured_media":12240,"comment_status":"open","ping_status":"closed","sticky":false,"template":"","format":"standard","meta":{"site-sidebar-layout":"default","site-content-layout":"","ast-site-content-layout":"default","site-content-style":"default","site-sidebar-style":"default","ast-global-header-display":"","ast-banner-title-visibility":"","ast-main-header-display":"","ast-hfb-above-header-display":"","ast-hfb-below-header-display":"","ast-hfb-mobile-header-display":"","site-post-title":"","ast-breadcrumbs-content":"","ast-featured-img":"","footer-sml-layout":"","theme-transparent-header-meta":"","adv-header-id-meta":"","stick-header-meta":"","header-above-stick-meta":"","header-main-stick-meta":"","header-below-stick-meta":"","astra-migrate-meta-layouts":"set","ast-page-background-enabled":"default","ast-page-background-meta":{"desktop":{"background-color":"var(--ast-global-color-4)","background-image":"","background-repeat":"repeat","background-position":"center center","background-size":"auto","background-attachment":"scroll","background-type":"","background-media":"","overlay-type":"","overlay-color":"","overlay-opacity":"","overlay-gradient":""},"tablet":{"background-color":"","background-image":"","background-repeat":"repeat","background-position":"center center","background-size":"auto","background-attachment":"scroll","background-type":"","background-media":"","overlay-type":"","overlay-color":"","overlay-opacity":"","overlay-gradient":""},"mobile":{"background-color":"","background-image":"","background-repeat":"repeat","background-position":"center center","background-size":"auto","background-attachment":"scroll","background-type":"","background-media":"","overlay-type":"","overlay-color":"","overlay-opacity":"","overlay-gradient":""}},"ast-content-background-meta":{"desktop":{"background-color":"var(--ast-global-color-5)","background-image":"","background-repeat":"repeat","background-position":"center center","background-size":"auto","background-attachment":"scroll","background-type":"","background-media":"","overlay-type":"","overlay-color":"","overlay-opacity":"","overlay-gradient":""},"tablet":{"background-color":"var(--ast-global-color-5)","background-image":"","background-repeat":"repeat","background-position":"center center","background-size":"auto","background-attachment":"scroll","background-type":"","background-media":"","overlay-type":"","overlay-color":"","overlay-opacity":"","overlay-gradient":""},"mobile":{"background-color":"var(--ast-global-color-5)","background-image":"","background-repeat":"repeat","background-position":"center center","background-size":"auto","background-attachment":"scroll","background-type":"","background-media":"","overlay-type":"","overlay-color":"","overlay-opacity":"","overlay-gradient":""}},"footnotes":""},"categories":[4],"tags":[],"class_list":["post-12239","post","type-post","status-publish","format-standard","has-post-thumbnail","hentry","category-brasil"],"_links":{"self":[{"href":"https:\/\/maisoeste.com.br\/index.php?rest_route=\/wp\/v2\/posts\/12239","targetHints":{"allow":["GET"]}}],"collection":[{"href":"https:\/\/maisoeste.com.br\/index.php?rest_route=\/wp\/v2\/posts"}],"about":[{"href":"https:\/\/maisoeste.com.br\/index.php?rest_route=\/wp\/v2\/types\/post"}],"author":[{"embeddable":true,"href":"https:\/\/maisoeste.com.br\/index.php?rest_route=\/wp\/v2\/users\/1"}],"replies":[{"embeddable":true,"href":"https:\/\/maisoeste.com.br\/index.php?rest_route=%2Fwp%2Fv2%2Fcomments&post=12239"}],"version-history":[{"count":1,"href":"https:\/\/maisoeste.com.br\/index.php?rest_route=\/wp\/v2\/posts\/12239\/revisions"}],"predecessor-version":[{"id":12241,"href":"https:\/\/maisoeste.com.br\/index.php?rest_route=\/wp\/v2\/posts\/12239\/revisions\/12241"}],"wp:featuredmedia":[{"embeddable":true,"href":"https:\/\/maisoeste.com.br\/index.php?rest_route=\/wp\/v2\/media\/12240"}],"wp:attachment":[{"href":"https:\/\/maisoeste.com.br\/index.php?rest_route=%2Fwp%2Fv2%2Fmedia&parent=12239"}],"wp:term":[{"taxonomy":"category","embeddable":true,"href":"https:\/\/maisoeste.com.br\/index.php?rest_route=%2Fwp%2Fv2%2Fcategories&post=12239"},{"taxonomy":"post_tag","embeddable":true,"href":"https:\/\/maisoeste.com.br\/index.php?rest_route=%2Fwp%2Fv2%2Ftags&post=12239"}],"curies":[{"name":"wp","href":"https:\/\/api.w.org\/{rel}","templated":true}]}}