{"id":12307,"date":"2026-03-25T11:23:01","date_gmt":"2026-03-25T14:23:01","guid":{"rendered":"https:\/\/maisoeste.com.br\/?p=12307"},"modified":"2026-03-25T11:23:03","modified_gmt":"2026-03-25T14:23:03","slug":"da-persuasao-a-mobilizacao-o-que-esta-em-jogo-nas-eleicoes-de-2006","status":"publish","type":"post","link":"https:\/\/maisoeste.com.br\/?p=12307","title":{"rendered":"Da persuas\u00e3o \u00e0 mobiliza\u00e7\u00e3o: o que est\u00e1 em jogo nas elei\u00e7\u00f5es de 2006"},"content":{"rendered":"\n<p>H\u00e1 uma grande disson\u00e2ncia entre os indicadores econ\u00f4micos oficiais (PIB em crescimento, infla\u00e7\u00e3o controlada e desemprego baixo) e a percep\u00e7\u00e3o da maioria dos brasileiros, onde 43% afirmam que a economia piorou e 61% dizem ter menos poder de compra. A chave para essa contradi\u00e7\u00e3o \u00e9 o conceito de affordability (rela\u00e7\u00e3o entre renda e custo de vida).<\/p>\n\n\n\n<p>Segundo a Quaest, 55% dos entrevistados se sentem frustrados, pois reconhecem que ganham mais, mas a vida n\u00e3o melhorou devido \u00e0 explos\u00e3o do custo de vida. Este paradoxo impede que os bons n\u00fameros oficiais se traduzam em dividendos pol\u00edticos para a reelei\u00e7\u00e3o do presidente Lula, refletindo uma tend\u00eancia global de enfraquecimento da correla\u00e7\u00e3o entre sentimento econ\u00f4mico e aprova\u00e7\u00e3o presidencial.<\/p>\n\n\n\n<p><strong>Gratid\u00e3o n\u00e3o se traduz em votos<br><\/strong>Apesar de o Governo Federal apresentar um pacote robusto de &#8220;entregas&#8221; e pol\u00edticas sociais, como o Bolsa Fam\u00edlia, que historicamente beneficiaria os incumbentes, os dados mostram que a aprova\u00e7\u00e3o do governo n\u00e3o registra saldo positivo h\u00e1 mais de um ano. Isso ocorre porque a \u201cdin\u00e2mica da gratid\u00e3o autom\u00e1tica\u201d parece ter se esgotado.<\/p>\n\n\n\n<p>Para cerca de 70% dos brasileiros, os programas sociais deixaram de ser vistos como favores e passaram a ser percebidos como direitos consolidados, uma vez que a rede de prote\u00e7\u00e3o foi mantida e ampliada por governos anteriores (Jair Bolsonaro e o Congresso). O desafio da comunica\u00e7\u00e3o pol\u00edtica \u00e9 reconstruir a narrativa, mostrando que as escolhas pol\u00edticas concretas (votar em A ou B) levam a desfechos diferentes na vida das pessoas.<\/p>\n\n\n\n<p><strong>Um pa\u00eds que se descobriu mais \u00e0 direita<br><\/strong>Com a perda de for\u00e7a explicativa da economia e das entregas de governo, os valores ganharam espa\u00e7o na explica\u00e7\u00e3o do voto. O Brasil passou por um deslocamento para posi\u00e7\u00f5es mais conservadoras e tradicionais. A autodeclara\u00e7\u00e3o de direita aumentou de 28% para 36% desde 2007, e a de centro subiu de 28% para 37%. A esquerda, por sua vez, recuou a 23%. A maior novidade \u00e9 que apenas 4% permanecem indefinidos, em compara\u00e7\u00e3o com 22% em 2007.<\/p>\n\n\n\n<p>Essa migra\u00e7\u00e3o se deu porque o discurso da direita conseguiu organizar valores conservadores que antes n\u00e3o se reconheciam em nenhum projeto pol\u00edtico. Curiosamente, a juventude, embora mais conservadora em alguns temas, tende a buscar o centro e rejeitar a polariza\u00e7\u00e3o, abrindo uma oportunidade para discursos menos bin\u00e1rios em 2026.<\/p>\n\n\n\n<p><strong>Lula, direita, bolsonarismo e a calcifica\u00e7\u00e3o do eleitorado<br><\/strong>Os valores influenciam a percep\u00e7\u00e3o das lideran\u00e7as, ilustrando a confus\u00e3o do eleitorado: 45% veem Lula como um radical de esquerda. O eleitorado est\u00e1 praticamente calcificado e dividido em dois grandes blocos de 35% cada: um alinhado a Lula (lulismo, maior que a esquerda) e outro alinhado \u00e0 direita (maior que o bolsonarismo).<\/p>\n\n\n\n<p>A calcifica\u00e7\u00e3o \u00e9 o processo, descrito por Nunes e Traumann (Biografia do Abismo), em que o eleitor se agarra ao seu campo pol\u00edtico por medo da vit\u00f3ria do &#8220;outro lado&#8221;, transformando grupos de apoio em &#8220;f\u00e3-clubes&#8221; menos perme\u00e1veis \u00e0 persuas\u00e3o. Essa din\u00e2mica \u00e9 alimentada por uma polariza\u00e7\u00e3o imaginada, onde os eleitores superestimam o peso dos extremos (pensam que h\u00e1 35% de lulistas e 32% de bolsonaristas, enquanto os n\u00fameros reais s\u00e3o 20% e 13%, respectivamente), o que refor\u00e7a o clima de &#8220;guerra cultural&#8221;.<\/p>\n\n\n\n<p><strong>A batalha de 2026: mais mobilizar do que convencer<br><\/strong>A elei\u00e7\u00e3o de 2026 tende a ser uma disputa pautada pelo desejo de mudan\u00e7a. As simula\u00e7\u00f5es da Quaest indicam um quadro competitivo, com Lula operando pr\u00f3ximo ao seu piso e com dificuldades para crescer entre os independentes (cerca de 25%). Fl\u00e1vio Bolsonaro replica o movimento, consolidando seu campo e crescendo entre os independentes (18%). No entanto, o centro \u00e9 enganoso: embora 29% dos eleitores se posicionem no meio, uma grande parte \u00e9 ap\u00e1tica e desinteressada da vida p\u00fablica.<\/p>\n\n\n\n<p>Diante de um eleitorado calcificado e um centro reduzido e desinteressado, a l\u00f3gica da campanha se desloca da persuas\u00e3o (mudar a opini\u00e3o) para a mobiliza\u00e7\u00e3o (levar o eleitor a votar). Com absten\u00e7\u00f5es crescentes, a margem de decis\u00e3o se torna estreita, e o que decidir\u00e1 a elei\u00e7\u00e3o \u00e9 a capacidade de transformar simpatizantes em militantes e eleitores desanimados em participantes ativos.<\/p>\n\n\n\n<p>Desafios e oportunidades para 2026<br>F\u00f3rmulas simples ser\u00e3o insuficientes em 2026. Governos n\u00e3o podem mais confiar apenas em n\u00fameros econ\u00f4micos positivos, pois o eleitor prioriza a capacidade real de pagar o custo de vida. Da mesma forma, programas sociais n\u00e3o garantem mais votos automaticamente.<\/p>\n\n\n\n<p>Oportunidades surgem no espa\u00e7o dos valores e da narrativa. Partidos e candidatos que souberem equilibrar o entendimento do pa\u00eds mais conservador com a demanda por modera\u00e7\u00e3o da juventude ter\u00e3o vantagem. A disputa ser\u00e1 travada sobre um centro pequeno e de baixa energia c\u00edvica, e a prioridade das campanhas ser\u00e1 mobilizar afetos e contar uma hist\u00f3ria convincente sobre como decis\u00f5es pol\u00edticas produzem ou n\u00e3o uma vida melhor.<\/p>\n\n\n\n<p>A m\u00e1xima que resume 2026 \u00e9 a percep\u00e7\u00e3o de justi\u00e7a na vida concreta \u2013 e a capacidade de mobilizar afetos em torno dela \u2013 que decidir\u00e1 quem governa o pa\u00eds.<\/p>\n\n\n\n<p>Texto &#8211; Yuri Almeida, estrategista pol\u00edtico, professor e especialista em campanhas eleitorais<\/p>\n","protected":false},"excerpt":{"rendered":"<p>H\u00e1 uma grande disson\u00e2ncia entre os indicadores econ\u00f4micos oficiais (PIB em crescimento, infla\u00e7\u00e3o controlada e desemprego baixo) e a percep\u00e7\u00e3o da maioria dos brasileiros, onde 43% afirmam que a economia piorou e 61% dizem ter menos poder de compra. A chave para essa contradi\u00e7\u00e3o \u00e9 o conceito de affordability (rela\u00e7\u00e3o entre renda e custo de [&hellip;]<\/p>\n","protected":false},"author":1,"featured_media":8430,"comment_status":"open","ping_status":"closed","sticky":false,"template":"","format":"standard","meta":{"site-sidebar-layout":"default","site-content-layout":"","ast-site-content-layout":"default","site-content-style":"default","site-sidebar-style":"default","ast-global-header-display":"","ast-banner-title-visibility":"","ast-main-header-display":"","ast-hfb-above-header-display":"","ast-hfb-below-header-display":"","ast-hfb-mobile-header-display":"","site-post-title":"","ast-breadcrumbs-content":"","ast-featured-img":"","footer-sml-layout":"","theme-transparent-header-meta":"","adv-header-id-meta":"","stick-header-meta":"","header-above-stick-meta":"","header-main-stick-meta":"","header-below-stick-meta":"","astra-migrate-meta-layouts":"set","ast-page-background-enabled":"default","ast-page-background-meta":{"desktop":{"background-color":"var(--ast-global-color-4)","background-image":"","background-repeat":"repeat","background-position":"center center","background-size":"auto","background-attachment":"scroll","background-type":"","background-media":"","overlay-type":"","overlay-color":"","overlay-opacity":"","overlay-gradient":""},"tablet":{"background-color":"","background-image":"","background-repeat":"repeat","background-position":"center center","background-size":"auto","background-attachment":"scroll","background-type":"","background-media":"","overlay-type":"","overlay-color":"","overlay-opacity":"","overlay-gradient":""},"mobile":{"background-color":"","background-image":"","background-repeat":"repeat","background-position":"center center","background-size":"auto","background-attachment":"scroll","background-type":"","background-media":"","overlay-type":"","overlay-color":"","overlay-opacity":"","overlay-gradient":""}},"ast-content-background-meta":{"desktop":{"background-color":"var(--ast-global-color-5)","background-image":"","background-repeat":"repeat","background-position":"center center","background-size":"auto","background-attachment":"scroll","background-type":"","background-media":"","overlay-type":"","overlay-color":"","overlay-opacity":"","overlay-gradient":""},"tablet":{"background-color":"var(--ast-global-color-5)","background-image":"","background-repeat":"repeat","background-position":"center center","background-size":"auto","background-attachment":"scroll","background-type":"","background-media":"","overlay-type":"","overlay-color":"","overlay-opacity":"","overlay-gradient":""},"mobile":{"background-color":"var(--ast-global-color-5)","background-image":"","background-repeat":"repeat","background-position":"center center","background-size":"auto","background-attachment":"scroll","background-type":"","background-media":"","overlay-type":"","overlay-color":"","overlay-opacity":"","overlay-gradient":""}},"footnotes":""},"categories":[4],"tags":[],"class_list":["post-12307","post","type-post","status-publish","format-standard","has-post-thumbnail","hentry","category-brasil"],"_links":{"self":[{"href":"https:\/\/maisoeste.com.br\/index.php?rest_route=\/wp\/v2\/posts\/12307","targetHints":{"allow":["GET"]}}],"collection":[{"href":"https:\/\/maisoeste.com.br\/index.php?rest_route=\/wp\/v2\/posts"}],"about":[{"href":"https:\/\/maisoeste.com.br\/index.php?rest_route=\/wp\/v2\/types\/post"}],"author":[{"embeddable":true,"href":"https:\/\/maisoeste.com.br\/index.php?rest_route=\/wp\/v2\/users\/1"}],"replies":[{"embeddable":true,"href":"https:\/\/maisoeste.com.br\/index.php?rest_route=%2Fwp%2Fv2%2Fcomments&post=12307"}],"version-history":[{"count":1,"href":"https:\/\/maisoeste.com.br\/index.php?rest_route=\/wp\/v2\/posts\/12307\/revisions"}],"predecessor-version":[{"id":12308,"href":"https:\/\/maisoeste.com.br\/index.php?rest_route=\/wp\/v2\/posts\/12307\/revisions\/12308"}],"wp:featuredmedia":[{"embeddable":true,"href":"https:\/\/maisoeste.com.br\/index.php?rest_route=\/wp\/v2\/media\/8430"}],"wp:attachment":[{"href":"https:\/\/maisoeste.com.br\/index.php?rest_route=%2Fwp%2Fv2%2Fmedia&parent=12307"}],"wp:term":[{"taxonomy":"category","embeddable":true,"href":"https:\/\/maisoeste.com.br\/index.php?rest_route=%2Fwp%2Fv2%2Fcategories&post=12307"},{"taxonomy":"post_tag","embeddable":true,"href":"https:\/\/maisoeste.com.br\/index.php?rest_route=%2Fwp%2Fv2%2Ftags&post=12307"}],"curies":[{"name":"wp","href":"https:\/\/api.w.org\/{rel}","templated":true}]}}