{"id":12309,"date":"2026-03-25T12:58:02","date_gmt":"2026-03-25T15:58:02","guid":{"rendered":"https:\/\/maisoeste.com.br\/?p=12309"},"modified":"2026-03-25T12:58:04","modified_gmt":"2026-03-25T15:58:04","slug":"hospital-do-oeste-alerta-para-os-cuidados-e-a-prevencao-do-cancer-colorretal","status":"publish","type":"post","link":"https:\/\/maisoeste.com.br\/?p=12309","title":{"rendered":"Hospital do Oeste alerta para os cuidados e a preven\u00e7\u00e3o do c\u00e2ncer colorretal"},"content":{"rendered":"\n<p>No dia 27 de mar\u00e7o, \u00e9 celebrado o Dia Nacional de Combate ao C\u00e2ncer Colorretal, momento em que s\u00e3o intensificadas as a\u00e7\u00f5es de preven\u00e7\u00e3o com a Campanha Mar\u00e7o Azul-Marinho. O Hospital do Oeste (HO), complexo hospitalar vinculado ao Governo do Estado e administrado pelas Obras Sociais Irm\u00e3 Dulce (OSID), destaca sua preocupa\u00e7\u00e3o e alerta para os diferentes casos atendidos na Unidade de Alta Complexidade em Oncologia (Unacon). Para o Instituto Nacional de C\u00e2ncer (INCA), o crescimento deste tipo de c\u00e2ncer no sistema de sa\u00fade preocupa e a estimativa para este ano \u00e9 de quase 54 mil novos casos no pa\u00eds. Ano passado, na regi\u00e3o oeste, a Unacon realizou 16.228 atendimentos relacionados ao tratamento de c\u00e2ncer, incluindo casos de c\u00e2ncer colorretal. Vale destacar que, em 2025, foram realizados 10 procedimentos cir\u00fargicos mensais de c\u00e2ncer colorretal.<\/p>\n\n\n\n<p>A nutricionista oncol\u00f3gica da Unacon, Renata Lima, observa a import\u00e2ncia da preven\u00e7\u00e3o e sinaliza que o ideal e necess\u00e1rio \u00e9 ter uma dieta habitual composta pelo consumo de alimentos in natura e minimamente processados. \u201cDessa forma, estaremos mais pr\u00f3ximos de uma alimenta\u00e7\u00e3o rica em fontes de fibras com cereais integrais, gr\u00e3os, frutas, verduras e legumes. Essas fibras s\u00e3o essenciais para o bom funcionamento intestinal, evitando altera\u00e7\u00f5es no h\u00e1bito intestinal e auxiliando a elimina\u00e7\u00e3o, pelas fezes, de subst\u00e2ncias potencialmente cancer\u00edgenas\u201d, observa.<\/p>\n\n\n\n<p>Para o respons\u00e1vel t\u00e9cnico da cirurgia oncol\u00f3gica da Unacon, o m\u00e9dico cirurgi\u00e3o oncol\u00f3gico Rafael Leite, \u201cesse tipo de c\u00e2ncer \u00e9 multifatorial, por\u00e9m \u00e9 poss\u00edvel que esteja ligado, sim, \u00e0 alimenta\u00e7\u00e3o, o que implica altera\u00e7\u00f5es de h\u00e1bito intestinal. Excessos s\u00e3o os grandes respons\u00e1veis por essas altera\u00e7\u00f5es\u201d. Um sinal de preocupa\u00e7\u00e3o \u00e9 quando existe diarreia persistente e sangramento nas fezes, sendo estes os principais sintomas para buscar avalia\u00e7\u00e3o m\u00e9dica. \u201cRecebemos os pacientes j\u00e1 com diagn\u00f3stico formado ou alta suspeita cl\u00ednica. Independentemente disso, a Unacon realiza o exame de colonoscopia, o melhor procedimento para rastreio, investiga\u00e7\u00e3o e, em algumas situa\u00e7\u00f5es, tratamento de les\u00f5es\u201d, observa Leite.<\/p>\n\n\n\n<p>De acordo com a paciente da Unacon, Ildeide Brito, que est\u00e1 em tratamento de c\u00e2ncer colorretal, a descoberta foi devastadora. Ela conta que sofreu crises intensas de dores abdominais at\u00e9 o diagn\u00f3stico da doen\u00e7a. \u201cEstava abalada pelo peso da doen\u00e7a, por\u00e9m a equipe profissional do HO me acolheu e me deu for\u00e7as para lutar. Por experi\u00eancia, pe\u00e7o que procurem um m\u00e9dico quando perceber qualquer altera\u00e7\u00e3o em seu corpo, quanto antes descobrir, mais f\u00e1cil de controlar e combater a doen\u00e7a. Pode ser que a pessoa n\u00e3o tenha o c\u00e2ncer, mas em um exame pode descobrir maneiras de evitar uma apari\u00e7\u00e3o futura da doen\u00e7a\u201d, comenta a paciente.<\/p>\n\n\n\n<p>Ascom Hospital do Oeste<\/p>\n","protected":false},"excerpt":{"rendered":"<p>No dia 27 de mar\u00e7o, \u00e9 celebrado o Dia Nacional de Combate ao C\u00e2ncer Colorretal, momento em que s\u00e3o intensificadas as a\u00e7\u00f5es de preven\u00e7\u00e3o com a Campanha Mar\u00e7o Azul-Marinho. O Hospital do Oeste (HO), complexo hospitalar vinculado ao Governo do Estado e administrado pelas Obras Sociais Irm\u00e3 Dulce (OSID), destaca sua preocupa\u00e7\u00e3o e alerta para [&hellip;]<\/p>\n","protected":false},"author":1,"featured_media":12310,"comment_status":"open","ping_status":"closed","sticky":false,"template":"","format":"standard","meta":{"site-sidebar-layout":"default","site-content-layout":"","ast-site-content-layout":"default","site-content-style":"default","site-sidebar-style":"default","ast-global-header-display":"","ast-banner-title-visibility":"","ast-main-header-display":"","ast-hfb-above-header-display":"","ast-hfb-below-header-display":"","ast-hfb-mobile-header-display":"","site-post-title":"","ast-breadcrumbs-content":"","ast-featured-img":"","footer-sml-layout":"","theme-transparent-header-meta":"","adv-header-id-meta":"","stick-header-meta":"","header-above-stick-meta":"","header-main-stick-meta":"","header-below-stick-meta":"","astra-migrate-meta-layouts":"set","ast-page-background-enabled":"default","ast-page-background-meta":{"desktop":{"background-color":"var(--ast-global-color-4)","background-image":"","background-repeat":"repeat","background-position":"center center","background-size":"auto","background-attachment":"scroll","background-type":"","background-media":"","overlay-type":"","overlay-color":"","overlay-opacity":"","overlay-gradient":""},"tablet":{"background-color":"","background-image":"","background-repeat":"repeat","background-position":"center center","background-size":"auto","background-attachment":"scroll","background-type":"","background-media":"","overlay-type":"","overlay-color":"","overlay-opacity":"","overlay-gradient":""},"mobile":{"background-color":"","background-image":"","background-repeat":"repeat","background-position":"center center","background-size":"auto","background-attachment":"scroll","background-type":"","background-media":"","overlay-type":"","overlay-color":"","overlay-opacity":"","overlay-gradient":""}},"ast-content-background-meta":{"desktop":{"background-color":"var(--ast-global-color-5)","background-image":"","background-repeat":"repeat","background-position":"center center","background-size":"auto","background-attachment":"scroll","background-type":"","background-media":"","overlay-type":"","overlay-color":"","overlay-opacity":"","overlay-gradient":""},"tablet":{"background-color":"var(--ast-global-color-5)","background-image":"","background-repeat":"repeat","background-position":"center center","background-size":"auto","background-attachment":"scroll","background-type":"","background-media":"","overlay-type":"","overlay-color":"","overlay-opacity":"","overlay-gradient":""},"mobile":{"background-color":"var(--ast-global-color-5)","background-image":"","background-repeat":"repeat","background-position":"center center","background-size":"auto","background-attachment":"scroll","background-type":"","background-media":"","overlay-type":"","overlay-color":"","overlay-opacity":"","overlay-gradient":""}},"footnotes":""},"categories":[45],"tags":[],"class_list":["post-12309","post","type-post","status-publish","format-standard","has-post-thumbnail","hentry","category-esportes"],"_links":{"self":[{"href":"https:\/\/maisoeste.com.br\/index.php?rest_route=\/wp\/v2\/posts\/12309","targetHints":{"allow":["GET"]}}],"collection":[{"href":"https:\/\/maisoeste.com.br\/index.php?rest_route=\/wp\/v2\/posts"}],"about":[{"href":"https:\/\/maisoeste.com.br\/index.php?rest_route=\/wp\/v2\/types\/post"}],"author":[{"embeddable":true,"href":"https:\/\/maisoeste.com.br\/index.php?rest_route=\/wp\/v2\/users\/1"}],"replies":[{"embeddable":true,"href":"https:\/\/maisoeste.com.br\/index.php?rest_route=%2Fwp%2Fv2%2Fcomments&post=12309"}],"version-history":[{"count":1,"href":"https:\/\/maisoeste.com.br\/index.php?rest_route=\/wp\/v2\/posts\/12309\/revisions"}],"predecessor-version":[{"id":12311,"href":"https:\/\/maisoeste.com.br\/index.php?rest_route=\/wp\/v2\/posts\/12309\/revisions\/12311"}],"wp:featuredmedia":[{"embeddable":true,"href":"https:\/\/maisoeste.com.br\/index.php?rest_route=\/wp\/v2\/media\/12310"}],"wp:attachment":[{"href":"https:\/\/maisoeste.com.br\/index.php?rest_route=%2Fwp%2Fv2%2Fmedia&parent=12309"}],"wp:term":[{"taxonomy":"category","embeddable":true,"href":"https:\/\/maisoeste.com.br\/index.php?rest_route=%2Fwp%2Fv2%2Fcategories&post=12309"},{"taxonomy":"post_tag","embeddable":true,"href":"https:\/\/maisoeste.com.br\/index.php?rest_route=%2Fwp%2Fv2%2Ftags&post=12309"}],"curies":[{"name":"wp","href":"https:\/\/api.w.org\/{rel}","templated":true}]}}