{"id":12330,"date":"2026-03-26T06:39:43","date_gmt":"2026-03-26T09:39:43","guid":{"rendered":"https:\/\/maisoeste.com.br\/?p=12330"},"modified":"2026-03-26T06:39:45","modified_gmt":"2026-03-26T09:39:45","slug":"senado-aprova-projeto-que-estabelece-regras-para-desmembramento-de-municipios","status":"publish","type":"post","link":"https:\/\/maisoeste.com.br\/?p=12330","title":{"rendered":"Senado aprova projeto que estabelece regras para desmembramento de munic\u00edpios"},"content":{"rendered":"\n<p>O\u00a0Senado Federal\u00a0aprovou, nesta quarta-feira (25), um projeto que traz o conceito de \u201csepara\u00e7\u00e3o conjugal\u201d para a desmembra\u00e7\u00e3o de \u00e1reas entre munic\u00edpios brasileiros. <strong>A proposta estabelece normas para casos de\u00a0desmembramento de parte de um munic\u00edpio para incorpora\u00e7\u00e3o a outro.<\/strong><\/p>\n\n\n\n<p>O texto foi aprovado por unanimidade, com 62 votos favor\u00e1veis. Agora, ele segue para san\u00e7\u00e3o do presidente Luiz In\u00e1cio Lula da Silva (PT). De acordo com a proposta, a popula\u00e7\u00e3o de uma parte de um munic\u00edpio poder\u00e1 pedir o desmembramento da vincula\u00e7\u00e3o em que est\u00e1, como uma esp\u00e9cie de separa\u00e7\u00e3o<em>.<\/em><\/p>\n\n\n\n<p>Entretanto, isso s\u00f3 ser\u00e1 permitido se, posteriormente, a parte desmembrada seja incorporada a outro munic\u00edpio.&nbsp;<strong>Ser\u00e1 vedada uma separa\u00e7\u00e3o para cria\u00e7\u00e3o de um novo munic\u00edpio.<\/strong><\/p>\n\n\n\n<p>Outra proibi\u00e7\u00e3o prevista pelo texto \u00e9 a do desmembramento interestadual, em que uma parcela da regi\u00e3o se mude de um estado A para o B.<\/p>\n\n\n\n<p>O per\u00edodo para que as regi\u00f5es pe\u00e7am a separa\u00e7\u00e3o de seus munic\u00edpio&nbsp;<strong>dever\u00e1 acontecer em at\u00e9 15 anos contados da publica\u00e7\u00e3o do texto.<\/strong><\/p>\n\n\n\n<p>Por\u00e9m,&nbsp;<strong>o processo de desmembramento ser\u00e1 suspenso um ano antes da realiza\u00e7\u00e3o do Censo Demogr\u00e1fico de 2030<\/strong>, para n\u00e3o afetar o c\u00e1lculo feito pelo Instituto Brasileiro de Geografia e Estat\u00edstica (IBGE).<\/p>\n\n\n\n<p>Os processos de separa\u00e7\u00e3o s\u00f3 poder\u00e3o ser retomados ap\u00f3s a publica\u00e7\u00e3o dos resultados da contagem populacional.<\/p>\n\n\n\n<p>Para reivindicar a separa\u00e7\u00e3o, o grupo solicitante dever\u00e1 seguir alguns crit\u00e9rios e etapas:<\/p>\n\n\n\n<ul class=\"wp-block-list\">\n<li>a iniciativa do processo de desmembramento compete \u00e0 Assembleia Legislativa do respectivo Estado;<\/li>\n\n\n\n<li>realiza\u00e7\u00e3o do Estudo de Viabilidade Municipal (EVM);<\/li>\n\n\n\n<li>um plebiscito nos dois munic\u00edpios envolvidos, organizado pelo Tribunal Superior Eleitoral (TSE), dever\u00e1 acontecer, durante per\u00edodo eleitoral, para avaliar a proposta;<\/li>\n\n\n\n<li>caso o texto seja aprovado, os novos limites dever\u00e3o ser demarcados.<\/li>\n<\/ul>\n\n\n\n<p>Al\u00e9m disso, os estudos de viabilidade dever\u00e3o apontar uma an\u00e1lise econ\u00f4mico-financeira e fiscal dos munic\u00edpios, na configura\u00e7\u00e3o resultante do desmembramento, e uma avalia\u00e7\u00e3o da infraestrutura e da presta\u00e7\u00e3o de servi\u00e7os p\u00fablicos essenciais.<\/p>\n\n\n\n<p>Tamb\u00e9m ser\u00e1 necess\u00e1rio apresentar uma avalia\u00e7\u00e3o urban\u00edstica e social, inlucindo a identidade e o sentimento de pertencimento da popula\u00e7\u00e3o residente na \u00e1rea afetada.<\/p>\n\n\n\n<h2 class=\"wp-block-heading\">Situa\u00e7\u00e3o em Sergipe<\/h2>\n\n\n\n<p>A proposta surge em um momento em que os munic\u00edpios de Aracaju (SE) e S\u00e3o Crist\u00f3v\u00e3o (SE) disputam a \u00e1rea da Zona de Expans\u00e3o, que at\u00e9 o come\u00e7o do m\u00eas pertencia a capital sergipana. Ap\u00f3s uma decis\u00e3o do Tribunal Regional Federal da 5\u00aa Regi\u00e3o,\u00a0<strong>o munic\u00edpio de S\u00e3o Crist\u00f3v\u00e3o passou a ser o novo administrador da regi\u00e3o.<\/strong><\/p>\n\n\n\n<p>Entretanto, o relator da proposta no Senado, Alessandro Vieira (MDB-SE), comemorou a proposta por possibilitar que a popula\u00e7\u00e3o resolva a qual dos munic\u00edpios quer pertencer, sem interfer\u00eancias de quem n\u00e3o vive a situa\u00e7\u00e3o. \u201cO texto viabiliza a livre escolha dos moradores da regi\u00e3o. Vou trabalhar para que seja aprovado e sancionado rapidamente\u201d, afirmou o senador.<\/p>\n\n\n\n<p>A disputa na regi\u00e3o remonta os anos 90, quando o avan\u00e7o imobili\u00e1rio da capital come\u00e7ou a ocupar a \u00e1rea de aproximadamente 20,78 km\u00b2, que \u00e9 dez vezes maior que o principado de M\u00f4naco e representa 11% do tamanho territorial de Aracaju.<\/p>\n\n\n\n<p>De acordo com a prefeitura de Aracaju, a regi\u00e3o re\u00fane aproximadamente 30 mil pessoas, 17 escolas municipais e sete bairros.<\/p>\n\n\n\n<p>Fonte\/\/G1<\/p>\n","protected":false},"excerpt":{"rendered":"<p>O\u00a0Senado Federal\u00a0aprovou, nesta quarta-feira (25), um projeto que traz o conceito de \u201csepara\u00e7\u00e3o conjugal\u201d para a desmembra\u00e7\u00e3o de \u00e1reas entre munic\u00edpios brasileiros. A proposta estabelece normas para casos de\u00a0desmembramento de parte de um munic\u00edpio para incorpora\u00e7\u00e3o a outro. O texto foi aprovado por unanimidade, com 62 votos favor\u00e1veis. Agora, ele segue para san\u00e7\u00e3o do presidente [&hellip;]<\/p>\n","protected":false},"author":1,"featured_media":12331,"comment_status":"open","ping_status":"closed","sticky":false,"template":"","format":"standard","meta":{"site-sidebar-layout":"default","site-content-layout":"","ast-site-content-layout":"default","site-content-style":"default","site-sidebar-style":"default","ast-global-header-display":"","ast-banner-title-visibility":"","ast-main-header-display":"","ast-hfb-above-header-display":"","ast-hfb-below-header-display":"","ast-hfb-mobile-header-display":"","site-post-title":"","ast-breadcrumbs-content":"","ast-featured-img":"","footer-sml-layout":"","theme-transparent-header-meta":"","adv-header-id-meta":"","stick-header-meta":"","header-above-stick-meta":"","header-main-stick-meta":"","header-below-stick-meta":"","astra-migrate-meta-layouts":"set","ast-page-background-enabled":"default","ast-page-background-meta":{"desktop":{"background-color":"var(--ast-global-color-4)","background-image":"","background-repeat":"repeat","background-position":"center center","background-size":"auto","background-attachment":"scroll","background-type":"","background-media":"","overlay-type":"","overlay-color":"","overlay-opacity":"","overlay-gradient":""},"tablet":{"background-color":"","background-image":"","background-repeat":"repeat","background-position":"center center","background-size":"auto","background-attachment":"scroll","background-type":"","background-media":"","overlay-type":"","overlay-color":"","overlay-opacity":"","overlay-gradient":""},"mobile":{"background-color":"","background-image":"","background-repeat":"repeat","background-position":"center center","background-size":"auto","background-attachment":"scroll","background-type":"","background-media":"","overlay-type":"","overlay-color":"","overlay-opacity":"","overlay-gradient":""}},"ast-content-background-meta":{"desktop":{"background-color":"var(--ast-global-color-5)","background-image":"","background-repeat":"repeat","background-position":"center center","background-size":"auto","background-attachment":"scroll","background-type":"","background-media":"","overlay-type":"","overlay-color":"","overlay-opacity":"","overlay-gradient":""},"tablet":{"background-color":"var(--ast-global-color-5)","background-image":"","background-repeat":"repeat","background-position":"center center","background-size":"auto","background-attachment":"scroll","background-type":"","background-media":"","overlay-type":"","overlay-color":"","overlay-opacity":"","overlay-gradient":""},"mobile":{"background-color":"var(--ast-global-color-5)","background-image":"","background-repeat":"repeat","background-position":"center center","background-size":"auto","background-attachment":"scroll","background-type":"","background-media":"","overlay-type":"","overlay-color":"","overlay-opacity":"","overlay-gradient":""}},"footnotes":""},"categories":[84],"tags":[],"class_list":["post-12330","post","type-post","status-publish","format-standard","has-post-thumbnail","hentry","category-politica"],"_links":{"self":[{"href":"https:\/\/maisoeste.com.br\/index.php?rest_route=\/wp\/v2\/posts\/12330","targetHints":{"allow":["GET"]}}],"collection":[{"href":"https:\/\/maisoeste.com.br\/index.php?rest_route=\/wp\/v2\/posts"}],"about":[{"href":"https:\/\/maisoeste.com.br\/index.php?rest_route=\/wp\/v2\/types\/post"}],"author":[{"embeddable":true,"href":"https:\/\/maisoeste.com.br\/index.php?rest_route=\/wp\/v2\/users\/1"}],"replies":[{"embeddable":true,"href":"https:\/\/maisoeste.com.br\/index.php?rest_route=%2Fwp%2Fv2%2Fcomments&post=12330"}],"version-history":[{"count":1,"href":"https:\/\/maisoeste.com.br\/index.php?rest_route=\/wp\/v2\/posts\/12330\/revisions"}],"predecessor-version":[{"id":12332,"href":"https:\/\/maisoeste.com.br\/index.php?rest_route=\/wp\/v2\/posts\/12330\/revisions\/12332"}],"wp:featuredmedia":[{"embeddable":true,"href":"https:\/\/maisoeste.com.br\/index.php?rest_route=\/wp\/v2\/media\/12331"}],"wp:attachment":[{"href":"https:\/\/maisoeste.com.br\/index.php?rest_route=%2Fwp%2Fv2%2Fmedia&parent=12330"}],"wp:term":[{"taxonomy":"category","embeddable":true,"href":"https:\/\/maisoeste.com.br\/index.php?rest_route=%2Fwp%2Fv2%2Fcategories&post=12330"},{"taxonomy":"post_tag","embeddable":true,"href":"https:\/\/maisoeste.com.br\/index.php?rest_route=%2Fwp%2Fv2%2Ftags&post=12330"}],"curies":[{"name":"wp","href":"https:\/\/api.w.org\/{rel}","templated":true}]}}