{"id":12342,"date":"2026-03-26T09:28:11","date_gmt":"2026-03-26T12:28:11","guid":{"rendered":"https:\/\/maisoeste.com.br\/?p=12342"},"modified":"2026-03-26T09:28:13","modified_gmt":"2026-03-26T12:28:13","slug":"acm-neto-fara-convite-para-ze-coca-ser-seu-vice-governador","status":"publish","type":"post","link":"https:\/\/maisoeste.com.br\/?p=12342","title":{"rendered":"ACM Neto far\u00e1 convite para Z\u00e9 Coc\u00e1 ser seu vice-governador"},"content":{"rendered":"\n<p>Nesta quinta-feira (26), o ex-prefeito de Salvador, ACM Neto, afirmou em entrevista \u00e0 R\u00e1dio Metropole, que pretende se reunir em Jequi\u00e9 com o prefeito Z\u00e9 Coc\u00e1 para formalizar o convite para que ele deixe o cargo e aceite a possibilidade de compor como vice em uma eventual candidatura ao <strong>governo da Bahia<\/strong>.<\/p>\n\n\n\n<p>\u201cVou para Jequi\u00e9 e vou me reunir com Z\u00e9 Coc\u00e1, Flavinho e os vereadores. Vou fazer o convite formal para que Z\u00e9 Coc\u00e1 renuncie \u00e0 Prefeitura de Jequi\u00e9 e aceite esse desafio. Ele tem o conhecimento do interior, re\u00fane todas as melhores condi\u00e7\u00f5es e tem articula\u00e7\u00e3o pol\u00edtica comprovada. \u00c9 o nome ideal\u201d, disse ACM.<\/p>\n\n\n\n<p>De acordo com Neto, a defini\u00e7\u00e3o da chapa deve ocorrer ainda em mar\u00e7o. j\u00e1 que ele antecipou as articula\u00e7\u00f5es pol\u00edticas e intensificou o di\u00e1logo com partidos e lideran\u00e7as para sair vitorioso.<\/p>\n\n\n\n<p>O ex-prefeito tamb\u00e9m declarou que sua decis\u00e3o de disputar novamente o governo n\u00e3o est\u00e1 ligada a interesses pessoais, mas a um sentimento que percebe nas ruas. \u201c\u00c9 um desejo de mudan\u00e7a e um cansa\u00e7o que a gente v\u00ea no povo\u201d, disse ele. Neto afirmou ainda que buscvaa um nome que o complemente politicamente, ao comentar a poss\u00edvel escolha de Z\u00e9 Coc\u00e1 para a vaga de vice.<\/p>\n\n\n\n<p>Fonte\/\/Grupo Metropole<\/p>\n","protected":false},"excerpt":{"rendered":"<p>Nesta quinta-feira (26), o ex-prefeito de Salvador, ACM Neto, afirmou em entrevista \u00e0 R\u00e1dio Metropole, que pretende se reunir em Jequi\u00e9 com o prefeito Z\u00e9 Coc\u00e1 para formalizar o convite para que ele deixe o cargo e aceite a possibilidade de compor como vice em uma eventual candidatura ao governo da Bahia. \u201cVou para Jequi\u00e9 [&hellip;]<\/p>\n","protected":false},"author":1,"featured_media":12343,"comment_status":"open","ping_status":"closed","sticky":false,"template":"","format":"standard","meta":{"site-sidebar-layout":"default","site-content-layout":"","ast-site-content-layout":"default","site-content-style":"default","site-sidebar-style":"default","ast-global-header-display":"","ast-banner-title-visibility":"","ast-main-header-display":"","ast-hfb-above-header-display":"","ast-hfb-below-header-display":"","ast-hfb-mobile-header-display":"","site-post-title":"","ast-breadcrumbs-content":"","ast-featured-img":"","footer-sml-layout":"","theme-transparent-header-meta":"","adv-header-id-meta":"","stick-header-meta":"","header-above-stick-meta":"","header-main-stick-meta":"","header-below-stick-meta":"","astra-migrate-meta-layouts":"set","ast-page-background-enabled":"default","ast-page-background-meta":{"desktop":{"background-color":"var(--ast-global-color-4)","background-image":"","background-repeat":"repeat","background-position":"center center","background-size":"auto","background-attachment":"scroll","background-type":"","background-media":"","overlay-type":"","overlay-color":"","overlay-opacity":"","overlay-gradient":""},"tablet":{"background-color":"","background-image":"","background-repeat":"repeat","background-position":"center center","background-size":"auto","background-attachment":"scroll","background-type":"","background-media":"","overlay-type":"","overlay-color":"","overlay-opacity":"","overlay-gradient":""},"mobile":{"background-color":"","background-image":"","background-repeat":"repeat","background-position":"center center","background-size":"auto","background-attachment":"scroll","background-type":"","background-media":"","overlay-type":"","overlay-color":"","overlay-opacity":"","overlay-gradient":""}},"ast-content-background-meta":{"desktop":{"background-color":"var(--ast-global-color-5)","background-image":"","background-repeat":"repeat","background-position":"center center","background-size":"auto","background-attachment":"scroll","background-type":"","background-media":"","overlay-type":"","overlay-color":"","overlay-opacity":"","overlay-gradient":""},"tablet":{"background-color":"var(--ast-global-color-5)","background-image":"","background-repeat":"repeat","background-position":"center center","background-size":"auto","background-attachment":"scroll","background-type":"","background-media":"","overlay-type":"","overlay-color":"","overlay-opacity":"","overlay-gradient":""},"mobile":{"background-color":"var(--ast-global-color-5)","background-image":"","background-repeat":"repeat","background-position":"center center","background-size":"auto","background-attachment":"scroll","background-type":"","background-media":"","overlay-type":"","overlay-color":"","overlay-opacity":"","overlay-gradient":""}},"footnotes":""},"categories":[84],"tags":[],"class_list":["post-12342","post","type-post","status-publish","format-standard","has-post-thumbnail","hentry","category-politica"],"_links":{"self":[{"href":"https:\/\/maisoeste.com.br\/index.php?rest_route=\/wp\/v2\/posts\/12342","targetHints":{"allow":["GET"]}}],"collection":[{"href":"https:\/\/maisoeste.com.br\/index.php?rest_route=\/wp\/v2\/posts"}],"about":[{"href":"https:\/\/maisoeste.com.br\/index.php?rest_route=\/wp\/v2\/types\/post"}],"author":[{"embeddable":true,"href":"https:\/\/maisoeste.com.br\/index.php?rest_route=\/wp\/v2\/users\/1"}],"replies":[{"embeddable":true,"href":"https:\/\/maisoeste.com.br\/index.php?rest_route=%2Fwp%2Fv2%2Fcomments&post=12342"}],"version-history":[{"count":1,"href":"https:\/\/maisoeste.com.br\/index.php?rest_route=\/wp\/v2\/posts\/12342\/revisions"}],"predecessor-version":[{"id":12344,"href":"https:\/\/maisoeste.com.br\/index.php?rest_route=\/wp\/v2\/posts\/12342\/revisions\/12344"}],"wp:featuredmedia":[{"embeddable":true,"href":"https:\/\/maisoeste.com.br\/index.php?rest_route=\/wp\/v2\/media\/12343"}],"wp:attachment":[{"href":"https:\/\/maisoeste.com.br\/index.php?rest_route=%2Fwp%2Fv2%2Fmedia&parent=12342"}],"wp:term":[{"taxonomy":"category","embeddable":true,"href":"https:\/\/maisoeste.com.br\/index.php?rest_route=%2Fwp%2Fv2%2Fcategories&post=12342"},{"taxonomy":"post_tag","embeddable":true,"href":"https:\/\/maisoeste.com.br\/index.php?rest_route=%2Fwp%2Fv2%2Ftags&post=12342"}],"curies":[{"name":"wp","href":"https:\/\/api.w.org\/{rel}","templated":true}]}}