{"id":12378,"date":"2026-03-28T07:58:45","date_gmt":"2026-03-28T10:58:45","guid":{"rendered":"https:\/\/maisoeste.com.br\/?p=12378"},"modified":"2026-03-28T07:58:50","modified_gmt":"2026-03-28T10:58:50","slug":"secretaria-de-educacao-de-barreiras-realiza-primeiro-encontro-do-programa-escola-das-adolescencias-2026","status":"publish","type":"post","link":"https:\/\/maisoeste.com.br\/?p=12378","title":{"rendered":"Secretaria de Educa\u00e7\u00e3o de Barreiras realiza primeiro encontro do Programa Escola das Adolesc\u00eancias 2026\u00a0"},"content":{"rendered":"\n<p>A Secretaria Municipal de Educa\u00e7\u00e3o de Barreiras realizou, nesta sexta-feira (27), o primeiro encontro do Programa Escola das Adolesc\u00eancias com gestores e coordenadores pedag\u00f3gicos da rede municipal. A atividade aconteceu no audit\u00f3rio da pr\u00f3pria secretaria e reuniu profissionais que atuam nos anos finais do ensino fundamental (6\u00ba ao 9\u00ba ano).<\/p>\n\n\n\n<p>Institu\u00eddo pelo Governo Federal por meio da Portaria n\u00ba 635\/2024, o Programa Escola das Adolesc\u00eancias tem como objetivo fortalecer essa etapa da educa\u00e7\u00e3o b\u00e1sica, considerada estrat\u00e9gica e desafiadora. A iniciativa busca melhorar a qualidade do ensino, promover um ambiente mais acolhedor e reduzir \u00edndices de evas\u00e3o escolar, a partir de apoio t\u00e9cnico-pedag\u00f3gico e financeiro.<\/p>\n\n\n\n<p>Durante o encontro, foram apresentados os eixos estruturantes do programa \u2014 governan\u00e7a, organiza\u00e7\u00e3o curricular e pedag\u00f3gica e desenvolvimento profissional \u2014 al\u00e9m das estrat\u00e9gias voltadas \u00e0 recomposi\u00e7\u00e3o das aprendizagens e \u00e0 melhoria do desempenho dos estudantes. A proposta considera as m\u00faltiplas realidades da adolesc\u00eancia no Brasil e incentiva pr\u00e1ticas que dialoguem com os interesses, contextos e demandas dos alunos.<\/p>\n\n\n\n<p>A condu\u00e7\u00e3o da atividade ficou por conta da coordenadora dos Projetos de Recomposi\u00e7\u00e3o das Aprendizagens, Ant\u00f4nia Albaneide, e da subdiretora do Ensino Fundamental II, Jussyara Andrade, que destacaram a import\u00e2ncia do alinhamento entre as equipes gestoras para a efetividade das a\u00e7\u00f5es nas escolas.<\/p>\n\n\n\n<p>De acordo com a diretora pedag\u00f3gica da rede municipal, Aldec\u00ed Queiroz, o programa j\u00e1 integra a realidade educacional de Barreiras desde 2024 e vem sendo ampliado. \u201cO Escola das Adolesc\u00eancias n\u00e3o \u00e9 uma aula de refor\u00e7o, mas uma estrat\u00e9gia de recomposi\u00e7\u00e3o das aprendizagens, com foco nos conte\u00fados em que os estudantes ainda apresentam dificuldades. Ele acontece ao longo de todo o ano, dentro da carga hor\u00e1ria regular, com uma hora semanal dedicada a esse acompanhamento, al\u00e9m de simulados peri\u00f3dicos que nos permitem avaliar os avan\u00e7os\u201d, explicou.<\/p>\n\n\n\n<p>Aldec\u00ed tamb\u00e9m ressaltou que, inicialmente, o programa contemplava escolas com maiores \u00edndices de vulnerabilidade, mas atualmente atende todas as unidades que ofertam o Fundamental II no munic\u00edpio. \u201cHoje, conseguimos ampliar essa pol\u00edtica para toda a rede, com foco especial em \u00e1reas como L\u00edngua Portuguesa, Reda\u00e7\u00e3o, Matem\u00e1tica e Ci\u00eancias da Natureza. O objetivo \u00e9 garantir que esses estudantes avancem com mais qualidade e cheguem ao ensino m\u00e9dio com uma base mais s\u00f3lida\u201d, pontuou.<\/p>\n\n\n\n<p>O Programa Escola das Adolesc\u00eancias \u00e9 desenvolvido ao longo de todo o ano letivo e inclui, al\u00e9m das atividades em sala de aula, simulados, clubes interativos e o uso de estrat\u00e9gias diversificadas de ensino, com o objetivo de fortalecer o processo de aprendizagem e promover trajet\u00f3rias escolares mais exitosas para os estudantes da rede municipal.<\/p>\n\n\n\n<p><strong>Dircom<\/strong><\/p>\n","protected":false},"excerpt":{"rendered":"<p>A Secretaria Municipal de Educa\u00e7\u00e3o de Barreiras realizou, nesta sexta-feira (27), o primeiro encontro do Programa Escola das Adolesc\u00eancias com gestores e coordenadores pedag\u00f3gicos da rede municipal. A atividade aconteceu no audit\u00f3rio da pr\u00f3pria secretaria e reuniu profissionais que atuam nos anos finais do ensino fundamental (6\u00ba ao 9\u00ba ano). Institu\u00eddo pelo Governo Federal por [&hellip;]<\/p>\n","protected":false},"author":1,"featured_media":12379,"comment_status":"open","ping_status":"closed","sticky":false,"template":"","format":"standard","meta":{"site-sidebar-layout":"default","site-content-layout":"","ast-site-content-layout":"default","site-content-style":"default","site-sidebar-style":"default","ast-global-header-display":"","ast-banner-title-visibility":"","ast-main-header-display":"","ast-hfb-above-header-display":"","ast-hfb-below-header-display":"","ast-hfb-mobile-header-display":"","site-post-title":"","ast-breadcrumbs-content":"","ast-featured-img":"","footer-sml-layout":"","theme-transparent-header-meta":"","adv-header-id-meta":"","stick-header-meta":"","header-above-stick-meta":"","header-main-stick-meta":"","header-below-stick-meta":"","astra-migrate-meta-layouts":"set","ast-page-background-enabled":"default","ast-page-background-meta":{"desktop":{"background-color":"var(--ast-global-color-4)","background-image":"","background-repeat":"repeat","background-position":"center center","background-size":"auto","background-attachment":"scroll","background-type":"","background-media":"","overlay-type":"","overlay-color":"","overlay-opacity":"","overlay-gradient":""},"tablet":{"background-color":"","background-image":"","background-repeat":"repeat","background-position":"center center","background-size":"auto","background-attachment":"scroll","background-type":"","background-media":"","overlay-type":"","overlay-color":"","overlay-opacity":"","overlay-gradient":""},"mobile":{"background-color":"","background-image":"","background-repeat":"repeat","background-position":"center center","background-size":"auto","background-attachment":"scroll","background-type":"","background-media":"","overlay-type":"","overlay-color":"","overlay-opacity":"","overlay-gradient":""}},"ast-content-background-meta":{"desktop":{"background-color":"var(--ast-global-color-5)","background-image":"","background-repeat":"repeat","background-position":"center center","background-size":"auto","background-attachment":"scroll","background-type":"","background-media":"","overlay-type":"","overlay-color":"","overlay-opacity":"","overlay-gradient":""},"tablet":{"background-color":"var(--ast-global-color-5)","background-image":"","background-repeat":"repeat","background-position":"center center","background-size":"auto","background-attachment":"scroll","background-type":"","background-media":"","overlay-type":"","overlay-color":"","overlay-opacity":"","overlay-gradient":""},"mobile":{"background-color":"var(--ast-global-color-5)","background-image":"","background-repeat":"repeat","background-position":"center center","background-size":"auto","background-attachment":"scroll","background-type":"","background-media":"","overlay-type":"","overlay-color":"","overlay-opacity":"","overlay-gradient":""}},"footnotes":""},"categories":[45],"tags":[],"class_list":["post-12378","post","type-post","status-publish","format-standard","has-post-thumbnail","hentry","category-esportes"],"_links":{"self":[{"href":"https:\/\/maisoeste.com.br\/index.php?rest_route=\/wp\/v2\/posts\/12378","targetHints":{"allow":["GET"]}}],"collection":[{"href":"https:\/\/maisoeste.com.br\/index.php?rest_route=\/wp\/v2\/posts"}],"about":[{"href":"https:\/\/maisoeste.com.br\/index.php?rest_route=\/wp\/v2\/types\/post"}],"author":[{"embeddable":true,"href":"https:\/\/maisoeste.com.br\/index.php?rest_route=\/wp\/v2\/users\/1"}],"replies":[{"embeddable":true,"href":"https:\/\/maisoeste.com.br\/index.php?rest_route=%2Fwp%2Fv2%2Fcomments&post=12378"}],"version-history":[{"count":1,"href":"https:\/\/maisoeste.com.br\/index.php?rest_route=\/wp\/v2\/posts\/12378\/revisions"}],"predecessor-version":[{"id":12380,"href":"https:\/\/maisoeste.com.br\/index.php?rest_route=\/wp\/v2\/posts\/12378\/revisions\/12380"}],"wp:featuredmedia":[{"embeddable":true,"href":"https:\/\/maisoeste.com.br\/index.php?rest_route=\/wp\/v2\/media\/12379"}],"wp:attachment":[{"href":"https:\/\/maisoeste.com.br\/index.php?rest_route=%2Fwp%2Fv2%2Fmedia&parent=12378"}],"wp:term":[{"taxonomy":"category","embeddable":true,"href":"https:\/\/maisoeste.com.br\/index.php?rest_route=%2Fwp%2Fv2%2Fcategories&post=12378"},{"taxonomy":"post_tag","embeddable":true,"href":"https:\/\/maisoeste.com.br\/index.php?rest_route=%2Fwp%2Fv2%2Ftags&post=12378"}],"curies":[{"name":"wp","href":"https:\/\/api.w.org\/{rel}","templated":true}]}}