{"id":12404,"date":"2026-03-28T11:53:22","date_gmt":"2026-03-28T14:53:22","guid":{"rendered":"https:\/\/maisoeste.com.br\/?p=12404"},"modified":"2026-03-28T11:53:32","modified_gmt":"2026-03-28T14:53:32","slug":"barreiras-fc-realiza-primeiro-coletivo-neste-domingo-e-anuncia-amistoso-preparatorio","status":"publish","type":"post","link":"https:\/\/maisoeste.com.br\/?p=12404","title":{"rendered":"Barreiras FC realiza primeiro coletivo neste domingo e anuncia amistoso preparat\u00f3rio"},"content":{"rendered":"\n<p>O Barreiras FC segue intensificando sua prepara\u00e7\u00e3o para a disputa da S\u00e9rie B do Campeonato Baiano 2026 e dar\u00e1 mais um importante passo neste domingo (29), com a realiza\u00e7\u00e3o do primeiro coletivo. A atividade acontecer\u00e1 \u00e0s 8h30, no Est\u00e1dio Municipal Gerald\u00e3o, com port\u00f5es abertos para o p\u00fablico.<\/p>\n\n\n\n<p>A movimenta\u00e7\u00e3o marcar\u00e1 a primeira oportunidade para o torcedor barreirense acompanhar de perto o elenco em a\u00e7\u00e3o, que conta atualmente com 26 jogadores, visto que ainda est\u00e1 em fase de forma\u00e7\u00e3o, todos os atletas participar\u00e3o da atividade. At\u00e9 o momento, parte do grupo j\u00e1 foi apresentado, enquanto novos nomes devem ser anunciados nos pr\u00f3ximos dias, refor\u00e7ando o planejamento do clube para a competi\u00e7\u00e3o estadual.<\/p>\n\n\n\n<p>Al\u00e9m do coletivo, o Barreiras FC tamb\u00e9m confirma a realiza\u00e7\u00e3o do seu primeiro amistoso oficial de prepara\u00e7\u00e3o. A equipe enfrentar\u00e1 a Sele\u00e7\u00e3o de Santa Rita de C\u00e1ssia no dia 05 de abril (domingo), \u00e0s 16h, tamb\u00e9m no est\u00e1dio Gerald\u00e3o.<\/p>\n\n\n\n<p>A diretoria refor\u00e7a o convite \u00e0 torcida para que compare\u00e7a ao Est\u00e1dio Municipal neste domingo, incentivando o time e conhecendo de perto os atletas que defender\u00e3o o tricolor com suas cores verde, amarelo e branco do clube na temporada. O apoio das arquibancadas ser\u00e1 fundamental nesse momento de constru\u00e7\u00e3o e fortalecimento do projeto esportivo do Barreiras FC.<\/p>\n\n\n\n<p>Fonte\/\/Assessoria de Imprensa do Barreiras FC<\/p>\n\n\n\n<p><\/p>\n","protected":false},"excerpt":{"rendered":"<p>O Barreiras FC segue intensificando sua prepara\u00e7\u00e3o para a disputa da S\u00e9rie B do Campeonato Baiano 2026 e dar\u00e1 mais um importante passo neste domingo (29), com a realiza\u00e7\u00e3o do primeiro coletivo. A atividade acontecer\u00e1 \u00e0s 8h30, no Est\u00e1dio Municipal Gerald\u00e3o, com port\u00f5es abertos para o p\u00fablico. A movimenta\u00e7\u00e3o marcar\u00e1 a primeira oportunidade para o [&hellip;]<\/p>\n","protected":false},"author":1,"featured_media":12405,"comment_status":"open","ping_status":"closed","sticky":false,"template":"","format":"standard","meta":{"site-sidebar-layout":"default","site-content-layout":"","ast-site-content-layout":"default","site-content-style":"default","site-sidebar-style":"default","ast-global-header-display":"","ast-banner-title-visibility":"","ast-main-header-display":"","ast-hfb-above-header-display":"","ast-hfb-below-header-display":"","ast-hfb-mobile-header-display":"","site-post-title":"","ast-breadcrumbs-content":"","ast-featured-img":"","footer-sml-layout":"","theme-transparent-header-meta":"","adv-header-id-meta":"","stick-header-meta":"","header-above-stick-meta":"","header-main-stick-meta":"","header-below-stick-meta":"","astra-migrate-meta-layouts":"set","ast-page-background-enabled":"default","ast-page-background-meta":{"desktop":{"background-color":"var(--ast-global-color-4)","background-image":"","background-repeat":"repeat","background-position":"center center","background-size":"auto","background-attachment":"scroll","background-type":"","background-media":"","overlay-type":"","overlay-color":"","overlay-opacity":"","overlay-gradient":""},"tablet":{"background-color":"","background-image":"","background-repeat":"repeat","background-position":"center center","background-size":"auto","background-attachment":"scroll","background-type":"","background-media":"","overlay-type":"","overlay-color":"","overlay-opacity":"","overlay-gradient":""},"mobile":{"background-color":"","background-image":"","background-repeat":"repeat","background-position":"center center","background-size":"auto","background-attachment":"scroll","background-type":"","background-media":"","overlay-type":"","overlay-color":"","overlay-opacity":"","overlay-gradient":""}},"ast-content-background-meta":{"desktop":{"background-color":"var(--ast-global-color-5)","background-image":"","background-repeat":"repeat","background-position":"center center","background-size":"auto","background-attachment":"scroll","background-type":"","background-media":"","overlay-type":"","overlay-color":"","overlay-opacity":"","overlay-gradient":""},"tablet":{"background-color":"var(--ast-global-color-5)","background-image":"","background-repeat":"repeat","background-position":"center center","background-size":"auto","background-attachment":"scroll","background-type":"","background-media":"","overlay-type":"","overlay-color":"","overlay-opacity":"","overlay-gradient":""},"mobile":{"background-color":"var(--ast-global-color-5)","background-image":"","background-repeat":"repeat","background-position":"center center","background-size":"auto","background-attachment":"scroll","background-type":"","background-media":"","overlay-type":"","overlay-color":"","overlay-opacity":"","overlay-gradient":""}},"footnotes":""},"categories":[45],"tags":[],"class_list":["post-12404","post","type-post","status-publish","format-standard","has-post-thumbnail","hentry","category-esportes"],"_links":{"self":[{"href":"https:\/\/maisoeste.com.br\/index.php?rest_route=\/wp\/v2\/posts\/12404","targetHints":{"allow":["GET"]}}],"collection":[{"href":"https:\/\/maisoeste.com.br\/index.php?rest_route=\/wp\/v2\/posts"}],"about":[{"href":"https:\/\/maisoeste.com.br\/index.php?rest_route=\/wp\/v2\/types\/post"}],"author":[{"embeddable":true,"href":"https:\/\/maisoeste.com.br\/index.php?rest_route=\/wp\/v2\/users\/1"}],"replies":[{"embeddable":true,"href":"https:\/\/maisoeste.com.br\/index.php?rest_route=%2Fwp%2Fv2%2Fcomments&post=12404"}],"version-history":[{"count":1,"href":"https:\/\/maisoeste.com.br\/index.php?rest_route=\/wp\/v2\/posts\/12404\/revisions"}],"predecessor-version":[{"id":12406,"href":"https:\/\/maisoeste.com.br\/index.php?rest_route=\/wp\/v2\/posts\/12404\/revisions\/12406"}],"wp:featuredmedia":[{"embeddable":true,"href":"https:\/\/maisoeste.com.br\/index.php?rest_route=\/wp\/v2\/media\/12405"}],"wp:attachment":[{"href":"https:\/\/maisoeste.com.br\/index.php?rest_route=%2Fwp%2Fv2%2Fmedia&parent=12404"}],"wp:term":[{"taxonomy":"category","embeddable":true,"href":"https:\/\/maisoeste.com.br\/index.php?rest_route=%2Fwp%2Fv2%2Fcategories&post=12404"},{"taxonomy":"post_tag","embeddable":true,"href":"https:\/\/maisoeste.com.br\/index.php?rest_route=%2Fwp%2Fv2%2Ftags&post=12404"}],"curies":[{"name":"wp","href":"https:\/\/api.w.org\/{rel}","templated":true}]}}