{"id":12555,"date":"2026-04-04T07:22:43","date_gmt":"2026-04-04T10:22:43","guid":{"rendered":"https:\/\/maisoeste.com.br\/?p=12555"},"modified":"2026-04-04T07:22:45","modified_gmt":"2026-04-04T10:22:45","slug":"desaparecimento-de-romeiro-durante-excursao-em-bom-jesus-da-lapa-completa-um-ano","status":"publish","type":"post","link":"https:\/\/maisoeste.com.br\/?p=12555","title":{"rendered":"Desaparecimento de romeiro durante excurs\u00e3o em Bom Jesus da Lapa completa um ano"},"content":{"rendered":"\n<p>O\u00a0desaparecimento do romeiro Mauro L\u00facio da Silva\u00a0completa um ano neste s\u00e1bado (4), sem que a fam\u00edlia tenha recebido qualquer informa\u00e7\u00e3o sobre o paradeiro dele. O homem de 55 anos saiu com um grupo de\u00a0Vi\u00e7osa, em Minas Gerais, com destino \u00e0 cidade de\u00a0Bom Jesus da Lapa, no oeste da Bahia, em uma excurs\u00e3o religiosa.<\/p>\n\n\n\n<p>A viagem ocorreu em 3 de abril de 2025, mas, no dia seguinte, ele n\u00e3o voltou para o hotel onde o grupo estava hospedado. A pol\u00edcia foi acionada e as buscas foram iniciadas no dia 6 de abril, mas Mauro L\u00facio n\u00e3o foi encontrado.<\/p>\n\n\n\n<p>\u00c0 \u00e9poca do desaparecimento, Joseane Cristina Ramos, nora de Mauro L\u00facio, relatou que outras pessoas que o acompanhavam na excurs\u00e3o contaram que\u00a0o romeiro ficou desorientado durante a viagem, antes de chegar em Bom Jesus da Lapa. &#8220;Ele n\u00e3o tinha nenhum problema de sa\u00fade, n\u00e3o fazia uso de nenhuma medica\u00e7\u00e3o e ningu\u00e9m sabe o que aconteceu&#8221;, ressaltou Joseane.<\/p>\n\n\n\n<p>O delegado Marcos Aur\u00e9lio de Oliveira Porto, respons\u00e1vel pelas investiga\u00e7\u00f5es, disse que acredita que Mauro L\u00facio ficou em Bom Jesus da Lapa apenas por poucas horas. As buscas por ele na regi\u00e3o duraram cerca de um m\u00eas.<\/p>\n\n\n\n<p>Na \u00e9poca do desaparecimento, o delegado contou que o\u00a0romeiro n\u00e3o subiu em dire\u00e7\u00e3o ao Morro do Bom Jesus, conforme investigado inicialmente. A fam\u00edlia e amigos cogitaram a possibilidade de que ele estivesse perdido no local de peregrina\u00e7\u00e3o cat\u00f3lica, que tem mil metros de extens\u00e3o e diversas grutas.<\/p>\n\n\n\n<p>No entanto, imagens de c\u00e2meras de seguran\u00e7a foram analisadas e confirmaram que&nbsp;Mauro L\u00facio partiu em uma dire\u00e7\u00e3o oposta ao morro, aparentemente desorientado.<\/p>\n\n\n\n<p>Em imagens divulgadas pela Pol\u00edcia Civil, \u00e9 poss\u00edvel ver o romeiro circulando por ruas de Bom Jesus da Lapa.<\/p>\n\n\n\n<p>Fonte\/\/G1<\/p>\n","protected":false},"excerpt":{"rendered":"<p>O\u00a0desaparecimento do romeiro Mauro L\u00facio da Silva\u00a0completa um ano neste s\u00e1bado (4), sem que a fam\u00edlia tenha recebido qualquer informa\u00e7\u00e3o sobre o paradeiro dele. O homem de 55 anos saiu com um grupo de\u00a0Vi\u00e7osa, em Minas Gerais, com destino \u00e0 cidade de\u00a0Bom Jesus da Lapa, no oeste da Bahia, em uma excurs\u00e3o religiosa. A viagem [&hellip;]<\/p>\n","protected":false},"author":1,"featured_media":12556,"comment_status":"open","ping_status":"closed","sticky":false,"template":"","format":"standard","meta":{"site-sidebar-layout":"default","site-content-layout":"","ast-site-content-layout":"default","site-content-style":"default","site-sidebar-style":"default","ast-global-header-display":"","ast-banner-title-visibility":"","ast-main-header-display":"","ast-hfb-above-header-display":"","ast-hfb-below-header-display":"","ast-hfb-mobile-header-display":"","site-post-title":"","ast-breadcrumbs-content":"","ast-featured-img":"","footer-sml-layout":"","theme-transparent-header-meta":"","adv-header-id-meta":"","stick-header-meta":"","header-above-stick-meta":"","header-main-stick-meta":"","header-below-stick-meta":"","astra-migrate-meta-layouts":"set","ast-page-background-enabled":"default","ast-page-background-meta":{"desktop":{"background-color":"var(--ast-global-color-4)","background-image":"","background-repeat":"repeat","background-position":"center center","background-size":"auto","background-attachment":"scroll","background-type":"","background-media":"","overlay-type":"","overlay-color":"","overlay-opacity":"","overlay-gradient":""},"tablet":{"background-color":"","background-image":"","background-repeat":"repeat","background-position":"center center","background-size":"auto","background-attachment":"scroll","background-type":"","background-media":"","overlay-type":"","overlay-color":"","overlay-opacity":"","overlay-gradient":""},"mobile":{"background-color":"","background-image":"","background-repeat":"repeat","background-position":"center center","background-size":"auto","background-attachment":"scroll","background-type":"","background-media":"","overlay-type":"","overlay-color":"","overlay-opacity":"","overlay-gradient":""}},"ast-content-background-meta":{"desktop":{"background-color":"var(--ast-global-color-5)","background-image":"","background-repeat":"repeat","background-position":"center center","background-size":"auto","background-attachment":"scroll","background-type":"","background-media":"","overlay-type":"","overlay-color":"","overlay-opacity":"","overlay-gradient":""},"tablet":{"background-color":"var(--ast-global-color-5)","background-image":"","background-repeat":"repeat","background-position":"center center","background-size":"auto","background-attachment":"scroll","background-type":"","background-media":"","overlay-type":"","overlay-color":"","overlay-opacity":"","overlay-gradient":""},"mobile":{"background-color":"var(--ast-global-color-5)","background-image":"","background-repeat":"repeat","background-position":"center center","background-size":"auto","background-attachment":"scroll","background-type":"","background-media":"","overlay-type":"","overlay-color":"","overlay-opacity":"","overlay-gradient":""}},"footnotes":""},"categories":[45],"tags":[],"class_list":["post-12555","post","type-post","status-publish","format-standard","has-post-thumbnail","hentry","category-esportes"],"_links":{"self":[{"href":"https:\/\/maisoeste.com.br\/index.php?rest_route=\/wp\/v2\/posts\/12555","targetHints":{"allow":["GET"]}}],"collection":[{"href":"https:\/\/maisoeste.com.br\/index.php?rest_route=\/wp\/v2\/posts"}],"about":[{"href":"https:\/\/maisoeste.com.br\/index.php?rest_route=\/wp\/v2\/types\/post"}],"author":[{"embeddable":true,"href":"https:\/\/maisoeste.com.br\/index.php?rest_route=\/wp\/v2\/users\/1"}],"replies":[{"embeddable":true,"href":"https:\/\/maisoeste.com.br\/index.php?rest_route=%2Fwp%2Fv2%2Fcomments&post=12555"}],"version-history":[{"count":1,"href":"https:\/\/maisoeste.com.br\/index.php?rest_route=\/wp\/v2\/posts\/12555\/revisions"}],"predecessor-version":[{"id":12557,"href":"https:\/\/maisoeste.com.br\/index.php?rest_route=\/wp\/v2\/posts\/12555\/revisions\/12557"}],"wp:featuredmedia":[{"embeddable":true,"href":"https:\/\/maisoeste.com.br\/index.php?rest_route=\/wp\/v2\/media\/12556"}],"wp:attachment":[{"href":"https:\/\/maisoeste.com.br\/index.php?rest_route=%2Fwp%2Fv2%2Fmedia&parent=12555"}],"wp:term":[{"taxonomy":"category","embeddable":true,"href":"https:\/\/maisoeste.com.br\/index.php?rest_route=%2Fwp%2Fv2%2Fcategories&post=12555"},{"taxonomy":"post_tag","embeddable":true,"href":"https:\/\/maisoeste.com.br\/index.php?rest_route=%2Fwp%2Fv2%2Ftags&post=12555"}],"curies":[{"name":"wp","href":"https:\/\/api.w.org\/{rel}","templated":true}]}}