{"id":12571,"date":"2026-04-06T06:07:17","date_gmt":"2026-04-06T09:07:17","guid":{"rendered":"https:\/\/maisoeste.com.br\/?p=12571"},"modified":"2026-04-06T06:07:19","modified_gmt":"2026-04-06T09:07:19","slug":"governo-do-ira-diz-que-ameacas-de-trump-podem-configurar-crimes-de-guerra","status":"publish","type":"post","link":"https:\/\/maisoeste.com.br\/?p=12571","title":{"rendered":"Governo do Ir\u00e3 diz que amea\u00e7as de Trump podem configurar crimes de guerra"},"content":{"rendered":"\n<p>O vice-ministro das Rela\u00e7\u00f5es Exteriores do Ir\u00e3, Kazem Gharibabadi, afirmou nesta segunda-feira (6) que as amea\u00e7as do presidente dos Estados Unidos, Donald Trump, de\u00a0atacar usinas de energia e pontes no pa\u00eds podem constituir crimes de guerra.<\/p>\n\n\n\n<p>A declara\u00e7\u00e3o ocorre ap\u00f3s Trump publicar, no domingo (5), uma amea\u00e7a direta relacionada ao Estreito de Ormuz, caso o Ir\u00e3 n\u00e3o reabra a passagem mar\u00edtima.<\/p>\n\n\n\n<p>Em publica\u00e7\u00e3o na rede social Truth Social, o presidente afirmou: \u201cTer\u00e7a-feira ser\u00e1 o Dia das Usinas de Energia e o Dia das Pontes, tudo em um s\u00f3, no Ir\u00e3. N\u00e3o haver\u00e1 nada igual!!! Abram a p*** do estreito, seus bastardos loucos, ou voc\u00eas v\u00e3o viver no inferno \u2014 \u00e9 s\u00f3 esperar! Louvado seja Al\u00e1\u201d.<\/p>\n\n\n\n<p>No s\u00e1bado (4), Trump j\u00e1 havia dito que o governo iraniano teria 48 horas para normalizar as atividades na passagem mar\u00edtima e amea\u00e7ado novos ataques caso a exig\u00eancia n\u00e3o fosse cumprida.<\/p>\n\n\n\n<p>\u201cO presidente americano, como a mais alta autoridade de seu pa\u00eds, amea\u00e7ou publicamente cometer crimes de guerra\u201d, disse Gharibabadi em uma postagem no X, citando disposi\u00e7\u00f5es do direito internacional que poderiam ser violadas.<\/p>\n\n\n\n<p>\u201cA&nbsp;amea\u00e7a de atacar centrais el\u00e9tricas e pontes (infraestrutura civil) \u00e9 um crime de guerra nos termos do artigo 8.\u00ba, n.\u00ba 2, al\u00ednea b), do Estatuto de Roma do Tribunal Penal Internacional\u201d, acrescentou.<\/p>\n\n\n\n<p>O vice-ministro acrescentou que as declara\u00e7\u00f5es do presidente norte-americano configurariam, segundo sua avalia\u00e7\u00e3o, viola\u00e7\u00f5es do direito internacional, ao mencionar dispositivos previstos no Estatuto de Roma do Tribunal Penal Internacional.<\/p>\n\n\n\n<p>Na mesma linha, Trump tamb\u00e9m afirmou neste domingo, em entrevista \u00e0 Fox News, que acredita ser poss\u00edvel fechar um acordo com o Ir\u00e3 at\u00e9 segunda-feira, em meio \u00e0s negocia\u00e7\u00f5es por um cessar-fogo.<\/p>\n\n\n\n<p>Segundo ele, as conversas est\u00e3o em andamento e os negociadores iranianos envolvidos receberam uma anistia limitada para participar das tratativas, com expectativa de um desfecho r\u00e1pido para reduzir as tens\u00f5es.<\/p>\n\n\n\n<p>Trump tamb\u00e9m fez amea\u00e7as diretas caso o acordo n\u00e3o avance. Disse que,&nbsp;se o Ir\u00e3 se recusar a firmar um entendimento, os Estados Unidos poder\u00e3o tomar o petr\u00f3leo iraniano. Ainda na entrevista, afirmou que o governo americano enviou armas a manifestantes iranianos no in\u00edcio do ano, por meio dos curdos, mas disse acreditar que esse armamento acabou retido, sem chegar aos opositores do regime em Teer\u00e3.<\/p>\n\n\n\n<p>Na sexta-feira (3), o Ir\u00e3 havia rejeitado uma proposta de 48 horas de cessar-fogo feita pelos Estados Unidos, segundo ag\u00eancia de not\u00edcias semioficial iraniana Fars.<\/p>\n\n\n\n<p>De acordo com uma fonte an\u00f4nima ouvida pela ag\u00eancia, a proposta foi apresentada por um outro pa\u00eds e Teer\u00e3 acredita que foi resultado da surpresa do governo Trump com a capacidade de resposta militar iraniana.<\/p>\n\n\n\n<p>\u201cAs avalia\u00e7\u00f5es indicam que essa proposta surgiu ap\u00f3s a intensifica\u00e7\u00e3o da crise na regi\u00e3o e o aparecimento de s\u00e9rios problemas para as for\u00e7as militares americanas, em consequ\u00eancia de uma estimativa equivocada sobre a capacidade militar da Rep\u00fablica Isl\u00e2mica do Ir\u00e3. Segundo este relat\u00f3rio, a resposta do Ir\u00e3 a essa proposta n\u00e3o foi dada por escrito, mas sim no campo de batalha, com a continuidade dos ataques pesados\u201d, disse a fonte.<\/p>\n\n\n\n<p>Fonte\/\/G1<\/p>\n","protected":false},"excerpt":{"rendered":"<p>O vice-ministro das Rela\u00e7\u00f5es Exteriores do Ir\u00e3, Kazem Gharibabadi, afirmou nesta segunda-feira (6) que as amea\u00e7as do presidente dos Estados Unidos, Donald Trump, de\u00a0atacar usinas de energia e pontes no pa\u00eds podem constituir crimes de guerra. A declara\u00e7\u00e3o ocorre ap\u00f3s Trump publicar, no domingo (5), uma amea\u00e7a direta relacionada ao Estreito de Ormuz, caso o [&hellip;]<\/p>\n","protected":false},"author":1,"featured_media":12572,"comment_status":"open","ping_status":"closed","sticky":false,"template":"","format":"standard","meta":{"site-sidebar-layout":"default","site-content-layout":"","ast-site-content-layout":"default","site-content-style":"default","site-sidebar-style":"default","ast-global-header-display":"","ast-banner-title-visibility":"","ast-main-header-display":"","ast-hfb-above-header-display":"","ast-hfb-below-header-display":"","ast-hfb-mobile-header-display":"","site-post-title":"","ast-breadcrumbs-content":"","ast-featured-img":"","footer-sml-layout":"","theme-transparent-header-meta":"","adv-header-id-meta":"","stick-header-meta":"","header-above-stick-meta":"","header-main-stick-meta":"","header-below-stick-meta":"","astra-migrate-meta-layouts":"set","ast-page-background-enabled":"default","ast-page-background-meta":{"desktop":{"background-color":"var(--ast-global-color-4)","background-image":"","background-repeat":"repeat","background-position":"center center","background-size":"auto","background-attachment":"scroll","background-type":"","background-media":"","overlay-type":"","overlay-color":"","overlay-opacity":"","overlay-gradient":""},"tablet":{"background-color":"","background-image":"","background-repeat":"repeat","background-position":"center center","background-size":"auto","background-attachment":"scroll","background-type":"","background-media":"","overlay-type":"","overlay-color":"","overlay-opacity":"","overlay-gradient":""},"mobile":{"background-color":"","background-image":"","background-repeat":"repeat","background-position":"center center","background-size":"auto","background-attachment":"scroll","background-type":"","background-media":"","overlay-type":"","overlay-color":"","overlay-opacity":"","overlay-gradient":""}},"ast-content-background-meta":{"desktop":{"background-color":"var(--ast-global-color-5)","background-image":"","background-repeat":"repeat","background-position":"center center","background-size":"auto","background-attachment":"scroll","background-type":"","background-media":"","overlay-type":"","overlay-color":"","overlay-opacity":"","overlay-gradient":""},"tablet":{"background-color":"var(--ast-global-color-5)","background-image":"","background-repeat":"repeat","background-position":"center center","background-size":"auto","background-attachment":"scroll","background-type":"","background-media":"","overlay-type":"","overlay-color":"","overlay-opacity":"","overlay-gradient":""},"mobile":{"background-color":"var(--ast-global-color-5)","background-image":"","background-repeat":"repeat","background-position":"center center","background-size":"auto","background-attachment":"scroll","background-type":"","background-media":"","overlay-type":"","overlay-color":"","overlay-opacity":"","overlay-gradient":""}},"footnotes":""},"categories":[4],"tags":[],"class_list":["post-12571","post","type-post","status-publish","format-standard","has-post-thumbnail","hentry","category-brasil"],"_links":{"self":[{"href":"https:\/\/maisoeste.com.br\/index.php?rest_route=\/wp\/v2\/posts\/12571","targetHints":{"allow":["GET"]}}],"collection":[{"href":"https:\/\/maisoeste.com.br\/index.php?rest_route=\/wp\/v2\/posts"}],"about":[{"href":"https:\/\/maisoeste.com.br\/index.php?rest_route=\/wp\/v2\/types\/post"}],"author":[{"embeddable":true,"href":"https:\/\/maisoeste.com.br\/index.php?rest_route=\/wp\/v2\/users\/1"}],"replies":[{"embeddable":true,"href":"https:\/\/maisoeste.com.br\/index.php?rest_route=%2Fwp%2Fv2%2Fcomments&post=12571"}],"version-history":[{"count":1,"href":"https:\/\/maisoeste.com.br\/index.php?rest_route=\/wp\/v2\/posts\/12571\/revisions"}],"predecessor-version":[{"id":12573,"href":"https:\/\/maisoeste.com.br\/index.php?rest_route=\/wp\/v2\/posts\/12571\/revisions\/12573"}],"wp:featuredmedia":[{"embeddable":true,"href":"https:\/\/maisoeste.com.br\/index.php?rest_route=\/wp\/v2\/media\/12572"}],"wp:attachment":[{"href":"https:\/\/maisoeste.com.br\/index.php?rest_route=%2Fwp%2Fv2%2Fmedia&parent=12571"}],"wp:term":[{"taxonomy":"category","embeddable":true,"href":"https:\/\/maisoeste.com.br\/index.php?rest_route=%2Fwp%2Fv2%2Fcategories&post=12571"},{"taxonomy":"post_tag","embeddable":true,"href":"https:\/\/maisoeste.com.br\/index.php?rest_route=%2Fwp%2Fv2%2Ftags&post=12571"}],"curies":[{"name":"wp","href":"https:\/\/api.w.org\/{rel}","templated":true}]}}