{"id":12651,"date":"2026-04-09T06:35:21","date_gmt":"2026-04-09T09:35:21","guid":{"rendered":"https:\/\/maisoeste.com.br\/?p=12651"},"modified":"2026-04-09T06:35:22","modified_gmt":"2026-04-09T09:35:22","slug":"prefeitura-de-barreiras-fortalece-rede-de-imunizacao-com-aquisicao-de-novas-camaras-frias-para-salas-de-vacina","status":"publish","type":"post","link":"https:\/\/maisoeste.com.br\/?p=12651","title":{"rendered":"Prefeitura de Barreiras fortalece rede de imuniza\u00e7\u00e3o com aquisi\u00e7\u00e3o de novas c\u00e2maras frias para salas de vacina"},"content":{"rendered":"\n<p>A Prefeitura de Barreiras, por meio da Secretaria Municipal de Sa\u00fade, equipou e estruturou 10 salas de vacina da Aten\u00e7\u00e3o Prim\u00e1ria \u00e0 Sa\u00fade (APS) e a Coordena\u00e7\u00e3o de Programa de Imuniza\u00e7\u00e3o de Barreiras (COPIM) com a aquisi\u00e7\u00e3o de novas c\u00e2maras frias. A iniciativa foi conclu\u00edda nesta ter\u00e7a-feira (7) representando um avan\u00e7o importante na garantia da qualidade e seguran\u00e7a dos imunobiol\u00f3gicos utilizados no munic\u00edpio.<\/p>\n\n\n\n<p>Ao todo, foram instaladas 13 c\u00e2maras frias, sendo 10 equipamentos com capacidade de 300 litros destinados \u00e0s salas de vacina da APS, adquiridos por meio do Minist\u00e9rio da Sa\u00fade, e 03 c\u00e2maras de 900 litros para a COPIM, viabilizadas com recursos do pr\u00f3prio munic\u00edpio. A medida amplia significativamente a capacidade de armazenamento e o controle adequado dos imunizantes em toda a rede.<\/p>\n\n\n\n<p>Conforme o coordenador da Aten\u00e7\u00e3o Prim\u00e1ria, Ari Donizete, as c\u00e2maras frias t\u00eam como principal finalidade assegurar a manuten\u00e7\u00e3o da chamada cadeia de frio, processo essencial para conservar vacinas em temperaturas rigorosamente controladas, geralmente entre +2\u00b0C e +8\u00b0C. Esse controle \u00e9 indispens\u00e1vel para preservar a efic\u00e1cia dos imunobiol\u00f3gicos desde o recebimento at\u00e9 o momento da aplica\u00e7\u00e3o, evitando perdas decorrentes de varia\u00e7\u00f5es t\u00e9rmicas inadequadas.<\/p>\n\n\n\n<p>\u201cIsso significa mais efici\u00eancia no trabalho das equipes e, principalmente, mais seguran\u00e7a para a popula\u00e7\u00e3o que busca a vacina\u00e7\u00e3o. \u00c9 um cuidado que come\u00e7a na conserva\u00e7\u00e3o da vacina e se reflete diretamente na prote\u00e7\u00e3o das pessoas\u201d, destacou Ari Donizete.<\/p>\n\n\n\n<p>Diferentemente de geladeiras comuns, os equipamentos adquiridos oferecem controle preciso e homog\u00eaneo de temperatura, al\u00e9m de monitoramento cont\u00ednuo. As c\u00e2maras contam ainda com sistemas de seguran\u00e7a, como alarmes para oscila\u00e7\u00f5es t\u00e9rmicas e baterias que garantem o funcionamento mesmo em casos de queda de energia, refor\u00e7ando a confiabilidade no armazenamento.<\/p>\n\n\n\n<p>Entre as principais vantagens est\u00e3o a organiza\u00e7\u00e3o adequada dos imunobiol\u00f3gicos, maior seguran\u00e7a no acondicionamento e a conformidade com as normas estabelecidas pela Ag\u00eancia Nacional de Vigil\u00e2ncia Sanit\u00e1ria (ANVISA) e pelo Programa Nacional de Imuniza\u00e7\u00e3o (PNI). As c\u00e2maras frias foram distribu\u00eddas nas seguintes unidades da Aten\u00e7\u00e3o Prim\u00e1ria \u00e0 Sa\u00fade: USF Nivaldo Moreira, USF Clayton Pignata, USF CAIC, USF Emilly Raquel, USF Jaime Lima, USF Dr. Brancildes J\u00fanior, USF Ant\u00f4nia Z\u00e9lia, USF Maria Santana Macedo, USF Jos\u00e9 Batista do Amaral e USF Martina Clara, e tr\u00eas c\u00e2maras de maior capacidade foram destinadas \u00e0 COPIM.<\/p>\n\n\n\n<p>De acordo com a secret\u00e1ria de Sa\u00fade de Barreiras, Larissa Barbosa, com a moderniza\u00e7\u00e3o e amplia\u00e7\u00e3o dessa estrutura das salas de vacina, o armazenamento central e a log\u00edstica de distribui\u00e7\u00e3o dos imunizantes no munic\u00edpio s\u00e3o fortalecidos. \u201cEsse investimento nas c\u00e2maras frias representa um avan\u00e7o fundamental para a Aten\u00e7\u00e3o Prim\u00e1ria em Barreiras. Estamos qualificando nossas salas de vacina com equipamentos adequados, que garantem o armazenamento seguro dos imunobiol\u00f3gicos dentro dos padr\u00f5es exigidos\u201d, enfatizou.<\/p>\n\n\n\n<p><strong>Dircom<\/strong><\/p>\n","protected":false},"excerpt":{"rendered":"<p>A Prefeitura de Barreiras, por meio da Secretaria Municipal de Sa\u00fade, equipou e estruturou 10 salas de vacina da Aten\u00e7\u00e3o Prim\u00e1ria \u00e0 Sa\u00fade (APS) e a Coordena\u00e7\u00e3o de Programa de Imuniza\u00e7\u00e3o de Barreiras (COPIM) com a aquisi\u00e7\u00e3o de novas c\u00e2maras frias. A iniciativa foi conclu\u00edda nesta ter\u00e7a-feira (7) representando um avan\u00e7o importante na garantia da [&hellip;]<\/p>\n","protected":false},"author":1,"featured_media":12652,"comment_status":"open","ping_status":"closed","sticky":false,"template":"","format":"standard","meta":{"site-sidebar-layout":"default","site-content-layout":"","ast-site-content-layout":"default","site-content-style":"default","site-sidebar-style":"default","ast-global-header-display":"","ast-banner-title-visibility":"","ast-main-header-display":"","ast-hfb-above-header-display":"","ast-hfb-below-header-display":"","ast-hfb-mobile-header-display":"","site-post-title":"","ast-breadcrumbs-content":"","ast-featured-img":"","footer-sml-layout":"","theme-transparent-header-meta":"","adv-header-id-meta":"","stick-header-meta":"","header-above-stick-meta":"","header-main-stick-meta":"","header-below-stick-meta":"","astra-migrate-meta-layouts":"set","ast-page-background-enabled":"default","ast-page-background-meta":{"desktop":{"background-color":"var(--ast-global-color-4)","background-image":"","background-repeat":"repeat","background-position":"center center","background-size":"auto","background-attachment":"scroll","background-type":"","background-media":"","overlay-type":"","overlay-color":"","overlay-opacity":"","overlay-gradient":""},"tablet":{"background-color":"","background-image":"","background-repeat":"repeat","background-position":"center center","background-size":"auto","background-attachment":"scroll","background-type":"","background-media":"","overlay-type":"","overlay-color":"","overlay-opacity":"","overlay-gradient":""},"mobile":{"background-color":"","background-image":"","background-repeat":"repeat","background-position":"center center","background-size":"auto","background-attachment":"scroll","background-type":"","background-media":"","overlay-type":"","overlay-color":"","overlay-opacity":"","overlay-gradient":""}},"ast-content-background-meta":{"desktop":{"background-color":"var(--ast-global-color-5)","background-image":"","background-repeat":"repeat","background-position":"center center","background-size":"auto","background-attachment":"scroll","background-type":"","background-media":"","overlay-type":"","overlay-color":"","overlay-opacity":"","overlay-gradient":""},"tablet":{"background-color":"var(--ast-global-color-5)","background-image":"","background-repeat":"repeat","background-position":"center center","background-size":"auto","background-attachment":"scroll","background-type":"","background-media":"","overlay-type":"","overlay-color":"","overlay-opacity":"","overlay-gradient":""},"mobile":{"background-color":"var(--ast-global-color-5)","background-image":"","background-repeat":"repeat","background-position":"center center","background-size":"auto","background-attachment":"scroll","background-type":"","background-media":"","overlay-type":"","overlay-color":"","overlay-opacity":"","overlay-gradient":""}},"footnotes":""},"categories":[45],"tags":[],"class_list":["post-12651","post","type-post","status-publish","format-standard","has-post-thumbnail","hentry","category-esportes"],"_links":{"self":[{"href":"https:\/\/maisoeste.com.br\/index.php?rest_route=\/wp\/v2\/posts\/12651","targetHints":{"allow":["GET"]}}],"collection":[{"href":"https:\/\/maisoeste.com.br\/index.php?rest_route=\/wp\/v2\/posts"}],"about":[{"href":"https:\/\/maisoeste.com.br\/index.php?rest_route=\/wp\/v2\/types\/post"}],"author":[{"embeddable":true,"href":"https:\/\/maisoeste.com.br\/index.php?rest_route=\/wp\/v2\/users\/1"}],"replies":[{"embeddable":true,"href":"https:\/\/maisoeste.com.br\/index.php?rest_route=%2Fwp%2Fv2%2Fcomments&post=12651"}],"version-history":[{"count":1,"href":"https:\/\/maisoeste.com.br\/index.php?rest_route=\/wp\/v2\/posts\/12651\/revisions"}],"predecessor-version":[{"id":12653,"href":"https:\/\/maisoeste.com.br\/index.php?rest_route=\/wp\/v2\/posts\/12651\/revisions\/12653"}],"wp:featuredmedia":[{"embeddable":true,"href":"https:\/\/maisoeste.com.br\/index.php?rest_route=\/wp\/v2\/media\/12652"}],"wp:attachment":[{"href":"https:\/\/maisoeste.com.br\/index.php?rest_route=%2Fwp%2Fv2%2Fmedia&parent=12651"}],"wp:term":[{"taxonomy":"category","embeddable":true,"href":"https:\/\/maisoeste.com.br\/index.php?rest_route=%2Fwp%2Fv2%2Fcategories&post=12651"},{"taxonomy":"post_tag","embeddable":true,"href":"https:\/\/maisoeste.com.br\/index.php?rest_route=%2Fwp%2Fv2%2Ftags&post=12651"}],"curies":[{"name":"wp","href":"https:\/\/api.w.org\/{rel}","templated":true}]}}