{"id":12657,"date":"2026-04-09T06:54:06","date_gmt":"2026-04-09T09:54:06","guid":{"rendered":"https:\/\/maisoeste.com.br\/?p=12657"},"modified":"2026-04-09T06:54:07","modified_gmt":"2026-04-09T09:54:07","slug":"presidente-da-camara-de-vereadores-e-preso-em-operacao-contra-trafico-e-lavagem-de-dinheiro-na-bahia","status":"publish","type":"post","link":"https:\/\/maisoeste.com.br\/?p=12657","title":{"rendered":"Presidente da C\u00e2mara de Vereadores \u00e9 preso em opera\u00e7\u00e3o contra tr\u00e1fico e lavagem de dinheiro na Bahia"},"content":{"rendered":"\n<p>O presidente da C\u00e2mara de Vereadores de\u00a0Guaratinga, na Bahia, Paulo Chiclete (PSD), foi um dos\u00a0presos na opera\u00e7\u00e3o da Pol\u00edcia Civil contra uma organiza\u00e7\u00e3o criminosa\u00a0nesta quarta-feira (7).\u00a0Nas redes sociais, o vereador se define como defensor da fam\u00edlia, dos esportes e das causas sociais.<\/p>\n\n\n\n<p>Paulo Chiclete e outras seis pessoas foram presas durante a &#8220;Opera\u00e7\u00e3o Vento Norte&#8221;, contra uma organiza\u00e7\u00e3o criminosa suspeita de tr\u00e1fico de drogas, lavagem de dinheiro e associa\u00e7\u00e3o criminosa no extremo sul da Bahia.<\/p>\n\n\n\n<p>A defesa do vereador afirma que ele \u00e9 inocente e que a pris\u00e3o aconteceu no mesmo momento da chegada de uma precat\u00f3ria que ultrapassa R$ 26 milh\u00f5es, e que virou tema central do cen\u00e1rio pol\u00edtico local.&nbsp;<\/p>\n\n\n\n<p>Paulo nasceu em Guaratinga e tem 39 anos. Esse \u00e9 o primeiro mandato dele como vereador na cidade.<\/p>\n\n\n\n<p>Al\u00e9m de ter tido o mandado de pris\u00e3o cumprido no \u00e2mbito da opera\u00e7\u00e3o nesta quarta-feira, o vereador foi autuado em flagrante por posse ilegal de arma de fogo.<\/p>\n\n\n\n<p>De acordo com as investiga\u00e7\u00f5es da Pol\u00edcia Civil, o grupo tem atua\u00e7\u00e3o estruturada e usava contas banc\u00e1rias para movimentar recursos de origem il\u00edcita.<\/p>\n\n\n\n<p>Segundo as apura\u00e7\u00f5es do MP-BA, o grupo criminoso utilizava fintechs \u2014 empresas que combinam finan\u00e7as e tecnologia para simplificar servi\u00e7os banc\u00e1rios \u2014 para &#8220;lavar&#8221; dinheiro.&nbsp;Em apenas uma das investigadas, foi identificada uma movimenta\u00e7\u00e3o superior a R$ 20 milh\u00f5es.<\/p>\n\n\n\n<h2 class=\"wp-block-heading\">Pris\u00f5es e bloqueios financeiros<\/h2>\n\n\n\n<p>As sete pris\u00f5es foram realizadas nos bairros Pequi, Juca Rosa e Sapucaieira, em Eun\u00e1polis, e nos bairros Centro e Novo Horizonte, em Guaratinga.<\/p>\n\n\n\n<p>Outros cinco mandados de pris\u00e3o foram cumpridos no sistema prisional, sendo dois no estado do Esp\u00edrito Santo, um em Minas Gerais, um no Rio de Janeiro e um na Bahia, onde os investigados j\u00e1 se encontravam custodiados.<\/p>\n\n\n\n<p>Al\u00e9m das pris\u00f5es, a a\u00e7\u00e3o cumpriu um bloqueio de R$ 3,8 milh\u00f5es em ativos financeiros. As medidas foram expedidas pela Justi\u00e7a da Comarca de Belmonte e atingiram 26 contas banc\u00e1rias ligadas aos investigados.<\/p>\n\n\n\n<h2 class=\"wp-block-heading\">\u00cdntegra do posicionamento de Paulo Chiclete<\/h2>\n\n\n\n<p><em>&#8220;A recente opera\u00e7\u00e3o que atingiu o presidente da C\u00e2mara de Vereadores de Guaratinga, Paulo Chiclete, levanta questionamentos que v\u00e3o al\u00e9m do que foi apresentado at\u00e9 o momento. Em meio \u00e0s investiga\u00e7\u00f5es, a defesa do parlamentar afirma, com firmeza, que ele \u00e9 inocente e est\u00e1 \u00e0 total disposi\u00e7\u00e3o da Justi\u00e7a para prestar todos os esclarecimentos necess\u00e1rios.<\/em><\/p>\n\n\n\n<p><em>O caso ocorre em um momento sens\u00edvel para o munic\u00edpio: a chegada de uma precat\u00f3ria milion\u00e1ria, com valores que ultrapassam R$ 26 milh\u00f5es j\u00e1 nesta primeira etapa. O montante, que exige decis\u00f5es importantes sobre aplica\u00e7\u00e3o e fiscaliza\u00e7\u00e3o, passou a ser tema central no cen\u00e1rio pol\u00edtico local, e \u00e9 justamente nesse contexto que surgem indaga\u00e7\u00f5es inevit\u00e1veis: qual \u00e9 o peso de uma precat\u00f3ria desse porte?<\/em><\/p>\n\n\n\n<p><em>Antes mesmo da libera\u00e7\u00e3o dos recursos, Paulo Chiclete j\u00e1 havia se posicionado publicamente pela necessidade de que qualquer movimenta\u00e7\u00e3o fosse acompanhada pela C\u00e2mara Municipal, refor\u00e7ando o papel constitucional de fiscaliza\u00e7\u00e3o do Legislativo. Agora, com o presidente afastado de suas fun\u00e7\u00f5es em meio a uma investiga\u00e7\u00e3o, aliados apontam preocupa\u00e7\u00e3o com poss\u00edveis impactos no equil\u00edbrio das decis\u00f5es que envolvem esses recursos.<\/em><\/p>\n\n\n\n<p><em>A defesa do parlamentar destaca que Paulo Chiclete n\u00e3o possui qualquer envolvimento com atividades il\u00edcitas e que sua trajet\u00f3ria p\u00fablica \u00e9 marcada pelo compromisso com a popula\u00e7\u00e3o de Guaratinga. Filho de uma professora conhecida na cidade e integrante de uma fam\u00edlia de princ\u00edpios crist\u00e3os, ele sempre manteve uma atua\u00e7\u00e3o pautada pelo respeito \u00e0s institui\u00e7\u00f5es.<\/em><\/p>\n\n\n\n<p><em>A defesa ressalta ainda que, at\u00e9 o momento, n\u00e3o teve acesso integral aos documentos que fundamentaram as medidas adotadas, incluindo a busca e apreens\u00e3o e a deten\u00e7\u00e3o, o que refor\u00e7a a necessidade de cautela e responsabilidade na an\u00e1lise do caso.<\/em><\/p>\n\n\n\n<p><em>Diante do cen\u00e1rio, cresce o debate sobre o momento em que a opera\u00e7\u00e3o ocorre. Sem antecipar conclus\u00f5es, a defesa refor\u00e7a a import\u00e2ncia de que os fatos sejam apurados com responsabilidade, transpar\u00eancia e respeito ao devido processo legal, evitando julgamentos precipitados.<\/em><\/p>\n\n\n\n<p><em>\u201cPaulo Chiclete est\u00e1 tranquilo, confiante e \u00e0 disposi\u00e7\u00e3o da Justi\u00e7a. A verdade ser\u00e1 comprovada\u201d, afirma a defesa.<\/em><\/p>\n\n\n\n<p><em>Em meio a interesses e decis\u00f5es que envolvem valores milion\u00e1rios, uma pergunta segue no centro da discuss\u00e3o em Guaratinga: qual \u00e9, afinal, o poder de uma precat\u00f3ria de mais de R$ 26 milh\u00f5es?&#8221;<\/em><\/p>\n\n\n\n<p>Fonte\/\/G1<\/p>\n","protected":false},"excerpt":{"rendered":"<p>O presidente da C\u00e2mara de Vereadores de\u00a0Guaratinga, na Bahia, Paulo Chiclete (PSD), foi um dos\u00a0presos na opera\u00e7\u00e3o da Pol\u00edcia Civil contra uma organiza\u00e7\u00e3o criminosa\u00a0nesta quarta-feira (7).\u00a0Nas redes sociais, o vereador se define como defensor da fam\u00edlia, dos esportes e das causas sociais. Paulo Chiclete e outras seis pessoas foram presas durante a &#8220;Opera\u00e7\u00e3o Vento Norte&#8221;, [&hellip;]<\/p>\n","protected":false},"author":1,"featured_media":12658,"comment_status":"open","ping_status":"closed","sticky":false,"template":"","format":"standard","meta":{"site-sidebar-layout":"default","site-content-layout":"","ast-site-content-layout":"default","site-content-style":"default","site-sidebar-style":"default","ast-global-header-display":"","ast-banner-title-visibility":"","ast-main-header-display":"","ast-hfb-above-header-display":"","ast-hfb-below-header-display":"","ast-hfb-mobile-header-display":"","site-post-title":"","ast-breadcrumbs-content":"","ast-featured-img":"","footer-sml-layout":"","theme-transparent-header-meta":"","adv-header-id-meta":"","stick-header-meta":"","header-above-stick-meta":"","header-main-stick-meta":"","header-below-stick-meta":"","astra-migrate-meta-layouts":"set","ast-page-background-enabled":"default","ast-page-background-meta":{"desktop":{"background-color":"var(--ast-global-color-4)","background-image":"","background-repeat":"repeat","background-position":"center center","background-size":"auto","background-attachment":"scroll","background-type":"","background-media":"","overlay-type":"","overlay-color":"","overlay-opacity":"","overlay-gradient":""},"tablet":{"background-color":"","background-image":"","background-repeat":"repeat","background-position":"center center","background-size":"auto","background-attachment":"scroll","background-type":"","background-media":"","overlay-type":"","overlay-color":"","overlay-opacity":"","overlay-gradient":""},"mobile":{"background-color":"","background-image":"","background-repeat":"repeat","background-position":"center center","background-size":"auto","background-attachment":"scroll","background-type":"","background-media":"","overlay-type":"","overlay-color":"","overlay-opacity":"","overlay-gradient":""}},"ast-content-background-meta":{"desktop":{"background-color":"var(--ast-global-color-5)","background-image":"","background-repeat":"repeat","background-position":"center center","background-size":"auto","background-attachment":"scroll","background-type":"","background-media":"","overlay-type":"","overlay-color":"","overlay-opacity":"","overlay-gradient":""},"tablet":{"background-color":"var(--ast-global-color-5)","background-image":"","background-repeat":"repeat","background-position":"center center","background-size":"auto","background-attachment":"scroll","background-type":"","background-media":"","overlay-type":"","overlay-color":"","overlay-opacity":"","overlay-gradient":""},"mobile":{"background-color":"var(--ast-global-color-5)","background-image":"","background-repeat":"repeat","background-position":"center center","background-size":"auto","background-attachment":"scroll","background-type":"","background-media":"","overlay-type":"","overlay-color":"","overlay-opacity":"","overlay-gradient":""}},"footnotes":""},"categories":[17],"tags":[],"class_list":["post-12657","post","type-post","status-publish","format-standard","has-post-thumbnail","hentry","category-mundo"],"_links":{"self":[{"href":"https:\/\/maisoeste.com.br\/index.php?rest_route=\/wp\/v2\/posts\/12657","targetHints":{"allow":["GET"]}}],"collection":[{"href":"https:\/\/maisoeste.com.br\/index.php?rest_route=\/wp\/v2\/posts"}],"about":[{"href":"https:\/\/maisoeste.com.br\/index.php?rest_route=\/wp\/v2\/types\/post"}],"author":[{"embeddable":true,"href":"https:\/\/maisoeste.com.br\/index.php?rest_route=\/wp\/v2\/users\/1"}],"replies":[{"embeddable":true,"href":"https:\/\/maisoeste.com.br\/index.php?rest_route=%2Fwp%2Fv2%2Fcomments&post=12657"}],"version-history":[{"count":1,"href":"https:\/\/maisoeste.com.br\/index.php?rest_route=\/wp\/v2\/posts\/12657\/revisions"}],"predecessor-version":[{"id":12659,"href":"https:\/\/maisoeste.com.br\/index.php?rest_route=\/wp\/v2\/posts\/12657\/revisions\/12659"}],"wp:featuredmedia":[{"embeddable":true,"href":"https:\/\/maisoeste.com.br\/index.php?rest_route=\/wp\/v2\/media\/12658"}],"wp:attachment":[{"href":"https:\/\/maisoeste.com.br\/index.php?rest_route=%2Fwp%2Fv2%2Fmedia&parent=12657"}],"wp:term":[{"taxonomy":"category","embeddable":true,"href":"https:\/\/maisoeste.com.br\/index.php?rest_route=%2Fwp%2Fv2%2Fcategories&post=12657"},{"taxonomy":"post_tag","embeddable":true,"href":"https:\/\/maisoeste.com.br\/index.php?rest_route=%2Fwp%2Fv2%2Ftags&post=12657"}],"curies":[{"name":"wp","href":"https:\/\/api.w.org\/{rel}","templated":true}]}}