{"id":12660,"date":"2026-04-09T07:00:20","date_gmt":"2026-04-09T10:00:20","guid":{"rendered":"https:\/\/maisoeste.com.br\/?p=12660"},"modified":"2026-04-09T07:00:41","modified_gmt":"2026-04-09T10:00:41","slug":"entenda-os-3-principais-pontos-de-divergencia-para-um-cessar-fogo-entre-eua-e-ira","status":"publish","type":"post","link":"https:\/\/maisoeste.com.br\/?p=12660","title":{"rendered":"Entenda os 3 principais pontos de diverg\u00eancia para um cessar-fogo entre EUA e Ir\u00e3"},"content":{"rendered":"\n<p>A continuidade do cessar-fogo entre Estados Unidos e Ir\u00e3 continua incerta nesta quinta-feira (9). A tr\u00e9gua anunciada h\u00e1 dois dias tem se mostrado fr\u00e1gil e cheia de incertezas, com registro de viola\u00e7\u00f5es e o fechamento do Estreito de Ormuz.<\/p>\n\n\n\n<p>O cessar-fogo previa que, durante duas semanas, EUA e Israel pausem os ataques ao territ\u00f3rio iraniano. Em contrapartida, o Ir\u00e3 se comprometeria a reabrir o Estreito de Ormuz, mas a abertura da via mar\u00edtima durou apenas algumas horas.<\/p>\n\n\n\n<p>Na manh\u00e3 de quarta (8), foram registrados ataques de ambos os lados do conflito. O Ir\u00e3 afirma que\u00a0ilhas iranianas foram atacadas\u00a0e denuncia os ataques de Israel ao L\u00edbano. Simultaneamente, pa\u00edses do Golfo (como Ar\u00e1bia Saudita e Kuwait) denunciaram ataques de m\u00edsseis e drones iranianos ocorridos j\u00e1 durante a vig\u00eancia da tr\u00e9gua.<\/p>\n\n\n\n<p><em><strong>Contexto:\u00a0<\/strong>o cessar-fogo, por determina\u00e7\u00e3o, \u00e9\u00a0apenas uma pausa. Neste caso, a tr\u00e9gua\u00a0correr\u00e1 em paralelo com as negocia\u00e7\u00f5es oficiais entre as duas partes para um acordo definitivo de paz, que daria fim ao conflito. Essas conversas come\u00e7ar\u00e3o nesta sexta-feira (10) em Islamabad, no Paquist\u00e3o, que media as tratativas.<\/em><\/p>\n\n\n\n<p>Confira abaixo as principais&nbsp;<strong>diverg\u00eancias&nbsp;<\/strong>entre EUA e Ir\u00e3 em rela\u00e7\u00e3o ao cessar-fogo.<\/p>\n\n\n\n<h2 class=\"wp-block-heading\"><strong>1. Plano de 10 pontos como base<\/strong><\/h2>\n\n\n\n<p>Ao confirmar o cessar-fogo, na ter\u00e7a-feira, o Ir\u00e3 disse ter apresentado aos EUA, por meio do Paquist\u00e3o, um\u00a0plano de dez pontos como condi\u00e7\u00e3o para dar fim \u00e0 guerra.<\/p>\n\n\n\n<p>Trump inicialmente classificou a proposta como uma &#8220;base vi\u00e1vel&#8221; ou &#8220;trabalh\u00e1vel&#8221; para iniciar as negocia\u00e7\u00f5es definitivas. Mas, nesta quarta, disse que\u00a0&#8220;apenas alguns pontos&#8221; s\u00e3o vi\u00e1veis.<\/p>\n\n\n\n<p>J\u00e1 a Casa Branca afirmou que o plano de dez pontos\u00a0foi considerado &#8220;inaceit\u00e1vel&#8221; e descartado, e que as negocia\u00e7\u00f5es com Teer\u00e3 passar\u00e3o a se basear em uma nova proposta iraniana, descrita pelos EUA como &#8220;mais condensada e razo\u00e1vel&#8221; e cujo conte\u00fado n\u00e3o foi divulgado.<\/p>\n\n\n\n<p>As autoridades iranianas, por sua vez, indicam que a primeira lista segue v\u00e1lida e a defendem como base confi\u00e1vel para um acordo.<\/p>\n\n\n\n<h2 class=\"wp-block-heading\"><strong>2. Compromisso nuclear<\/strong><\/h2>\n\n\n\n<p>Um dos dez pontos do plano iraniano prev\u00ea a manuten\u00e7\u00e3o\u00a0do enriquecimento de ur\u00e2nio.<\/p>\n\n\n\n<p>Nesta quarta, o Conselho Supremo de Seguran\u00e7a Nacional do Ir\u00e3 (esp\u00e9cie de Minist\u00e9rio da Seguran\u00e7a)\u00a0alegou que Washington concordou\u00a0com o termo. J\u00e1\u00a0Trump negou e disse que vai &#8220;escavar&#8221; todo o ur\u00e2nio enriquecido\u00a0do solo iraniano, inclusive com a ajuda de Teer\u00e3.<\/p>\n\n\n\n<p>&#8220;N\u00e3o haver\u00e1 enriquecimento de ur\u00e2nio, e os Estados Unidos, em coopera\u00e7\u00e3o com o Ir\u00e3, ir\u00e3o escavar e remover todo o \u201cmaterial nuclear\u201d profundamente enterrado (bombardeiros B-2). Isso agora, e desde o ataque, est\u00e1 sob vigil\u00e2ncia por sat\u00e9lite extremamente rigorosa&#8221;, disse Trump em um post nesta quarta (8).<\/p>\n\n\n\n<p>Na noite de ter\u00e7a (7), a Associated Press j\u00e1 havia informado sobre essas&nbsp;inconsist\u00eancias nas vers\u00f5es&nbsp;do acordo. Segundo a ag\u00eancia, o plano divulgado pelo Ir\u00e3, em l\u00edngua persa, continha a frase &#8220;aceita\u00e7\u00e3o do enriquecimento&#8221; para seu programa nuclear, algo que estava ausente nas vers\u00f5es em ingl\u00eas compartilhadas por diplomatas iranianos com jornalistas.<\/p>\n\n\n\n<p>O programa de enriquecimento de ur\u00e2nio do Ir\u00e3 \u00e9 motivo de disc\u00f3rdia entre Teer\u00e3 e os EUA e outros pa\u00edses do Ocidente h\u00e1 muitos anos, devido \u00e0 preocupa\u00e7\u00e3o de que o regime busque construir uma arma nuclear.<\/p>\n\n\n\n<p><strong><em>Por que o enriquecimento de ur\u00e2nio \u00e9 pol\u00eamico?<\/em><\/strong><\/p>\n\n\n\n<p>O ur\u00e2nio tem uma variante chamada&nbsp;U-235, usada como combust\u00edvel e para a produ\u00e7\u00e3o de armas.&nbsp;S\u00f3 que o ur\u00e2nio encontrado na natureza tem apenas 0,72% desse elemento.<a class=\"\" href=\"https:\/\/g1.globo.com\/ciencia-e-saude\/noticia\/2020\/01\/06\/o-que-e-uranio-enriquecido-e-por-que-ele-esta-no-centro-da-tensao-entre-eua-e-ira.ghtml\"><\/a><\/p>\n\n\n\n<p>O processo de enriquecimento de ur\u00e2nio aumenta a concentra\u00e7\u00e3o de U-235.<a href=\"https:\/\/g1.globo.com\/ciencia-e-saude\/noticia\/2020\/01\/06\/o-que-e-uranio-enriquecido-e-por-que-ele-esta-no-centro-da-tensao-entre-eua-e-ira.ghtml\" class=\"\">\u00a0<\/a>Isso \u00e9 feito em centr\u00edfugas, que giram em alta velocidade para separar o U-235 de outros tipos de ur\u00e2nio, usando um g\u00e1s chamado hexafluoreto de ur\u00e2nio.<\/p>\n\n\n\n<p>O ur\u00e2nio com baixa concentra\u00e7\u00e3o de U-235 (de 3% a 5%) \u00e9 usado como combust\u00edvel de usinas nucleares. J\u00e1 n\u00edveis acima de 20% s\u00e3o geralmente usados para pesquisa.<\/p>\n\n\n\n<p>Quando o enriquecimento chega a cerca de 90%, o material pode ser usado na produ\u00e7\u00e3o de armas nucleares. Por isso, esse processo \u00e9 altamente sens\u00edvel e monitorado pela Ag\u00eancia Internacional de Energia At\u00f4mica.<\/p>\n\n\n\n<h2 class=\"wp-block-heading\"><strong>3. Inclus\u00e3o do L\u00edbano<\/strong><\/h2>\n\n\n\n<p>Este \u00e9 o maior impasse do acordo.<\/p>\n\n\n\n<p>O Paquist\u00e3o, que tem atuado como mediador do conflito, e o Ir\u00e3 afirmam que a tr\u00e9gua inclui o L\u00edbano \u2014 e, portanto, pro\u00edbe ataques ao pa\u00eds durante o per\u00edodo do cessar-fogo.<\/p>\n\n\n\n<p>&#8220;Tenho o prazer de anunciar que a Rep\u00fablica Isl\u00e2mica do Ir\u00e3 e os Estados Unidos da Am\u00e9rica, juntamente com seus aliados, concordaram com um cessar-fogo imediato em todos os lugares, incluindo o L\u00edbano e outros, com efeito imediato&#8221;, disse o primeiro-ministro do Paquist\u00e3o, Shehbaz Sharif, em um comunicado publicado nas redes sociais nesta ter\u00e7a (7).<\/p>\n\n\n\n<p>No entanto, Israel e EUA declararam que\u00a0o L\u00edbano e o combate ao Hezbollah est\u00e3o fora do acordo.<\/p>\n\n\n\n<p>Em\u00a0comunicado divulgado na madrugada desta quarta-feira (8), o gabinete do primeiro-ministro de Israel, Benjamin Netanyahu, disse que apoiava a ades\u00e3o de Trump ao cessar-fogo, &#8220;desde que o Ir\u00e3 abra imediatamente os estreitos e interrompa todos os ataques contra os EUA, Israel e pa\u00edses da regi\u00e3o&#8221;.<\/p>\n\n\n\n<p>&#8220;O cessar-fogo de duas semanas n\u00e3o inclui o L\u00edbano&#8221;, acrescentou.<\/p>\n\n\n\n<p>Em entrevista \u00e0 PBS, a rede de TV p\u00fablica dos EUA, nesta quarta (8),\u00a0Trump disse que &#8220;eles (L\u00edbano) n\u00e3o est\u00e3o inclu\u00eddos no acordo&#8221; de cessar-fogo.\u00a0&#8220;Por causa do Hezbollah. Eles n\u00e3o foram inclu\u00eddos no acordo tamb\u00e9m&#8221;, disse.<\/p>\n\n\n\n<p>J\u00e1 a CNN Internacional afirmou ter ouvido da porta-voz da Casa Branca, Karoline Leavitt, que, em uma conversa com o primeiro-ministro israelense, Benjamin Netanyahu, Trump n\u00e3o se op\u00f4s a que Israel seguisse atacando o L\u00edbano.<\/p>\n\n\n\n<p>For\u00e7as israelenses fizeram nesta quarta (8) o maior ataque ao territ\u00f3rio liban\u00eas desde o in\u00edcio da guerra. Os bombardeios deixaram\u00a0<strong>254 mortos e mais de 830 feridos<\/strong>, segundo balan\u00e7o das autoridades libanesas. Eles ocorreram na capital, Beirute, e em outros locais, principalmente no sul do L\u00edbano.<\/p>\n\n\n\n<p>Fonte\/\/G1<\/p>\n","protected":false},"excerpt":{"rendered":"<p>A continuidade do cessar-fogo entre Estados Unidos e Ir\u00e3 continua incerta nesta quinta-feira (9). A tr\u00e9gua anunciada h\u00e1 dois dias tem se mostrado fr\u00e1gil e cheia de incertezas, com registro de viola\u00e7\u00f5es e o fechamento do Estreito de Ormuz. O cessar-fogo previa que, durante duas semanas, EUA e Israel pausem os ataques ao territ\u00f3rio iraniano. [&hellip;]<\/p>\n","protected":false},"author":1,"featured_media":12661,"comment_status":"open","ping_status":"closed","sticky":false,"template":"","format":"standard","meta":{"site-sidebar-layout":"default","site-content-layout":"","ast-site-content-layout":"default","site-content-style":"default","site-sidebar-style":"default","ast-global-header-display":"","ast-banner-title-visibility":"","ast-main-header-display":"","ast-hfb-above-header-display":"","ast-hfb-below-header-display":"","ast-hfb-mobile-header-display":"","site-post-title":"","ast-breadcrumbs-content":"","ast-featured-img":"","footer-sml-layout":"","theme-transparent-header-meta":"","adv-header-id-meta":"","stick-header-meta":"","header-above-stick-meta":"","header-main-stick-meta":"","header-below-stick-meta":"","astra-migrate-meta-layouts":"set","ast-page-background-enabled":"default","ast-page-background-meta":{"desktop":{"background-color":"var(--ast-global-color-4)","background-image":"","background-repeat":"repeat","background-position":"center center","background-size":"auto","background-attachment":"scroll","background-type":"","background-media":"","overlay-type":"","overlay-color":"","overlay-opacity":"","overlay-gradient":""},"tablet":{"background-color":"","background-image":"","background-repeat":"repeat","background-position":"center center","background-size":"auto","background-attachment":"scroll","background-type":"","background-media":"","overlay-type":"","overlay-color":"","overlay-opacity":"","overlay-gradient":""},"mobile":{"background-color":"","background-image":"","background-repeat":"repeat","background-position":"center center","background-size":"auto","background-attachment":"scroll","background-type":"","background-media":"","overlay-type":"","overlay-color":"","overlay-opacity":"","overlay-gradient":""}},"ast-content-background-meta":{"desktop":{"background-color":"var(--ast-global-color-5)","background-image":"","background-repeat":"repeat","background-position":"center center","background-size":"auto","background-attachment":"scroll","background-type":"","background-media":"","overlay-type":"","overlay-color":"","overlay-opacity":"","overlay-gradient":""},"tablet":{"background-color":"var(--ast-global-color-5)","background-image":"","background-repeat":"repeat","background-position":"center center","background-size":"auto","background-attachment":"scroll","background-type":"","background-media":"","overlay-type":"","overlay-color":"","overlay-opacity":"","overlay-gradient":""},"mobile":{"background-color":"var(--ast-global-color-5)","background-image":"","background-repeat":"repeat","background-position":"center center","background-size":"auto","background-attachment":"scroll","background-type":"","background-media":"","overlay-type":"","overlay-color":"","overlay-opacity":"","overlay-gradient":""}},"footnotes":""},"categories":[4],"tags":[],"class_list":["post-12660","post","type-post","status-publish","format-standard","has-post-thumbnail","hentry","category-brasil"],"_links":{"self":[{"href":"https:\/\/maisoeste.com.br\/index.php?rest_route=\/wp\/v2\/posts\/12660","targetHints":{"allow":["GET"]}}],"collection":[{"href":"https:\/\/maisoeste.com.br\/index.php?rest_route=\/wp\/v2\/posts"}],"about":[{"href":"https:\/\/maisoeste.com.br\/index.php?rest_route=\/wp\/v2\/types\/post"}],"author":[{"embeddable":true,"href":"https:\/\/maisoeste.com.br\/index.php?rest_route=\/wp\/v2\/users\/1"}],"replies":[{"embeddable":true,"href":"https:\/\/maisoeste.com.br\/index.php?rest_route=%2Fwp%2Fv2%2Fcomments&post=12660"}],"version-history":[{"count":1,"href":"https:\/\/maisoeste.com.br\/index.php?rest_route=\/wp\/v2\/posts\/12660\/revisions"}],"predecessor-version":[{"id":12662,"href":"https:\/\/maisoeste.com.br\/index.php?rest_route=\/wp\/v2\/posts\/12660\/revisions\/12662"}],"wp:featuredmedia":[{"embeddable":true,"href":"https:\/\/maisoeste.com.br\/index.php?rest_route=\/wp\/v2\/media\/12661"}],"wp:attachment":[{"href":"https:\/\/maisoeste.com.br\/index.php?rest_route=%2Fwp%2Fv2%2Fmedia&parent=12660"}],"wp:term":[{"taxonomy":"category","embeddable":true,"href":"https:\/\/maisoeste.com.br\/index.php?rest_route=%2Fwp%2Fv2%2Fcategories&post=12660"},{"taxonomy":"post_tag","embeddable":true,"href":"https:\/\/maisoeste.com.br\/index.php?rest_route=%2Fwp%2Fv2%2Ftags&post=12660"}],"curies":[{"name":"wp","href":"https:\/\/api.w.org\/{rel}","templated":true}]}}