{"id":12663,"date":"2026-04-09T07:02:34","date_gmt":"2026-04-09T10:02:34","guid":{"rendered":"https:\/\/maisoeste.com.br\/?p=12663"},"modified":"2026-04-09T07:02:35","modified_gmt":"2026-04-09T10:02:35","slug":"tcu-encaminha-ao-congresso-informacoes-sobre-crise-nos-correios","status":"publish","type":"post","link":"https:\/\/maisoeste.com.br\/?p=12663","title":{"rendered":"TCU encaminha ao Congresso informa\u00e7\u00f5es sobre crise nos Correios"},"content":{"rendered":"\n<p>O\u00a0Tribunal de Contas da Uni\u00e3o\u00a0(TCU) vai encaminhar informa\u00e7\u00f5es referentes \u00e0 gest\u00e3o financeira e or\u00e7ament\u00e1ria dos Correios ao Congresso Nacional. A medida atende pedido do deputado Evair Ferreira (PP-ES).<\/p>\n\n\n\n<p>Diante do preju\u00edzo de R$4,4 bilh\u00f5es no primeiro semestre de 2025, o parlamentar solicitou que o tribunal enviasse informa\u00e7\u00f5es sobre as causas do d\u00e9ficit, a evolu\u00e7\u00e3o de despesas da estatal e a regularidade da gest\u00e3o de precat\u00f3rios.<\/p>\n\n\n\n<p>Al\u00e9m disso, pediu que informa\u00e7\u00f5es sobre falhas de governan\u00e7a e a compatibilidade dos investimentos com os princ\u00edpios da responsabilidade fiscal tamb\u00e9m fossem encaminhadas ao Congresso.<\/p>\n\n\n\n<p>Em seu voto, o relator da mat\u00e9ria, ministro Walton Alencar, afirmou que a evolu\u00e7\u00e3o &#8220;alarmante&#8221; das despesas administrativas e financeiras da estatal j\u00e1 v\u00eam sendo acompanhadas pelo tribunal h\u00e1 algum tempo.<\/p>\n\n\n\n<p>Em 2024, a \u201cSustentabilidade Econ\u00f4mico-Financeira dos Correios\u201d foi inclu\u00edda na Lista de Alto Risco (LAR). &#8220;Essa classifica\u00e7\u00e3o representa um dos mais altos n\u00edveis de alerta desta Corte, sinalizando que a estatal apresenta vulnerabilidades que podem comprometer a presta\u00e7\u00e3o de servi\u00e7os essenciais e gerar impactos fiscais severos&#8221;, afirmou o ministro.<\/p>\n\n\n\n<p>&#8220;A inclus\u00e3o do tema na LAR imp\u00f5e monitoramento priorit\u00e1rio e intensivo, estruturado em eixos como desempenho financeiro, gest\u00e3o de pessoal e efici\u00eancia operacional, visando mitigar riscos de fraude, desperd\u00edcio e m\u00e1 gest\u00e3o&#8221;, complementou.<\/p>\n\n\n\n<h2 class=\"wp-block-heading\">Entenda a crise<\/h2>\n\n\n\n<p>Em 2022, a empresa fechou o balan\u00e7o com um preju\u00edzo de mais de R$ 700 milh\u00f5es. Em 2024, o d\u00e9ficit pulou para R$ 2,5 bilh\u00f5es.&nbsp;<strong>O rombo de 2025 ainda n\u00e3o foi oficialmente fechado.<\/strong><\/p>\n\n\n\n<p><strong>Para manter as opera\u00e7\u00f5es, os Correios contrataram um empr\u00e9stimo de R$ 12 bilh\u00f5es com cinco bancos e receberam, no in\u00edcio deste ano, R$ 10 bilh\u00f5es desse total<\/strong>. A opera\u00e7\u00e3o s\u00f3 foi conclu\u00edda ap\u00f3s o Tesouro Nacional oferecer garantias, segundo a estatal.<\/p>\n\n\n\n<p>O dinheiro ser\u00e1 usado para quitar d\u00edvidas imediatas e sustentar a opera\u00e7\u00e3o, mas a empresa admite que pode precisar de mais R$ 8 bilh\u00f5es ao longo do ano.<\/p>\n\n\n\n<p>No fim de 2025, o presidente dos Correios, Emmanoel Rondon, disse que o resultado negativo de 2026 pode chegar a R$ 23 bilh\u00f5es se o ciclo de perdas n\u00e3o for interrompido.<\/p>\n\n\n\n<p>Na tentativa de equilibrar as contas,\u00a0<strong>os Correios anunciaram, no fim de 2025, um amplo programa de reestrutura\u00e7\u00e3o<\/strong>. O programa prev\u00ea corte de R$ 2 bilh\u00f5es em gastos com pessoal, venda de im\u00f3veis e fechamento de cerca de mil ag\u00eancias \u2014 hoje a empresa tem aproximadamente 5 mil unidades.<\/p>\n\n\n\n<p>Segundo Rondon, o modelo econ\u00f4mico-financeiro da empresa deixou de ser vi\u00e1vel. O plano busca reverter uma sequ\u00eancia de 12 trimestres consecutivos de preju\u00edzos.<\/p>\n\n\n\n<p>A estatal afirma que&nbsp;<strong>pretende economizar R$ 2 bilh\u00f5es por ano a partir de 2027 com as medidas.<\/strong><\/p>\n\n\n\n<p>Fonte\/\/G1<\/p>\n","protected":false},"excerpt":{"rendered":"<p>O\u00a0Tribunal de Contas da Uni\u00e3o\u00a0(TCU) vai encaminhar informa\u00e7\u00f5es referentes \u00e0 gest\u00e3o financeira e or\u00e7ament\u00e1ria dos Correios ao Congresso Nacional. A medida atende pedido do deputado Evair Ferreira (PP-ES). Diante do preju\u00edzo de R$4,4 bilh\u00f5es no primeiro semestre de 2025, o parlamentar solicitou que o tribunal enviasse informa\u00e7\u00f5es sobre as causas do d\u00e9ficit, a evolu\u00e7\u00e3o de [&hellip;]<\/p>\n","protected":false},"author":1,"featured_media":12664,"comment_status":"open","ping_status":"closed","sticky":false,"template":"","format":"standard","meta":{"site-sidebar-layout":"default","site-content-layout":"","ast-site-content-layout":"default","site-content-style":"default","site-sidebar-style":"default","ast-global-header-display":"","ast-banner-title-visibility":"","ast-main-header-display":"","ast-hfb-above-header-display":"","ast-hfb-below-header-display":"","ast-hfb-mobile-header-display":"","site-post-title":"","ast-breadcrumbs-content":"","ast-featured-img":"","footer-sml-layout":"","theme-transparent-header-meta":"","adv-header-id-meta":"","stick-header-meta":"","header-above-stick-meta":"","header-main-stick-meta":"","header-below-stick-meta":"","astra-migrate-meta-layouts":"set","ast-page-background-enabled":"default","ast-page-background-meta":{"desktop":{"background-color":"var(--ast-global-color-4)","background-image":"","background-repeat":"repeat","background-position":"center center","background-size":"auto","background-attachment":"scroll","background-type":"","background-media":"","overlay-type":"","overlay-color":"","overlay-opacity":"","overlay-gradient":""},"tablet":{"background-color":"","background-image":"","background-repeat":"repeat","background-position":"center center","background-size":"auto","background-attachment":"scroll","background-type":"","background-media":"","overlay-type":"","overlay-color":"","overlay-opacity":"","overlay-gradient":""},"mobile":{"background-color":"","background-image":"","background-repeat":"repeat","background-position":"center center","background-size":"auto","background-attachment":"scroll","background-type":"","background-media":"","overlay-type":"","overlay-color":"","overlay-opacity":"","overlay-gradient":""}},"ast-content-background-meta":{"desktop":{"background-color":"var(--ast-global-color-5)","background-image":"","background-repeat":"repeat","background-position":"center center","background-size":"auto","background-attachment":"scroll","background-type":"","background-media":"","overlay-type":"","overlay-color":"","overlay-opacity":"","overlay-gradient":""},"tablet":{"background-color":"var(--ast-global-color-5)","background-image":"","background-repeat":"repeat","background-position":"center center","background-size":"auto","background-attachment":"scroll","background-type":"","background-media":"","overlay-type":"","overlay-color":"","overlay-opacity":"","overlay-gradient":""},"mobile":{"background-color":"var(--ast-global-color-5)","background-image":"","background-repeat":"repeat","background-position":"center center","background-size":"auto","background-attachment":"scroll","background-type":"","background-media":"","overlay-type":"","overlay-color":"","overlay-opacity":"","overlay-gradient":""}},"footnotes":""},"categories":[4],"tags":[],"class_list":["post-12663","post","type-post","status-publish","format-standard","has-post-thumbnail","hentry","category-brasil"],"_links":{"self":[{"href":"https:\/\/maisoeste.com.br\/index.php?rest_route=\/wp\/v2\/posts\/12663","targetHints":{"allow":["GET"]}}],"collection":[{"href":"https:\/\/maisoeste.com.br\/index.php?rest_route=\/wp\/v2\/posts"}],"about":[{"href":"https:\/\/maisoeste.com.br\/index.php?rest_route=\/wp\/v2\/types\/post"}],"author":[{"embeddable":true,"href":"https:\/\/maisoeste.com.br\/index.php?rest_route=\/wp\/v2\/users\/1"}],"replies":[{"embeddable":true,"href":"https:\/\/maisoeste.com.br\/index.php?rest_route=%2Fwp%2Fv2%2Fcomments&post=12663"}],"version-history":[{"count":1,"href":"https:\/\/maisoeste.com.br\/index.php?rest_route=\/wp\/v2\/posts\/12663\/revisions"}],"predecessor-version":[{"id":12665,"href":"https:\/\/maisoeste.com.br\/index.php?rest_route=\/wp\/v2\/posts\/12663\/revisions\/12665"}],"wp:featuredmedia":[{"embeddable":true,"href":"https:\/\/maisoeste.com.br\/index.php?rest_route=\/wp\/v2\/media\/12664"}],"wp:attachment":[{"href":"https:\/\/maisoeste.com.br\/index.php?rest_route=%2Fwp%2Fv2%2Fmedia&parent=12663"}],"wp:term":[{"taxonomy":"category","embeddable":true,"href":"https:\/\/maisoeste.com.br\/index.php?rest_route=%2Fwp%2Fv2%2Fcategories&post=12663"},{"taxonomy":"post_tag","embeddable":true,"href":"https:\/\/maisoeste.com.br\/index.php?rest_route=%2Fwp%2Fv2%2Ftags&post=12663"}],"curies":[{"name":"wp","href":"https:\/\/api.w.org\/{rel}","templated":true}]}}