{"id":12702,"date":"2026-04-10T11:01:22","date_gmt":"2026-04-10T14:01:22","guid":{"rendered":"https:\/\/maisoeste.com.br\/?p=12702"},"modified":"2026-04-10T11:01:24","modified_gmt":"2026-04-10T14:01:24","slug":"jean-wyllys-lidera-debate-sobre-fake-news-no-cafe-literario-da-bienal-do-livro-bahia-2026","status":"publish","type":"post","link":"https:\/\/maisoeste.com.br\/?p=12702","title":{"rendered":"Jean Wyllys lidera debate sobre fake news no Caf\u00e9 Liter\u00e1rio da Bienal do Livro Bahia 2026"},"content":{"rendered":"\n<p>A discuss\u00e3o sobre a dissemina\u00e7\u00e3o de not\u00edcias falsas ganhar\u00e1 protagonismo na Bienal do Livro Bahia 2026, tendo como um de seus principais nomes o jornalista, escritor e ex-deputado federal Jean Wyllys. Ele ser\u00e1 o destaque do Caf\u00e9 Liter\u00e1rio no pr\u00f3ximo dia 16 de abril, \u00e0s 15h30, conduzindo uma reflex\u00e3o aprofundada sobre os impactos da desinforma\u00e7\u00e3o na sociedade contempor\u00e2nea.<\/p>\n\n\n\n<p>Autor de obras que dialogam diretamente com os desafios do mundo digital, Wyllys levar\u00e1 ao p\u00fablico as ideias presentes em \u201cFalsolatria\u201d, livro em que analisa o fen\u00f4meno da mentira como ferramenta pol\u00edtica e social, al\u00e9m de discutir como a circula\u00e7\u00e3o de conte\u00fados enganosos tem moldado comportamentos, afetado democracias e influenciado decis\u00f5es coletivas.Reconhecido por sua atua\u00e7\u00e3o cr\u00edtica e por seu posicionamento em temas ligados \u00e0 liberdade de express\u00e3o e aos direitos humanos, o autor tamb\u00e9m abordar\u00e1 seu mais recente lan\u00e7amento, \u201cAnonimato dos afetos escondidos\u201d, ampliando o debate para dimens\u00f5es mais subjetivas das rela\u00e7\u00f5es humanas em tempos de hiperconectividade.<\/p>\n\n\n\n<p>O encontro, que integra a programa\u00e7\u00e3o do tradicional Caf\u00e9 Liter\u00e1rio, reunir\u00e1 ainda outros convidados para discutir e refletir sobre a desinforma\u00e7\u00e3o \u2014 um dos principais desafios da comunica\u00e7\u00e3o na atualidade. Em um cen\u00e1rio em que grande parte da vida cotidiana se desenvolve no ambiente digital, o debate busca estimular o pensamento cr\u00edtico e refor\u00e7ar a import\u00e2ncia da responsabilidade no consumo e compartilhamento de informa\u00e7\u00f5es.<\/p>\n\n\n\n<p>Com a presen\u00e7a de Jean Wyllys como figura central, a expectativa \u00e9 de que a discuss\u00e3o atraia grande p\u00fablico e promova um di\u00e1logo qualificado sobre os riscos das fake news e os caminhos poss\u00edveis para enfrent\u00e1-las. A Bienal do Livro Bahia reafirma, assim, seu papel como espa\u00e7o de reflex\u00e3o n\u00e3o apenas liter\u00e1ria, mas tamb\u00e9m social e pol\u00edtica.<\/p>\n\n\n\n<p><\/p>\n","protected":false},"excerpt":{"rendered":"<p>A discuss\u00e3o sobre a dissemina\u00e7\u00e3o de not\u00edcias falsas ganhar\u00e1 protagonismo na Bienal do Livro Bahia 2026, tendo como um de seus principais nomes o jornalista, escritor e ex-deputado federal Jean Wyllys. Ele ser\u00e1 o destaque do Caf\u00e9 Liter\u00e1rio no pr\u00f3ximo dia 16 de abril, \u00e0s 15h30, conduzindo uma reflex\u00e3o aprofundada sobre os impactos da desinforma\u00e7\u00e3o [&hellip;]<\/p>\n","protected":false},"author":1,"featured_media":12703,"comment_status":"open","ping_status":"closed","sticky":false,"template":"","format":"standard","meta":{"site-sidebar-layout":"default","site-content-layout":"","ast-site-content-layout":"default","site-content-style":"default","site-sidebar-style":"default","ast-global-header-display":"","ast-banner-title-visibility":"","ast-main-header-display":"","ast-hfb-above-header-display":"","ast-hfb-below-header-display":"","ast-hfb-mobile-header-display":"","site-post-title":"","ast-breadcrumbs-content":"","ast-featured-img":"","footer-sml-layout":"","theme-transparent-header-meta":"","adv-header-id-meta":"","stick-header-meta":"","header-above-stick-meta":"","header-main-stick-meta":"","header-below-stick-meta":"","astra-migrate-meta-layouts":"set","ast-page-background-enabled":"default","ast-page-background-meta":{"desktop":{"background-color":"var(--ast-global-color-4)","background-image":"","background-repeat":"repeat","background-position":"center center","background-size":"auto","background-attachment":"scroll","background-type":"","background-media":"","overlay-type":"","overlay-color":"","overlay-opacity":"","overlay-gradient":""},"tablet":{"background-color":"","background-image":"","background-repeat":"repeat","background-position":"center center","background-size":"auto","background-attachment":"scroll","background-type":"","background-media":"","overlay-type":"","overlay-color":"","overlay-opacity":"","overlay-gradient":""},"mobile":{"background-color":"","background-image":"","background-repeat":"repeat","background-position":"center center","background-size":"auto","background-attachment":"scroll","background-type":"","background-media":"","overlay-type":"","overlay-color":"","overlay-opacity":"","overlay-gradient":""}},"ast-content-background-meta":{"desktop":{"background-color":"var(--ast-global-color-5)","background-image":"","background-repeat":"repeat","background-position":"center center","background-size":"auto","background-attachment":"scroll","background-type":"","background-media":"","overlay-type":"","overlay-color":"","overlay-opacity":"","overlay-gradient":""},"tablet":{"background-color":"var(--ast-global-color-5)","background-image":"","background-repeat":"repeat","background-position":"center center","background-size":"auto","background-attachment":"scroll","background-type":"","background-media":"","overlay-type":"","overlay-color":"","overlay-opacity":"","overlay-gradient":""},"mobile":{"background-color":"var(--ast-global-color-5)","background-image":"","background-repeat":"repeat","background-position":"center center","background-size":"auto","background-attachment":"scroll","background-type":"","background-media":"","overlay-type":"","overlay-color":"","overlay-opacity":"","overlay-gradient":""}},"footnotes":""},"categories":[4],"tags":[],"class_list":["post-12702","post","type-post","status-publish","format-standard","has-post-thumbnail","hentry","category-brasil"],"_links":{"self":[{"href":"https:\/\/maisoeste.com.br\/index.php?rest_route=\/wp\/v2\/posts\/12702","targetHints":{"allow":["GET"]}}],"collection":[{"href":"https:\/\/maisoeste.com.br\/index.php?rest_route=\/wp\/v2\/posts"}],"about":[{"href":"https:\/\/maisoeste.com.br\/index.php?rest_route=\/wp\/v2\/types\/post"}],"author":[{"embeddable":true,"href":"https:\/\/maisoeste.com.br\/index.php?rest_route=\/wp\/v2\/users\/1"}],"replies":[{"embeddable":true,"href":"https:\/\/maisoeste.com.br\/index.php?rest_route=%2Fwp%2Fv2%2Fcomments&post=12702"}],"version-history":[{"count":1,"href":"https:\/\/maisoeste.com.br\/index.php?rest_route=\/wp\/v2\/posts\/12702\/revisions"}],"predecessor-version":[{"id":12704,"href":"https:\/\/maisoeste.com.br\/index.php?rest_route=\/wp\/v2\/posts\/12702\/revisions\/12704"}],"wp:featuredmedia":[{"embeddable":true,"href":"https:\/\/maisoeste.com.br\/index.php?rest_route=\/wp\/v2\/media\/12703"}],"wp:attachment":[{"href":"https:\/\/maisoeste.com.br\/index.php?rest_route=%2Fwp%2Fv2%2Fmedia&parent=12702"}],"wp:term":[{"taxonomy":"category","embeddable":true,"href":"https:\/\/maisoeste.com.br\/index.php?rest_route=%2Fwp%2Fv2%2Fcategories&post=12702"},{"taxonomy":"post_tag","embeddable":true,"href":"https:\/\/maisoeste.com.br\/index.php?rest_route=%2Fwp%2Fv2%2Ftags&post=12702"}],"curies":[{"name":"wp","href":"https:\/\/api.w.org\/{rel}","templated":true}]}}