{"id":1302,"date":"2025-01-29T08:19:16","date_gmt":"2025-01-29T11:19:16","guid":{"rendered":"https:\/\/maisoeste.com.br\/?p=1302"},"modified":"2025-01-29T08:19:16","modified_gmt":"2025-01-29T11:19:16","slug":"prefeitura-de-barreiras-prepara-ambiente-das-escolas-municipais-para-o-inicio-do-ano-letivo","status":"publish","type":"post","link":"https:\/\/maisoeste.com.br\/?p=1302","title":{"rendered":"Prefeitura de Barreiras prepara ambiente das escolas municipais para o in\u00edcio do ano letivo"},"content":{"rendered":"\n<p>Com o in\u00edcio das aulas previsto para 6 de fevereiro, a Prefeitura de Barreiras, por meio da Secretaria de Educa\u00e7\u00e3o, est\u00e1 realizando um amplo trabalho de manuten\u00e7\u00e3o e limpeza nas unidades escolares da rede municipal de ensino. Mais de 24 mil alunos est\u00e3o matriculados e ser\u00e3o recebidos em ambientes preparados para garantir conforto e qualidade no processo de ensino-aprendizagem.<\/p>\n\n\n\n<p>As equipes de limpeza e manuten\u00e7\u00e3o j\u00e1 conclu\u00edram os servi\u00e7os na Escola Municipal Cleonice Lopes e no CAIC, que agora est\u00e3o prontas para receber os estudantes. Neste momento, os trabalhos est\u00e3o sendo concentrados nas escolas Alberto Amorim, Luzia Gon\u00e7alves, Eurides Sant\u2019Anna, Padre Vieira e no Centro Municipal de Educa\u00e7\u00e3o Infantil (CEMEI) Areolina Cardoso, no bairro Vila Rica.<\/p>\n\n\n\n<p>Segundo o secret\u00e1rio municipal de Educa\u00e7\u00e3o, Jeferson Barbosa, a meta \u00e9 assegurar que todas as unidades escolares estejam devidamente preparadas para o retorno \u00e0s aulas. \u201cEstamos nos dedicando para deixar as escolas e os centros de educa\u00e7\u00e3o infantil em excelentes condi\u00e7\u00f5es de infraestrutura e limpeza. Queremos que o in\u00edcio das aulas seja marcado por alegria, satisfa\u00e7\u00e3o e um acolhimento adequado para os nossos estudantes\u201d, destacou o secret\u00e1rio.<\/p>\n\n\n\n<p>Al\u00e9m da manuten\u00e7\u00e3o nas unidades escolares, a Secretaria de Educa\u00e7\u00e3o est\u00e1 organizando a Jornada Pedag\u00f3gica, que reunir\u00e1 todos os 1.500 professores da rede no dia 3 de fevereiro, na Escola Municipal Celso Barbosa dos Santos. O encontro \u00e9 uma oportunidade para alinhar as a\u00e7\u00f5es pedag\u00f3gicas e preparar os profissionais para os desafios do ano letivo.<\/p>\n\n\n\n<p><strong>Dircom<\/strong><\/p>\n\n\n\n<figure class=\"wp-block-image aligncenter size-full\"><img decoding=\"async\" src=\"https:\/\/maisoeste.com.br\/wp-content\/uploads\/2025\/01\/provaider.jpg\" alt=\"\" class=\"wp-image-1205\"\/><\/figure>\n","protected":false},"excerpt":{"rendered":"<p>Com o in\u00edcio das aulas previsto para 6 de fevereiro, a Prefeitura de Barreiras, por meio da Secretaria de Educa\u00e7\u00e3o, est\u00e1 realizando um amplo trabalho de manuten\u00e7\u00e3o e limpeza nas unidades escolares da rede municipal de ensino. Mais de 24 mil alunos est\u00e3o matriculados e ser\u00e3o recebidos em ambientes preparados para garantir conforto e qualidade [&hellip;]<\/p>\n","protected":false},"author":1,"featured_media":1303,"comment_status":"open","ping_status":"closed","sticky":false,"template":"","format":"standard","meta":{"site-sidebar-layout":"default","site-content-layout":"","ast-site-content-layout":"default","site-content-style":"default","site-sidebar-style":"default","ast-global-header-display":"","ast-banner-title-visibility":"","ast-main-header-display":"","ast-hfb-above-header-display":"","ast-hfb-below-header-display":"","ast-hfb-mobile-header-display":"","site-post-title":"","ast-breadcrumbs-content":"","ast-featured-img":"","footer-sml-layout":"","theme-transparent-header-meta":"","adv-header-id-meta":"","stick-header-meta":"","header-above-stick-meta":"","header-main-stick-meta":"","header-below-stick-meta":"","astra-migrate-meta-layouts":"set","ast-page-background-enabled":"default","ast-page-background-meta":{"desktop":{"background-color":"var(--ast-global-color-4)","background-image":"","background-repeat":"repeat","background-position":"center center","background-size":"auto","background-attachment":"scroll","background-type":"","background-media":"","overlay-type":"","overlay-color":"","overlay-opacity":"","overlay-gradient":""},"tablet":{"background-color":"","background-image":"","background-repeat":"repeat","background-position":"center center","background-size":"auto","background-attachment":"scroll","background-type":"","background-media":"","overlay-type":"","overlay-color":"","overlay-opacity":"","overlay-gradient":""},"mobile":{"background-color":"","background-image":"","background-repeat":"repeat","background-position":"center center","background-size":"auto","background-attachment":"scroll","background-type":"","background-media":"","overlay-type":"","overlay-color":"","overlay-opacity":"","overlay-gradient":""}},"ast-content-background-meta":{"desktop":{"background-color":"var(--ast-global-color-5)","background-image":"","background-repeat":"repeat","background-position":"center center","background-size":"auto","background-attachment":"scroll","background-type":"","background-media":"","overlay-type":"","overlay-color":"","overlay-opacity":"","overlay-gradient":""},"tablet":{"background-color":"var(--ast-global-color-5)","background-image":"","background-repeat":"repeat","background-position":"center center","background-size":"auto","background-attachment":"scroll","background-type":"","background-media":"","overlay-type":"","overlay-color":"","overlay-opacity":"","overlay-gradient":""},"mobile":{"background-color":"var(--ast-global-color-5)","background-image":"","background-repeat":"repeat","background-position":"center center","background-size":"auto","background-attachment":"scroll","background-type":"","background-media":"","overlay-type":"","overlay-color":"","overlay-opacity":"","overlay-gradient":""}},"footnotes":""},"categories":[45],"tags":[122],"class_list":["post-1302","post","type-post","status-publish","format-standard","has-post-thumbnail","hentry","category-esportes","tag-manchetes"],"_links":{"self":[{"href":"https:\/\/maisoeste.com.br\/index.php?rest_route=\/wp\/v2\/posts\/1302","targetHints":{"allow":["GET"]}}],"collection":[{"href":"https:\/\/maisoeste.com.br\/index.php?rest_route=\/wp\/v2\/posts"}],"about":[{"href":"https:\/\/maisoeste.com.br\/index.php?rest_route=\/wp\/v2\/types\/post"}],"author":[{"embeddable":true,"href":"https:\/\/maisoeste.com.br\/index.php?rest_route=\/wp\/v2\/users\/1"}],"replies":[{"embeddable":true,"href":"https:\/\/maisoeste.com.br\/index.php?rest_route=%2Fwp%2Fv2%2Fcomments&post=1302"}],"version-history":[{"count":1,"href":"https:\/\/maisoeste.com.br\/index.php?rest_route=\/wp\/v2\/posts\/1302\/revisions"}],"predecessor-version":[{"id":1304,"href":"https:\/\/maisoeste.com.br\/index.php?rest_route=\/wp\/v2\/posts\/1302\/revisions\/1304"}],"wp:featuredmedia":[{"embeddable":true,"href":"https:\/\/maisoeste.com.br\/index.php?rest_route=\/wp\/v2\/media\/1303"}],"wp:attachment":[{"href":"https:\/\/maisoeste.com.br\/index.php?rest_route=%2Fwp%2Fv2%2Fmedia&parent=1302"}],"wp:term":[{"taxonomy":"category","embeddable":true,"href":"https:\/\/maisoeste.com.br\/index.php?rest_route=%2Fwp%2Fv2%2Fcategories&post=1302"},{"taxonomy":"post_tag","embeddable":true,"href":"https:\/\/maisoeste.com.br\/index.php?rest_route=%2Fwp%2Fv2%2Ftags&post=1302"}],"curies":[{"name":"wp","href":"https:\/\/api.w.org\/{rel}","templated":true}]}}