{"id":13086,"date":"2026-04-28T05:42:45","date_gmt":"2026-04-28T08:42:45","guid":{"rendered":"https:\/\/maisoeste.com.br\/?p=13086"},"modified":"2026-04-28T05:42:46","modified_gmt":"2026-04-28T08:42:46","slug":"prefeitura-de-barreiras-certifica-quinta-turma-de-operadores-de-maquinas-pesadas-e-amplia-qualificacao-no-campo","status":"publish","type":"post","link":"https:\/\/maisoeste.com.br\/?p=13086","title":{"rendered":"Prefeitura de Barreiras certifica quinta turma de operadores de m\u00e1quinas pesadas e amplia qualifica\u00e7\u00e3o no campo"},"content":{"rendered":"\n<p>Mais uma etapa do fortalecimento da qualifica\u00e7\u00e3o profissional no meio rural foi conclu\u00edda na \u00faltima sexta-feira (24), com a certifica\u00e7\u00e3o de uma nova turma do Curso de Forma\u00e7\u00e3o de Operadores de M\u00e1quinas Pesadas, promovido pela Prefeitura de Barreiras, por meio da Secretaria de Agricultura e Tecnologia, dentro do projeto Capacitar para Produzir. Esta \u00e9 a quinta turma formada, elevando para mais de 250 o n\u00famero de pessoas beneficiadas com a iniciativa voltada \u00e0 gera\u00e7\u00e3o de emprego e renda no campo.<\/p>\n\n\n\n<p>A cerim\u00f4nia de entrega dos certificados aconteceu na Escola Municipal Professor Agostinho Porto e reuniu formandos, familiares e moradores de diversas comunidades, como Bara\u00fana, Mucambo e S\u00e3o Jos\u00e9 do CTI. Estiveram presentes o prefeito Otoniel Teixeira, o secret\u00e1rio de Agricultura e Tecnologia, Joaquim Neto, o instrutor do curso, Gerson Paz, o ex-prefeito Zito Barbosa, os vereadores Tatico&nbsp;Rocha, Hip\u00f3lito dos Passos e Valdimiro Jos\u00e9, a diretora da unidade escolar, Renata de Souza, al\u00e9m de lideran\u00e7as comunit\u00e1rias.<\/p>\n\n\n\n<p>Nesta edi\u00e7\u00e3o, 45 participantes foram capacitados em diferentes frentes, incluindo opera\u00e7\u00e3o de motoniveladora, trator agr\u00edcola, caminh\u00e3o basculante, retroescavadeira e p\u00e1 carregadeira. Durante a forma\u00e7\u00e3o, os alunos tiveram acesso a conte\u00fados te\u00f3ricos e pr\u00e1ticos, com foco n\u00e3o apenas na opera\u00e7\u00e3o dos equipamentos, mas tamb\u00e9m em manuten\u00e7\u00e3o b\u00e1sica, seguran\u00e7a do trabalho, normas regulamentadoras, primeiros socorros e no\u00e7\u00f5es de mec\u00e2nica.<\/p>\n\n\n\n<p>O curso integra o projeto Capacitar para Produzir, que busca preparar jovens e trabalhadores rurais para atender \u00e0 crescente demanda por m\u00e3o de obra qualificada nos setores agr\u00edcola e de infraestrutura. A proposta pedag\u00f3gica alia conhecimento t\u00e9cnico \u00e0 pr\u00e1tica, promovendo uma forma\u00e7\u00e3o completa, segura e alinhada \u00e0s exig\u00eancias do mercado.<\/p>\n\n\n\n<p>O secret\u00e1rio de Agricultura e Tecnologia destacou a import\u00e2ncia do desenvolvimento como motor das transforma\u00e7\u00f5es sociais e econ\u00f4micas no campo. \u201cO desenvolvimento \u00e9 a base, a pe\u00e7a fundamental para tudo o que ocorre aqui no planeta. N\u00e3o adianta a gente querer fugir dele porque quando investimos em qualifica\u00e7\u00e3o, estamos preparando pessoas para aproveitar oportunidades reais, melhorando a vida delas e impulsionando toda a comunidade. Esse curso \u00e9 exatamente isso, uma ferramenta de transforma\u00e7\u00e3o\u201d, pontuou.<\/p>\n\n\n\n<p>J\u00e1 o prefeito Otoniel Teixeira ressaltou o impacto direto da iniciativa na vida dos participantes e o compromisso da gest\u00e3o com o fortalecimento das comunidades rurais. \u201cEsse curso \u00e9 voltado especialmente para os jovens e trabalhadores do campo, atendendo a uma demanda crescente por operadores qualificados. O projeto j\u00e1 passou por localidades como Barroc\u00e3o de Baixo, Rio Branco e KM 30, e tem contribu\u00eddo significativamente para a capacita\u00e7\u00e3o&nbsp;e forma\u00e7\u00e3o profissional dos envolvidos. \u00c9 uma grande satisfa\u00e7\u00e3o colocar em pr\u00e1tica uma proposta do nosso plano de governo e ver, de perto, vidas sendo transformadas por meio da qualifica\u00e7\u00e3o e do acesso a novas oportunidades\u201d, ressaltou o gestor.<\/p>\n\n\n\n<p><strong>Dircom<\/strong><\/p>\n","protected":false},"excerpt":{"rendered":"<p>Mais uma etapa do fortalecimento da qualifica\u00e7\u00e3o profissional no meio rural foi conclu\u00edda na \u00faltima sexta-feira (24), com a certifica\u00e7\u00e3o de uma nova turma do Curso de Forma\u00e7\u00e3o de Operadores de M\u00e1quinas Pesadas, promovido pela Prefeitura de Barreiras, por meio da Secretaria de Agricultura e Tecnologia, dentro do projeto Capacitar para Produzir. Esta \u00e9 a [&hellip;]<\/p>\n","protected":false},"author":1,"featured_media":13087,"comment_status":"open","ping_status":"closed","sticky":false,"template":"","format":"standard","meta":{"site-sidebar-layout":"default","site-content-layout":"","ast-site-content-layout":"default","site-content-style":"default","site-sidebar-style":"default","ast-global-header-display":"","ast-banner-title-visibility":"","ast-main-header-display":"","ast-hfb-above-header-display":"","ast-hfb-below-header-display":"","ast-hfb-mobile-header-display":"","site-post-title":"","ast-breadcrumbs-content":"","ast-featured-img":"","footer-sml-layout":"","theme-transparent-header-meta":"","adv-header-id-meta":"","stick-header-meta":"","header-above-stick-meta":"","header-main-stick-meta":"","header-below-stick-meta":"","astra-migrate-meta-layouts":"set","ast-page-background-enabled":"default","ast-page-background-meta":{"desktop":{"background-color":"var(--ast-global-color-4)","background-image":"","background-repeat":"repeat","background-position":"center center","background-size":"auto","background-attachment":"scroll","background-type":"","background-media":"","overlay-type":"","overlay-color":"","overlay-opacity":"","overlay-gradient":""},"tablet":{"background-color":"","background-image":"","background-repeat":"repeat","background-position":"center center","background-size":"auto","background-attachment":"scroll","background-type":"","background-media":"","overlay-type":"","overlay-color":"","overlay-opacity":"","overlay-gradient":""},"mobile":{"background-color":"","background-image":"","background-repeat":"repeat","background-position":"center center","background-size":"auto","background-attachment":"scroll","background-type":"","background-media":"","overlay-type":"","overlay-color":"","overlay-opacity":"","overlay-gradient":""}},"ast-content-background-meta":{"desktop":{"background-color":"var(--ast-global-color-5)","background-image":"","background-repeat":"repeat","background-position":"center center","background-size":"auto","background-attachment":"scroll","background-type":"","background-media":"","overlay-type":"","overlay-color":"","overlay-opacity":"","overlay-gradient":""},"tablet":{"background-color":"var(--ast-global-color-5)","background-image":"","background-repeat":"repeat","background-position":"center center","background-size":"auto","background-attachment":"scroll","background-type":"","background-media":"","overlay-type":"","overlay-color":"","overlay-opacity":"","overlay-gradient":""},"mobile":{"background-color":"var(--ast-global-color-5)","background-image":"","background-repeat":"repeat","background-position":"center center","background-size":"auto","background-attachment":"scroll","background-type":"","background-media":"","overlay-type":"","overlay-color":"","overlay-opacity":"","overlay-gradient":""}},"footnotes":""},"categories":[45],"tags":[],"class_list":["post-13086","post","type-post","status-publish","format-standard","has-post-thumbnail","hentry","category-esportes"],"_links":{"self":[{"href":"https:\/\/maisoeste.com.br\/index.php?rest_route=\/wp\/v2\/posts\/13086","targetHints":{"allow":["GET"]}}],"collection":[{"href":"https:\/\/maisoeste.com.br\/index.php?rest_route=\/wp\/v2\/posts"}],"about":[{"href":"https:\/\/maisoeste.com.br\/index.php?rest_route=\/wp\/v2\/types\/post"}],"author":[{"embeddable":true,"href":"https:\/\/maisoeste.com.br\/index.php?rest_route=\/wp\/v2\/users\/1"}],"replies":[{"embeddable":true,"href":"https:\/\/maisoeste.com.br\/index.php?rest_route=%2Fwp%2Fv2%2Fcomments&post=13086"}],"version-history":[{"count":1,"href":"https:\/\/maisoeste.com.br\/index.php?rest_route=\/wp\/v2\/posts\/13086\/revisions"}],"predecessor-version":[{"id":13088,"href":"https:\/\/maisoeste.com.br\/index.php?rest_route=\/wp\/v2\/posts\/13086\/revisions\/13088"}],"wp:featuredmedia":[{"embeddable":true,"href":"https:\/\/maisoeste.com.br\/index.php?rest_route=\/wp\/v2\/media\/13087"}],"wp:attachment":[{"href":"https:\/\/maisoeste.com.br\/index.php?rest_route=%2Fwp%2Fv2%2Fmedia&parent=13086"}],"wp:term":[{"taxonomy":"category","embeddable":true,"href":"https:\/\/maisoeste.com.br\/index.php?rest_route=%2Fwp%2Fv2%2Fcategories&post=13086"},{"taxonomy":"post_tag","embeddable":true,"href":"https:\/\/maisoeste.com.br\/index.php?rest_route=%2Fwp%2Fv2%2Ftags&post=13086"}],"curies":[{"name":"wp","href":"https:\/\/api.w.org\/{rel}","templated":true}]}}