{"id":13112,"date":"2026-04-29T07:08:30","date_gmt":"2026-04-29T10:08:30","guid":{"rendered":"https:\/\/maisoeste.com.br\/?p=13112"},"modified":"2026-04-29T07:08:32","modified_gmt":"2026-04-29T10:08:32","slug":"barreiras-apresenta-experiencias-exitosas-no-12o-congresso-do-cosems-bahia","status":"publish","type":"post","link":"https:\/\/maisoeste.com.br\/?p=13112","title":{"rendered":"Barreiras apresenta experi\u00eancias exitosas no 12\u00ba Congresso do COSEMS Bahia"},"content":{"rendered":"\n<p>A Secretaria Municipal de Sa\u00fade de Barreiras marcou presen\u00e7a no 12\u00ba Congresso do Conselho Estadual dos Secret\u00e1rios Municipais de Sa\u00fade da Bahia (COSEMS-BA), realizado entre os dias 25 e 28 de abril, no Centro de Conven\u00e7\u00f5es Salvador, em Salvador. O evento reuniu cerca de 1.500 participantes, entre secret\u00e1rios municipais de sa\u00fade, gestores, trabalhadores do Sistema \u00danico de Sa\u00fade (SUS), parceiros institucionais e representantes de iniciativas exitosas apresentadas na Mostra COSEMS Bahia, \u201cAqui tem SUS\u201d.<\/p>\n\n\n\n<p>Com o tema \u201cO novo paradigma da Aten\u00e7\u00e3o Especializada na Bahia: da fila ao cuidado integral\u201d, o congresso prop\u00f4s uma reflex\u00e3o estrat\u00e9gica sobre os desafios e as transforma\u00e7\u00f5es necess\u00e1rias para o fortalecimento da rede assistencial no estado. A abordagem destacou a import\u00e2ncia de superar gargalos hist\u00f3ricos e ampliar o acesso aos servi\u00e7os especializados com qualidade, continuidade e resolutividade.<\/p>\n\n\n\n<p>Durante a programa\u00e7\u00e3o, a secret\u00e1ria municipal de Sa\u00fade, Larissa Barbosa, acompanhou de perto as apresenta\u00e7\u00f5es dos coordenadores Juana Ribeiro, Alessandro Menezes e Bruno Ramos, que representaram o munic\u00edpio com trabalhos voltados \u00e0 qualifica\u00e7\u00e3o do atendimento e \u00e0 humaniza\u00e7\u00e3o dos servi\u00e7os.<\/p>\n\n\n\n<p>De Barreiras, cinco experi\u00eancias foram selecionadas para apresenta\u00e7\u00e3o no congresso. Entre elas, os projetos do SAMU regional: \u201cSamu de portas abertas\u201d, \u201cSamu em Movimento: Cuidados que salvam vidas\u201d e \u201cSamu na Rua: Informa\u00e7\u00f5es que salvam, porque saber agir \u00e9 o primeiro passo para salvar vidas\u201d, apresentados por Juana Ribeiro. Tamb\u00e9m integrou a mostra o projeto \u201cAcolhemente: um novo olhar para a sa\u00fade mental e os cuidados psiqui\u00e1tricos no SUS\u201d, apresentado pela coordena\u00e7\u00e3o do Centro de Especialidades Leon\u00eddia Ayres, representando a \u00e1rea de sa\u00fade mental. Outro destaque foi o projeto \u201cRede Humanizafibro de Barreiras: Rede de Aten\u00e7\u00e3o \u00e0 Pessoa com Fibromialgia\u201d, apresentado por Bruno Ramos.<\/p>\n\n\n\n<p>Ao longo dos tr\u00eas dias de evento, a equipe da Secretaria de Sa\u00fade participou ativamente dos debates sobre a organiza\u00e7\u00e3o dos servi\u00e7os, o papel dos munic\u00edpios na constru\u00e7\u00e3o de uma assist\u00eancia integrada e o fortalecimento das redes de aten\u00e7\u00e3o \u00e0 sa\u00fade. A programa\u00e7\u00e3o incluiu mesas tem\u00e1ticas, pain\u00e9is e espa\u00e7os de troca de experi\u00eancias entre os territ\u00f3rios, com foco na amplia\u00e7\u00e3o da capacidade de resposta da gest\u00e3o municipal diante das demandas crescentes da popula\u00e7\u00e3o.<\/p>\n\n\n\n<p>Para a secret\u00e1ria Larissa Barbosa, a participa\u00e7\u00e3o no congresso refor\u00e7a o compromisso da gest\u00e3o com a qualifica\u00e7\u00e3o permanente dos servi\u00e7os. \u201cA import\u00e2ncia \u00e9 justamente o estabelecimento de uma cultura de fomento ao estudo, ao conhecimento, ci\u00eancia, interlocu\u00e7\u00e3o, motiva\u00e7\u00e3o, que culminam em experi\u00eancias exitosas de destaque para o munic\u00edpio. Essas experi\u00eancias servem de refer\u00eancia para outros munic\u00edpios, e refor\u00e7a o compromisso da gest\u00e3o com a forma\u00e7\u00e3o, inova\u00e7\u00e3o e consolida a gest\u00e3o como um modelo resolutivo e de destaque no estado\u201d, destacou.<\/p>\n\n\n\n<p><strong>Dircom<\/strong><\/p>\n","protected":false},"excerpt":{"rendered":"<p>A Secretaria Municipal de Sa\u00fade de Barreiras marcou presen\u00e7a no 12\u00ba Congresso do Conselho Estadual dos Secret\u00e1rios Municipais de Sa\u00fade da Bahia (COSEMS-BA), realizado entre os dias 25 e 28 de abril, no Centro de Conven\u00e7\u00f5es Salvador, em Salvador. O evento reuniu cerca de 1.500 participantes, entre secret\u00e1rios municipais de sa\u00fade, gestores, trabalhadores do Sistema [&hellip;]<\/p>\n","protected":false},"author":1,"featured_media":13113,"comment_status":"open","ping_status":"closed","sticky":false,"template":"","format":"standard","meta":{"site-sidebar-layout":"default","site-content-layout":"","ast-site-content-layout":"default","site-content-style":"default","site-sidebar-style":"default","ast-global-header-display":"","ast-banner-title-visibility":"","ast-main-header-display":"","ast-hfb-above-header-display":"","ast-hfb-below-header-display":"","ast-hfb-mobile-header-display":"","site-post-title":"","ast-breadcrumbs-content":"","ast-featured-img":"","footer-sml-layout":"","theme-transparent-header-meta":"","adv-header-id-meta":"","stick-header-meta":"","header-above-stick-meta":"","header-main-stick-meta":"","header-below-stick-meta":"","astra-migrate-meta-layouts":"set","ast-page-background-enabled":"default","ast-page-background-meta":{"desktop":{"background-color":"var(--ast-global-color-4)","background-image":"","background-repeat":"repeat","background-position":"center center","background-size":"auto","background-attachment":"scroll","background-type":"","background-media":"","overlay-type":"","overlay-color":"","overlay-opacity":"","overlay-gradient":""},"tablet":{"background-color":"","background-image":"","background-repeat":"repeat","background-position":"center center","background-size":"auto","background-attachment":"scroll","background-type":"","background-media":"","overlay-type":"","overlay-color":"","overlay-opacity":"","overlay-gradient":""},"mobile":{"background-color":"","background-image":"","background-repeat":"repeat","background-position":"center center","background-size":"auto","background-attachment":"scroll","background-type":"","background-media":"","overlay-type":"","overlay-color":"","overlay-opacity":"","overlay-gradient":""}},"ast-content-background-meta":{"desktop":{"background-color":"var(--ast-global-color-5)","background-image":"","background-repeat":"repeat","background-position":"center center","background-size":"auto","background-attachment":"scroll","background-type":"","background-media":"","overlay-type":"","overlay-color":"","overlay-opacity":"","overlay-gradient":""},"tablet":{"background-color":"var(--ast-global-color-5)","background-image":"","background-repeat":"repeat","background-position":"center center","background-size":"auto","background-attachment":"scroll","background-type":"","background-media":"","overlay-type":"","overlay-color":"","overlay-opacity":"","overlay-gradient":""},"mobile":{"background-color":"var(--ast-global-color-5)","background-image":"","background-repeat":"repeat","background-position":"center center","background-size":"auto","background-attachment":"scroll","background-type":"","background-media":"","overlay-type":"","overlay-color":"","overlay-opacity":"","overlay-gradient":""}},"footnotes":""},"categories":[45],"tags":[],"class_list":["post-13112","post","type-post","status-publish","format-standard","has-post-thumbnail","hentry","category-esportes"],"_links":{"self":[{"href":"https:\/\/maisoeste.com.br\/index.php?rest_route=\/wp\/v2\/posts\/13112","targetHints":{"allow":["GET"]}}],"collection":[{"href":"https:\/\/maisoeste.com.br\/index.php?rest_route=\/wp\/v2\/posts"}],"about":[{"href":"https:\/\/maisoeste.com.br\/index.php?rest_route=\/wp\/v2\/types\/post"}],"author":[{"embeddable":true,"href":"https:\/\/maisoeste.com.br\/index.php?rest_route=\/wp\/v2\/users\/1"}],"replies":[{"embeddable":true,"href":"https:\/\/maisoeste.com.br\/index.php?rest_route=%2Fwp%2Fv2%2Fcomments&post=13112"}],"version-history":[{"count":1,"href":"https:\/\/maisoeste.com.br\/index.php?rest_route=\/wp\/v2\/posts\/13112\/revisions"}],"predecessor-version":[{"id":13114,"href":"https:\/\/maisoeste.com.br\/index.php?rest_route=\/wp\/v2\/posts\/13112\/revisions\/13114"}],"wp:featuredmedia":[{"embeddable":true,"href":"https:\/\/maisoeste.com.br\/index.php?rest_route=\/wp\/v2\/media\/13113"}],"wp:attachment":[{"href":"https:\/\/maisoeste.com.br\/index.php?rest_route=%2Fwp%2Fv2%2Fmedia&parent=13112"}],"wp:term":[{"taxonomy":"category","embeddable":true,"href":"https:\/\/maisoeste.com.br\/index.php?rest_route=%2Fwp%2Fv2%2Fcategories&post=13112"},{"taxonomy":"post_tag","embeddable":true,"href":"https:\/\/maisoeste.com.br\/index.php?rest_route=%2Fwp%2Fv2%2Ftags&post=13112"}],"curies":[{"name":"wp","href":"https:\/\/api.w.org\/{rel}","templated":true}]}}