{"id":13121,"date":"2026-04-29T07:14:58","date_gmt":"2026-04-29T10:14:58","guid":{"rendered":"https:\/\/maisoeste.com.br\/?p=13121"},"modified":"2026-04-29T07:15:00","modified_gmt":"2026-04-29T10:15:00","slug":"festival-de-inverno-bahia-anuncia-inicio-das-vendas-de-ingressos-no-escuro","status":"publish","type":"post","link":"https:\/\/maisoeste.com.br\/?p=13121","title":{"rendered":"Festival de Inverno Bahia anuncia in\u00edcio das vendas de ingressos no escuro"},"content":{"rendered":"\n<p>O Festival de Inverno Bahia anunciou, nesta ter\u00e7a-feira (28), a abertura de vendas no escuro com lote especial. Na 20\u00aa edi\u00e7\u00e3o, o evento acontecer\u00e1 nos dias 21, 22 e 23 de agosto, no Parque de Exposi\u00e7\u00f5es Teopompo de Almeida, em\u00a0Vit\u00f3ria da Conquista, no sudoeste do estado. Os pre\u00e7os variam entre R$ 70 e R$ 564.<\/p>\n\n\n\n<p>As informa\u00e7\u00f5es foram divulgadas pela Bahia Eventos e Salvador Produ\u00e7\u00f5es, que realizam juntas a produ\u00e7\u00e3o do evento e v\u00e3o repetir a dobradinha realizada no Festival de Ver\u00e3o Salvador. As atra\u00e7\u00f5es da festa ainda n\u00e3o foram anunciadas e ser\u00e3o divulgadas em breve.<\/p>\n\n\n\n<p>Em anos anteriores, o festival j\u00e1 teve apresenta\u00e7\u00f5es de Ney Matogrosso, Nando Reis, Ana Castela, Vanessa da Mata, Xand Avi\u00e3o, AnaVit\u00f3ria, Alexandre Pires, Menos \u00c9 Mais, Ivete Sangalo, L\u00e9o Santana e Lulu Santos.<\/p>\n\n\n\n<p>Nesta edi\u00e7\u00e3o, o FIB trar\u00e1, mais uma vez, al\u00e9m dos grandes shows, ativa\u00e7\u00f5es dos patrocinadores e parceiros, que estar\u00e3o espalhados por todo o Parque Teopompo de Almeida. A gastronomia tamb\u00e9m estar\u00e1 presente na festa, com o melhor da culin\u00e1ria local e regional para os conquistenses e turistas.<\/p>\n\n\n\n<p>As vendas dos ingressos acontece atrav\u00e9s\u00a0<a href=\"https:\/\/bileto.sympla.com.br\/event\/119972\/d\/382307?algoliaID=f9418f682ade1e18c6c73c0dcf0f86b0&amp;_gl=1*puzmo2*_gcl_au*MTk4NzgzNTIzMS4xNzc2NDM0Mjc0*_ga*NDE5ODM4NDE0LjE3Njg1ODQzNDk.*_ga_KXH10SQTZF*czE3NzczODQxNDckbzEzJGcxJHQxNzc3Mzg0MTUzJGo1NCRsMCRoOTkyNDU2NTQz\" target=\"_blank\" rel=\"noreferrer noopener\" class=\"\"><em><strong>da plataforma Sympla<\/strong><\/em><\/a>, na loja do Bora Tickets, no 2\u00ba piso do Shopping da Bahia, em Salvador, e em Vit\u00f3ria da Conquista na Central de Ingressos (Shopping Conquista Sul e Galeria Panvicon), Banca Central (Pra\u00e7a Bar\u00e3o do Rio Branco), na Loja Taco (Av. Ol\u00edvia Flores, 686), na loja DMK (Shopping Boulevard) e na Charlie Colt (Bairro Brasil).<\/p>\n\n\n\n<p>Fonte\/\/G1<\/p>\n","protected":false},"excerpt":{"rendered":"<p>O Festival de Inverno Bahia anunciou, nesta ter\u00e7a-feira (28), a abertura de vendas no escuro com lote especial. Na 20\u00aa edi\u00e7\u00e3o, o evento acontecer\u00e1 nos dias 21, 22 e 23 de agosto, no Parque de Exposi\u00e7\u00f5es Teopompo de Almeida, em\u00a0Vit\u00f3ria da Conquista, no sudoeste do estado. Os pre\u00e7os variam entre R$ 70 e R$ 564. [&hellip;]<\/p>\n","protected":false},"author":1,"featured_media":13122,"comment_status":"open","ping_status":"closed","sticky":false,"template":"","format":"standard","meta":{"site-sidebar-layout":"default","site-content-layout":"","ast-site-content-layout":"default","site-content-style":"default","site-sidebar-style":"default","ast-global-header-display":"","ast-banner-title-visibility":"","ast-main-header-display":"","ast-hfb-above-header-display":"","ast-hfb-below-header-display":"","ast-hfb-mobile-header-display":"","site-post-title":"","ast-breadcrumbs-content":"","ast-featured-img":"","footer-sml-layout":"","theme-transparent-header-meta":"","adv-header-id-meta":"","stick-header-meta":"","header-above-stick-meta":"","header-main-stick-meta":"","header-below-stick-meta":"","astra-migrate-meta-layouts":"set","ast-page-background-enabled":"default","ast-page-background-meta":{"desktop":{"background-color":"var(--ast-global-color-4)","background-image":"","background-repeat":"repeat","background-position":"center center","background-size":"auto","background-attachment":"scroll","background-type":"","background-media":"","overlay-type":"","overlay-color":"","overlay-opacity":"","overlay-gradient":""},"tablet":{"background-color":"","background-image":"","background-repeat":"repeat","background-position":"center center","background-size":"auto","background-attachment":"scroll","background-type":"","background-media":"","overlay-type":"","overlay-color":"","overlay-opacity":"","overlay-gradient":""},"mobile":{"background-color":"","background-image":"","background-repeat":"repeat","background-position":"center center","background-size":"auto","background-attachment":"scroll","background-type":"","background-media":"","overlay-type":"","overlay-color":"","overlay-opacity":"","overlay-gradient":""}},"ast-content-background-meta":{"desktop":{"background-color":"var(--ast-global-color-5)","background-image":"","background-repeat":"repeat","background-position":"center center","background-size":"auto","background-attachment":"scroll","background-type":"","background-media":"","overlay-type":"","overlay-color":"","overlay-opacity":"","overlay-gradient":""},"tablet":{"background-color":"var(--ast-global-color-5)","background-image":"","background-repeat":"repeat","background-position":"center center","background-size":"auto","background-attachment":"scroll","background-type":"","background-media":"","overlay-type":"","overlay-color":"","overlay-opacity":"","overlay-gradient":""},"mobile":{"background-color":"var(--ast-global-color-5)","background-image":"","background-repeat":"repeat","background-position":"center center","background-size":"auto","background-attachment":"scroll","background-type":"","background-media":"","overlay-type":"","overlay-color":"","overlay-opacity":"","overlay-gradient":""}},"footnotes":""},"categories":[85],"tags":[],"class_list":["post-13121","post","type-post","status-publish","format-standard","has-post-thumbnail","hentry","category-cultura"],"_links":{"self":[{"href":"https:\/\/maisoeste.com.br\/index.php?rest_route=\/wp\/v2\/posts\/13121","targetHints":{"allow":["GET"]}}],"collection":[{"href":"https:\/\/maisoeste.com.br\/index.php?rest_route=\/wp\/v2\/posts"}],"about":[{"href":"https:\/\/maisoeste.com.br\/index.php?rest_route=\/wp\/v2\/types\/post"}],"author":[{"embeddable":true,"href":"https:\/\/maisoeste.com.br\/index.php?rest_route=\/wp\/v2\/users\/1"}],"replies":[{"embeddable":true,"href":"https:\/\/maisoeste.com.br\/index.php?rest_route=%2Fwp%2Fv2%2Fcomments&post=13121"}],"version-history":[{"count":1,"href":"https:\/\/maisoeste.com.br\/index.php?rest_route=\/wp\/v2\/posts\/13121\/revisions"}],"predecessor-version":[{"id":13123,"href":"https:\/\/maisoeste.com.br\/index.php?rest_route=\/wp\/v2\/posts\/13121\/revisions\/13123"}],"wp:featuredmedia":[{"embeddable":true,"href":"https:\/\/maisoeste.com.br\/index.php?rest_route=\/wp\/v2\/media\/13122"}],"wp:attachment":[{"href":"https:\/\/maisoeste.com.br\/index.php?rest_route=%2Fwp%2Fv2%2Fmedia&parent=13121"}],"wp:term":[{"taxonomy":"category","embeddable":true,"href":"https:\/\/maisoeste.com.br\/index.php?rest_route=%2Fwp%2Fv2%2Fcategories&post=13121"},{"taxonomy":"post_tag","embeddable":true,"href":"https:\/\/maisoeste.com.br\/index.php?rest_route=%2Fwp%2Fv2%2Ftags&post=13121"}],"curies":[{"name":"wp","href":"https:\/\/api.w.org\/{rel}","templated":true}]}}