{"id":13126,"date":"2026-04-29T07:18:29","date_gmt":"2026-04-29T10:18:29","guid":{"rendered":"https:\/\/maisoeste.com.br\/?p=13126"},"modified":"2026-04-29T07:18:31","modified_gmt":"2026-04-29T10:18:31","slug":"bahia-farm-show-confira-as-novidades-da-20a-edicao-da-maior-feira-de-agropecuaria-do-norte-nordeste","status":"publish","type":"post","link":"https:\/\/maisoeste.com.br\/?p=13126","title":{"rendered":"Bahia Farm Show: Confira as novidades da 20\u00aa edi\u00e7\u00e3o da maior feira de agropecu\u00e1ria do Norte\/Nordeste"},"content":{"rendered":"\n<p>As novidades da 20\u00aa edi\u00e7\u00e3o da\u00a0<strong>Bahia Farm Show<\/strong>, maior feira de agropecu\u00e1ria do Norte\/Nordeste, foram apresentadas, na segunda-feira (27), em\u00a0Salvador. O evento acontecer\u00e1 entre os dias 8 e 13 de junho, em\u00a0Lu\u00eds Eduardo Magalh\u00e3es, no oeste do estado.<\/p>\n\n\n\n<p>Para a realiza\u00e7\u00e3o da feira, a organiza\u00e7\u00e3o estima um investimento de R$ 180 milh\u00f5es, considerando os aportes realizados pelo conjunto de empresas e institui\u00e7\u00f5es presentes na mostra. O Complexo ter\u00e1 uma \u00e1rea total de 38 hectares, equivalente a 380 mil metros quadrados, para receber mais de 500 expositores, visitantes, empresas, institui\u00e7\u00f5es e opera\u00e7\u00f5es de suporte ao longo de toda a semana.<\/p>\n\n\n\n<p>A estrutura incluir\u00e1 ainda um estacionamento com capacidade para 10 mil ve\u00edculos. O evento estima que a opera\u00e7\u00e3o ser\u00e1 capaz de gerar mais de 8 mil empregos diretos e indiretos.<\/p>\n\n\n\n<p>Acompanhando a era dos smartphones, drones e Intelig\u00eancia Artificial, a Bahia Farm Show tamb\u00e9m estar\u00e1 mais conectada e segura. A feira ofertar\u00e1 um aplicativo com mapa interativo em tempo real, investir\u00e1 em mobilidade interna com ve\u00edculos el\u00e9tricos e uma central de monitoramento 24 horas com reconhecimento facial.<\/p>\n\n\n\n<p>O lan\u00e7amento da Bahia Farm Show contou as presen\u00e7as do governador da Bahia, Jer\u00f4nim Rodrigues (PT), o ex-governador do estado e ex-ministro da Casa Civil, Rui Costa, a presidente da Assembleia Legislativa da Bahia (Alba), deputada estadual Ivana Bastos, e o presidente da Federa\u00e7\u00e3o das Ind\u00fastrias do Estado da Bahia (Fieb), Carlos Henrique Passos.<\/p>\n\n\n\n<p>Tamb\u00e9m participaram do evento os secret\u00e1rios estaduais da Agricultura, Vivaldo G\u00f3is; do Desenvolvimento Econ\u00f4mico, A\u00e9cio Moreira; do Desenvolvimento Rural, Elisabete Costa; de Desenvolvimento Urbano, Joaquim Neto; de Infraestrutura, Saulo Pontes; do Meio Ambiente, Eduardo Sodr\u00e9; das Rela\u00e7\u00f5es Institucionais, Adolpho Loyola; e do Turismo, Maur\u00edcio Bacelar.<\/p>\n\n\n\n<p>O diretor-presidente da Companhia de Desenvolvimento e A\u00e7\u00e3o Regional, Jeandro Ribeiro, tamb\u00e9m acompanhou o lan\u00e7amento, assim como representantes de institui\u00e7\u00f5es financeiras, como o superintendente estadual do Banco do Nordeste, Pedro Lima Neto; o superintendente de rede da Caixa Econ\u00f4mica Federal \u2013 Salvador, S\u00e2mio C\u00e1ssio de Carvalho Melo; e o gerente estadual de agroneg\u00f3cios do Banco do Brasil, Claudiney Ribeiro.<\/p>\n\n\n\n<h2 class=\"wp-block-heading\">Cen\u00e1rio geopol\u00edtico<\/h2>\n\n\n\n<p>Na agenda de discuss\u00e3o, estiveram em pauta o atual cen\u00e1rio geopol\u00edtico e seus impactos no setor produtivo. O presidente da Aiba e da BFS, Mois\u00e9s Schmidt, falou que o momento \u00e9 de se reinventar e destacou o papel do Estado e da ind\u00fastria como estrat\u00e9gico para o desenvolvimento do setor e aumento da competitividade.<\/p>\n\n\n\n<p>\u201cA agroind\u00fastria vem, nesse momento, verticalizando toda a mat\u00e9ria-prima que produzimos, seja ela soja, algod\u00e3o, carne, fruticultura, dando mais competitividade \u00e0 produ\u00e7\u00e3o do estado e pa\u00eds\u201d, destacou.<\/p>\n\n\n\n<p>Para a presidente da Associa\u00e7\u00e3o Baiana dos Produtores de Algod\u00e3o (Abapa), Alessandra Zanotto Costa, a conjuntura internacional \u00e9 desafiadora e evidencia car\u00eancias, tanto estruturais quanto operacionais, que ainda limitam o acesso do produtor a recursos para seguir avan\u00e7ando.<\/p>\n\n\n\n<p>\u201cEste \u00e9 o momento para estarmos cada vez mais unidos e conectados, como setor, n\u00e3o s\u00f3 envolvendo quem produz, mas a ind\u00fastria e o governo, como uma forma da gente continuar avan\u00e7ando\u201d, concluiu.<\/p>\n\n\n\n<p>O impacto tamb\u00e9m foi sentido no segmento de maquin\u00e1rios agr\u00edcolas e representantes do segmento pedem incentivos de agentes financeiros. \u201cMesmo com o atual cen\u00e1rio, tivemos um aumento consider\u00e1vel de expositores do ramo na Bahia Farm Show, o que demonstra a credibilidade do evento\u201d, declarou otimista com a nova edi\u00e7\u00e3o, o presidente da Associa\u00e7\u00e3o de Agricultores e Irrigantes da Bahia (Assomiba), Maicon Crestani.<\/p>\n\n\n\n<p>O presidente da Funda\u00e7\u00e3o Bahia, Jarbas Bergamaschi, pontuou ainda que a feira \u00e9 o elo entre o produtor e o que h\u00e1 de mais avan\u00e7ado no mercado global.<\/p>\n\n\n\n<p>\u201cExtremamente necess\u00e1ria para a nossa regi\u00e3o, ela apresenta as tecnologias mais modernas do mundo. Isso vai al\u00e9m das m\u00e1quinas, abrangendo tamb\u00e9m insumos essenciais, como os defensivos agr\u00edcolas e biol\u00f3gicos que auxiliam no combate \u00e0s pragas comuns no Oeste da Bahia\u201d, concluiu.<\/p>\n\n\n\n<h2 class=\"wp-block-heading\">Demandas do setor<\/h2>\n\n\n\n<p><\/p>\n\n\n\n<p>O secret\u00e1rio estadual da Agricultura, Vivaldo Gois de Oliveira, ouviu as demandas do setor e manifestou apoio, em especial \u00e0 cadeia da citricultura, afetada com a baixa dos pre\u00e7os dos produtos. Gois falou da singularidade e potencial da Bahia, \u00fanico estado com tr\u00eas biomas \u2013 Caatinga, Mata Atl\u00e2ntica e Cerrado.<\/p>\n\n\n\n<p>J\u00e1 o ex-ministro da Casa Civil, Rui Costa, avaliou que na posi\u00e7\u00e3o geopol\u00edtica, o Brasil se destaca por adotar uma posi\u00e7\u00e3o neutra e passar a ser visto como supridor de alimentos, por exemplo. O tamb\u00e9m ex-governador da Bahia apresentou um balan\u00e7o de tr\u00eas anos do Plano Safra, que acumulou R$ 1,5 trilh\u00e3o.<\/p>\n\n\n\n<p>\u201cS\u00e3o mais recursos dispon\u00edveis, tanto para o agroneg\u00f3cio, quanto para a agricultura familiar, com condi\u00e7\u00f5es diferenciadas com rela\u00e7\u00e3o ao mercado como um todo\u201d.<\/p>\n\n\n\n<p>Ele ainda anunciou a retomada das obras da Ferrovia de Integra\u00e7\u00e3o Oeste-Leste (Fiol) e do Porto Sul. No entanto, o prazo n\u00e3o foi divulgado.<\/p>\n\n\n\n<p>Fonte\/\/G1<\/p>\n","protected":false},"excerpt":{"rendered":"<p>As novidades da 20\u00aa edi\u00e7\u00e3o da\u00a0Bahia Farm Show, maior feira de agropecu\u00e1ria do Norte\/Nordeste, foram apresentadas, na segunda-feira (27), em\u00a0Salvador. O evento acontecer\u00e1 entre os dias 8 e 13 de junho, em\u00a0Lu\u00eds Eduardo Magalh\u00e3es, no oeste do estado. Para a realiza\u00e7\u00e3o da feira, a organiza\u00e7\u00e3o estima um investimento de R$ 180 milh\u00f5es, considerando os aportes [&hellip;]<\/p>\n","protected":false},"author":1,"featured_media":13127,"comment_status":"open","ping_status":"closed","sticky":false,"template":"","format":"standard","meta":{"site-sidebar-layout":"default","site-content-layout":"","ast-site-content-layout":"default","site-content-style":"default","site-sidebar-style":"default","ast-global-header-display":"","ast-banner-title-visibility":"","ast-main-header-display":"","ast-hfb-above-header-display":"","ast-hfb-below-header-display":"","ast-hfb-mobile-header-display":"","site-post-title":"","ast-breadcrumbs-content":"","ast-featured-img":"","footer-sml-layout":"","theme-transparent-header-meta":"","adv-header-id-meta":"","stick-header-meta":"","header-above-stick-meta":"","header-main-stick-meta":"","header-below-stick-meta":"","astra-migrate-meta-layouts":"set","ast-page-background-enabled":"default","ast-page-background-meta":{"desktop":{"background-color":"var(--ast-global-color-4)","background-image":"","background-repeat":"repeat","background-position":"center center","background-size":"auto","background-attachment":"scroll","background-type":"","background-media":"","overlay-type":"","overlay-color":"","overlay-opacity":"","overlay-gradient":""},"tablet":{"background-color":"","background-image":"","background-repeat":"repeat","background-position":"center center","background-size":"auto","background-attachment":"scroll","background-type":"","background-media":"","overlay-type":"","overlay-color":"","overlay-opacity":"","overlay-gradient":""},"mobile":{"background-color":"","background-image":"","background-repeat":"repeat","background-position":"center center","background-size":"auto","background-attachment":"scroll","background-type":"","background-media":"","overlay-type":"","overlay-color":"","overlay-opacity":"","overlay-gradient":""}},"ast-content-background-meta":{"desktop":{"background-color":"var(--ast-global-color-5)","background-image":"","background-repeat":"repeat","background-position":"center center","background-size":"auto","background-attachment":"scroll","background-type":"","background-media":"","overlay-type":"","overlay-color":"","overlay-opacity":"","overlay-gradient":""},"tablet":{"background-color":"var(--ast-global-color-5)","background-image":"","background-repeat":"repeat","background-position":"center center","background-size":"auto","background-attachment":"scroll","background-type":"","background-media":"","overlay-type":"","overlay-color":"","overlay-opacity":"","overlay-gradient":""},"mobile":{"background-color":"var(--ast-global-color-5)","background-image":"","background-repeat":"repeat","background-position":"center center","background-size":"auto","background-attachment":"scroll","background-type":"","background-media":"","overlay-type":"","overlay-color":"","overlay-opacity":"","overlay-gradient":""}},"footnotes":""},"categories":[4],"tags":[],"class_list":["post-13126","post","type-post","status-publish","format-standard","has-post-thumbnail","hentry","category-brasil"],"_links":{"self":[{"href":"https:\/\/maisoeste.com.br\/index.php?rest_route=\/wp\/v2\/posts\/13126","targetHints":{"allow":["GET"]}}],"collection":[{"href":"https:\/\/maisoeste.com.br\/index.php?rest_route=\/wp\/v2\/posts"}],"about":[{"href":"https:\/\/maisoeste.com.br\/index.php?rest_route=\/wp\/v2\/types\/post"}],"author":[{"embeddable":true,"href":"https:\/\/maisoeste.com.br\/index.php?rest_route=\/wp\/v2\/users\/1"}],"replies":[{"embeddable":true,"href":"https:\/\/maisoeste.com.br\/index.php?rest_route=%2Fwp%2Fv2%2Fcomments&post=13126"}],"version-history":[{"count":1,"href":"https:\/\/maisoeste.com.br\/index.php?rest_route=\/wp\/v2\/posts\/13126\/revisions"}],"predecessor-version":[{"id":13128,"href":"https:\/\/maisoeste.com.br\/index.php?rest_route=\/wp\/v2\/posts\/13126\/revisions\/13128"}],"wp:featuredmedia":[{"embeddable":true,"href":"https:\/\/maisoeste.com.br\/index.php?rest_route=\/wp\/v2\/media\/13127"}],"wp:attachment":[{"href":"https:\/\/maisoeste.com.br\/index.php?rest_route=%2Fwp%2Fv2%2Fmedia&parent=13126"}],"wp:term":[{"taxonomy":"category","embeddable":true,"href":"https:\/\/maisoeste.com.br\/index.php?rest_route=%2Fwp%2Fv2%2Fcategories&post=13126"},{"taxonomy":"post_tag","embeddable":true,"href":"https:\/\/maisoeste.com.br\/index.php?rest_route=%2Fwp%2Fv2%2Ftags&post=13126"}],"curies":[{"name":"wp","href":"https:\/\/api.w.org\/{rel}","templated":true}]}}