{"id":13153,"date":"2026-04-30T07:07:53","date_gmt":"2026-04-30T10:07:53","guid":{"rendered":"https:\/\/maisoeste.com.br\/?p=13153"},"modified":"2026-04-30T07:07:54","modified_gmt":"2026-04-30T10:07:54","slug":"brasil-sobe-em-ranking-de-liberdade-de-imprensa-e-ultrapassa-os-eua-pela-1a-vez","status":"publish","type":"post","link":"https:\/\/maisoeste.com.br\/?p=13153","title":{"rendered":"Brasil sobe em ranking de liberdade de imprensa e ultrapassa os EUA pela 1\u00aa vez"},"content":{"rendered":"\n<p>O\u00a0<strong>Brasil<\/strong>\u00a0subiu cinco posi\u00e7\u00f5es no ranking global de liberdade de imprensa e ultrapassou os\u00a0Estados Unidos\u00a0pela primeira vez, segundo levantamento do Rep\u00f3rteres Sem Fronteiras (RSF) divulgado nesta quinta-feira (30). Atualmente, o pa\u00eds est\u00e1 na\u00a0<strong>52\u00aa<\/strong>\u00a0posi\u00e7\u00e3o, enquanto os norte-americanos ca\u00edram para a 64\u00aa.<\/p>\n\n\n\n<p>O ranking avalia a situa\u00e7\u00e3o de 180 pa\u00edses e usa indicadores econ\u00f4micos, legislativos, de seguran\u00e7a, pol\u00edticos e sociais para medir o estado da liberdade de imprensa no mundo. Neste ano, a ONG afirmou que o mundo registrou o n\u00edvel mais baixo de liberdade de imprensa em 25 anos.<\/p>\n\n\n\n<p>Segundo a RSF, o Brasil tem apresentado um movimento contr\u00e1rio, principalmente em rela\u00e7\u00e3o \u00e0 Am\u00e9rica Latina, onde v\u00e1rios pa\u00edses mergulharam &#8220;em uma espiral de viol\u00eancia e repress\u00e3o&#8221;.<\/p>\n\n\n\n<p>&#8220;Apesar de algumas recupera\u00e7\u00f5es nos \u00faltimos anos, como a do Brasil, a hist\u00f3ria recente da liberdade de imprensa no continente em geral \u00e9 marcada por duas tend\u00eancias: o aumento da viol\u00eancia cometida por agentes do crime organizado e a viol\u00eancia proveniente de for\u00e7as pol\u00edticas&#8221;, diz o relat\u00f3rio.<\/p>\n\n\n\n<p>Desde 2022, o Brasil subiu 58 posi\u00e7\u00f5es no ranking. No ano passado, a liberdade de imprensa brasileira estava na 63\u00aa posi\u00e7\u00e3o.<\/p>\n\n\n\n<p>Em 2021, o Brasil atingiu o pior \u00edndice:\u00a0ficou na 111\u00aa posi\u00e7\u00e3o\u00a0e entrou na chamada zona vermelha do ranking, considerada &#8220;situa\u00e7\u00e3o dif\u00edcil&#8221;. Agora, o pa\u00eds ainda \u00e9 classificado como em &#8220;situa\u00e7\u00e3o sens\u00edvel&#8221;, mas em uma posi\u00e7\u00e3o melhor.<\/p>\n\n\n\n<p>Enquanto isso, os Estados Unidos ca\u00edram no ranking pelo quarto ano seguido. Em 2022, os norte-americanos estavam na 42\u00aa coloca\u00e7\u00e3o, em situa\u00e7\u00e3o relativamente boa. No ano passado, o pa\u00eds estava na 57\u00aa posi\u00e7\u00e3o, em situa\u00e7\u00e3o sens\u00edvel. Agora, ca\u00edram para a&nbsp;<strong>64\u00aa<\/strong>&nbsp;posi\u00e7\u00e3o.<\/p>\n\n\n\n<p>A RSF disse que a queda j\u00e1 vinha acontecendo por causa das dificuldades econ\u00f4micas enfrentadas por jornalistas e por uma crise de confian\u00e7a do p\u00fablico. Agora, foi acentuada pelo uso da m\u00e1quina p\u00fablica pelo governo de Donald Trump contra jornalistas e ve\u00edculos de imprensa.<\/p>\n\n\n\n<p>&#8220;Desde seu retorno ao poder, os jornalistas tamb\u00e9m passaram a ser alvo durante manifesta\u00e7\u00f5es, o que reflete uma deteriora\u00e7\u00e3o mais ampla que constitui uma das crises mais graves para a liberdade de imprensa na hist\u00f3ria moderna dos Estados Unidos&#8221;, diz o relat\u00f3rio.<\/p>\n\n\n\n<p>&#8220;Os Estados Unidos de Donald Trump est\u00e3o saindo completamente do controle.&#8221;<\/p>\n\n\n\n<p>Fonte\/\/G1<\/p>\n","protected":false},"excerpt":{"rendered":"<p>O\u00a0Brasil\u00a0subiu cinco posi\u00e7\u00f5es no ranking global de liberdade de imprensa e ultrapassou os\u00a0Estados Unidos\u00a0pela primeira vez, segundo levantamento do Rep\u00f3rteres Sem Fronteiras (RSF) divulgado nesta quinta-feira (30). Atualmente, o pa\u00eds est\u00e1 na\u00a052\u00aa\u00a0posi\u00e7\u00e3o, enquanto os norte-americanos ca\u00edram para a 64\u00aa. O ranking avalia a situa\u00e7\u00e3o de 180 pa\u00edses e usa indicadores econ\u00f4micos, legislativos, de seguran\u00e7a, pol\u00edticos [&hellip;]<\/p>\n","protected":false},"author":1,"featured_media":13154,"comment_status":"open","ping_status":"closed","sticky":false,"template":"","format":"standard","meta":{"site-sidebar-layout":"default","site-content-layout":"","ast-site-content-layout":"default","site-content-style":"default","site-sidebar-style":"default","ast-global-header-display":"","ast-banner-title-visibility":"","ast-main-header-display":"","ast-hfb-above-header-display":"","ast-hfb-below-header-display":"","ast-hfb-mobile-header-display":"","site-post-title":"","ast-breadcrumbs-content":"","ast-featured-img":"","footer-sml-layout":"","theme-transparent-header-meta":"","adv-header-id-meta":"","stick-header-meta":"","header-above-stick-meta":"","header-main-stick-meta":"","header-below-stick-meta":"","astra-migrate-meta-layouts":"set","ast-page-background-enabled":"default","ast-page-background-meta":{"desktop":{"background-color":"var(--ast-global-color-4)","background-image":"","background-repeat":"repeat","background-position":"center center","background-size":"auto","background-attachment":"scroll","background-type":"","background-media":"","overlay-type":"","overlay-color":"","overlay-opacity":"","overlay-gradient":""},"tablet":{"background-color":"","background-image":"","background-repeat":"repeat","background-position":"center center","background-size":"auto","background-attachment":"scroll","background-type":"","background-media":"","overlay-type":"","overlay-color":"","overlay-opacity":"","overlay-gradient":""},"mobile":{"background-color":"","background-image":"","background-repeat":"repeat","background-position":"center center","background-size":"auto","background-attachment":"scroll","background-type":"","background-media":"","overlay-type":"","overlay-color":"","overlay-opacity":"","overlay-gradient":""}},"ast-content-background-meta":{"desktop":{"background-color":"var(--ast-global-color-5)","background-image":"","background-repeat":"repeat","background-position":"center center","background-size":"auto","background-attachment":"scroll","background-type":"","background-media":"","overlay-type":"","overlay-color":"","overlay-opacity":"","overlay-gradient":""},"tablet":{"background-color":"var(--ast-global-color-5)","background-image":"","background-repeat":"repeat","background-position":"center center","background-size":"auto","background-attachment":"scroll","background-type":"","background-media":"","overlay-type":"","overlay-color":"","overlay-opacity":"","overlay-gradient":""},"mobile":{"background-color":"var(--ast-global-color-5)","background-image":"","background-repeat":"repeat","background-position":"center center","background-size":"auto","background-attachment":"scroll","background-type":"","background-media":"","overlay-type":"","overlay-color":"","overlay-opacity":"","overlay-gradient":""}},"footnotes":""},"categories":[4],"tags":[],"class_list":["post-13153","post","type-post","status-publish","format-standard","has-post-thumbnail","hentry","category-brasil"],"_links":{"self":[{"href":"https:\/\/maisoeste.com.br\/index.php?rest_route=\/wp\/v2\/posts\/13153","targetHints":{"allow":["GET"]}}],"collection":[{"href":"https:\/\/maisoeste.com.br\/index.php?rest_route=\/wp\/v2\/posts"}],"about":[{"href":"https:\/\/maisoeste.com.br\/index.php?rest_route=\/wp\/v2\/types\/post"}],"author":[{"embeddable":true,"href":"https:\/\/maisoeste.com.br\/index.php?rest_route=\/wp\/v2\/users\/1"}],"replies":[{"embeddable":true,"href":"https:\/\/maisoeste.com.br\/index.php?rest_route=%2Fwp%2Fv2%2Fcomments&post=13153"}],"version-history":[{"count":1,"href":"https:\/\/maisoeste.com.br\/index.php?rest_route=\/wp\/v2\/posts\/13153\/revisions"}],"predecessor-version":[{"id":13155,"href":"https:\/\/maisoeste.com.br\/index.php?rest_route=\/wp\/v2\/posts\/13153\/revisions\/13155"}],"wp:featuredmedia":[{"embeddable":true,"href":"https:\/\/maisoeste.com.br\/index.php?rest_route=\/wp\/v2\/media\/13154"}],"wp:attachment":[{"href":"https:\/\/maisoeste.com.br\/index.php?rest_route=%2Fwp%2Fv2%2Fmedia&parent=13153"}],"wp:term":[{"taxonomy":"category","embeddable":true,"href":"https:\/\/maisoeste.com.br\/index.php?rest_route=%2Fwp%2Fv2%2Fcategories&post=13153"},{"taxonomy":"post_tag","embeddable":true,"href":"https:\/\/maisoeste.com.br\/index.php?rest_route=%2Fwp%2Fv2%2Ftags&post=13153"}],"curies":[{"name":"wp","href":"https:\/\/api.w.org\/{rel}","templated":true}]}}