{"id":13169,"date":"2026-05-02T07:00:00","date_gmt":"2026-05-02T10:00:00","guid":{"rendered":"https:\/\/maisoeste.com.br\/?p=13169"},"modified":"2026-05-02T07:33:15","modified_gmt":"2026-05-02T10:33:15","slug":"mostra-de-talento-celebra-inclusao-e-protagonismo-de-alunos-da-educacao-especial-em-barreiras","status":"publish","type":"post","link":"https:\/\/maisoeste.com.br\/?p=13169","title":{"rendered":"Mostra de Talento celebra inclus\u00e3o e protagonismo de alunos da educa\u00e7\u00e3o especial em Barreiras"},"content":{"rendered":"\n<p>O gin\u00e1sio de esportes Mateus Viana de Souza da Escola Mirandolina Ribeiro Macedo foi palco, nesta quinta-feira (30), de uma programa\u00e7\u00e3o marcada por emo\u00e7\u00e3o, criatividade e inclus\u00e3o. A segunda Mostra de Talentos da Educa\u00e7\u00e3o Especial reuniu alunos, familiares, professores e gestores para celebrar o m\u00eas de visibilidade do autismo com apresenta\u00e7\u00f5es art\u00edsticas e exposi\u00e7\u00e3o de trabalhos produzidos ao longo dos \u00faltimos meses.<\/p>\n\n\n\n<p>O evento integrou a programa\u00e7\u00e3o do m\u00eas da Visibilidade Autista, iniciada no come\u00e7o de abril, e marcou a culmin\u00e2ncia de um conjunto de a\u00e7\u00f5es voltadas \u00e0 valoriza\u00e7\u00e3o dos estudantes da educa\u00e7\u00e3o especial. Durante a mostra, o p\u00fablico p\u00f4de conferir produ\u00e7\u00f5es de artes visuais, desenvolvidas desde mar\u00e7o, al\u00e9m de apresenta\u00e7\u00f5es de dan\u00e7a, m\u00fasica, poesia e performances teatrais.<\/p>\n\n\n\n<p>A diversidade de express\u00f5es encantou quem esteve presente. Entre as atra\u00e7\u00f5es, houve apresenta\u00e7\u00f5es de alunos autistas, al\u00e9m da participa\u00e7\u00e3o de estudantes com surdez e defici\u00eancia f\u00edsica, refor\u00e7ando o car\u00e1ter inclusivo da iniciativa. Bailarinas, cantores, bateristas e at\u00e9 uma encena\u00e7\u00e3o sobre a hist\u00f3ria de um dinossauro ingl\u00eas fizeram parte da programa\u00e7\u00e3o.<\/p>\n\n\n\n<p>Atualmente, o munic\u00edpio conta com quase dois mil alunos matriculados na modalidade de educa\u00e7\u00e3o especial, sendo 954 estudantes com diagn\u00f3stico de autismo. Ao todo, 35 salas de recursos participaram da organiza\u00e7\u00e3o da mostra, seja com produ\u00e7\u00f5es visuais ou apresenta\u00e7\u00f5es expressivas.<\/p>\n\n\n\n<p>O secret\u00e1rio municipal de Educa\u00e7\u00e3o, Jeferson Barbosa, destacou a import\u00e2ncia da iniciativa para fortalecer a inclus\u00e3o na rede municipal. \u201c\u00c9 um evento important\u00edssimo, organizado pela Secretaria de Educa\u00e7\u00e3o, por meio do Centro de Estudo, Forma\u00e7\u00e3o e Atendimento Educacional Especializado Dr. Renato Gon\u00e7alves (CEFAEE), com a participa\u00e7\u00e3o de todas as escolas. Essa mostra, dentro da programa\u00e7\u00e3o do m\u00eas da Visibilidade Autista, \u00e9 uma demonstra\u00e7\u00e3o clara de que a Prefeitura de Barreiras tem um compromisso real com a inclus\u00e3o dos alunos da educa\u00e7\u00e3o especial\u201d, afirmou.<\/p>\n\n\n\n<p>A coordenadora da a\u00e7\u00e3o, foi a subdiretora de Acessibilidade e Inclus\u00e3o, Eliene Fernandes, que ressaltou o significado do momento. \u201cEssa \u00e9 a culmin\u00e2ncia de um trabalho constru\u00eddo desde mar\u00e7o. Hoje estamos mostrando os talentos dos nossos alunos, seja nas artes visuais ou nas expressivas. Ver a alegria deles e a emo\u00e7\u00e3o das fam\u00edlias nos mostra que estamos no caminho certo. A inclus\u00e3o n\u00e3o \u00e9 apenas matricular, \u00e9 garantir participa\u00e7\u00e3o, aprendizado e pertencimento\u201d, afirmou.<\/p>\n\n\n\n<p><strong>Dircom<\/strong><\/p>\n","protected":false},"excerpt":{"rendered":"<p>O gin\u00e1sio de esportes Mateus Viana de Souza da Escola Mirandolina Ribeiro Macedo foi palco, nesta quinta-feira (30), de uma programa\u00e7\u00e3o marcada por emo\u00e7\u00e3o, criatividade e inclus\u00e3o. A segunda Mostra de Talentos da Educa\u00e7\u00e3o Especial reuniu alunos, familiares, professores e gestores para celebrar o m\u00eas de visibilidade do autismo com apresenta\u00e7\u00f5es art\u00edsticas e exposi\u00e7\u00e3o de [&hellip;]<\/p>\n","protected":false},"author":1,"featured_media":13170,"comment_status":"open","ping_status":"closed","sticky":false,"template":"","format":"standard","meta":{"site-sidebar-layout":"default","site-content-layout":"","ast-site-content-layout":"default","site-content-style":"default","site-sidebar-style":"default","ast-global-header-display":"","ast-banner-title-visibility":"","ast-main-header-display":"","ast-hfb-above-header-display":"","ast-hfb-below-header-display":"","ast-hfb-mobile-header-display":"","site-post-title":"","ast-breadcrumbs-content":"","ast-featured-img":"","footer-sml-layout":"","theme-transparent-header-meta":"","adv-header-id-meta":"","stick-header-meta":"","header-above-stick-meta":"","header-main-stick-meta":"","header-below-stick-meta":"","astra-migrate-meta-layouts":"set","ast-page-background-enabled":"default","ast-page-background-meta":{"desktop":{"background-color":"var(--ast-global-color-4)","background-image":"","background-repeat":"repeat","background-position":"center center","background-size":"auto","background-attachment":"scroll","background-type":"","background-media":"","overlay-type":"","overlay-color":"","overlay-opacity":"","overlay-gradient":""},"tablet":{"background-color":"","background-image":"","background-repeat":"repeat","background-position":"center center","background-size":"auto","background-attachment":"scroll","background-type":"","background-media":"","overlay-type":"","overlay-color":"","overlay-opacity":"","overlay-gradient":""},"mobile":{"background-color":"","background-image":"","background-repeat":"repeat","background-position":"center center","background-size":"auto","background-attachment":"scroll","background-type":"","background-media":"","overlay-type":"","overlay-color":"","overlay-opacity":"","overlay-gradient":""}},"ast-content-background-meta":{"desktop":{"background-color":"var(--ast-global-color-5)","background-image":"","background-repeat":"repeat","background-position":"center center","background-size":"auto","background-attachment":"scroll","background-type":"","background-media":"","overlay-type":"","overlay-color":"","overlay-opacity":"","overlay-gradient":""},"tablet":{"background-color":"var(--ast-global-color-5)","background-image":"","background-repeat":"repeat","background-position":"center center","background-size":"auto","background-attachment":"scroll","background-type":"","background-media":"","overlay-type":"","overlay-color":"","overlay-opacity":"","overlay-gradient":""},"mobile":{"background-color":"var(--ast-global-color-5)","background-image":"","background-repeat":"repeat","background-position":"center center","background-size":"auto","background-attachment":"scroll","background-type":"","background-media":"","overlay-type":"","overlay-color":"","overlay-opacity":"","overlay-gradient":""}},"footnotes":""},"categories":[45],"tags":[],"class_list":["post-13169","post","type-post","status-publish","format-standard","has-post-thumbnail","hentry","category-esportes"],"_links":{"self":[{"href":"https:\/\/maisoeste.com.br\/index.php?rest_route=\/wp\/v2\/posts\/13169","targetHints":{"allow":["GET"]}}],"collection":[{"href":"https:\/\/maisoeste.com.br\/index.php?rest_route=\/wp\/v2\/posts"}],"about":[{"href":"https:\/\/maisoeste.com.br\/index.php?rest_route=\/wp\/v2\/types\/post"}],"author":[{"embeddable":true,"href":"https:\/\/maisoeste.com.br\/index.php?rest_route=\/wp\/v2\/users\/1"}],"replies":[{"embeddable":true,"href":"https:\/\/maisoeste.com.br\/index.php?rest_route=%2Fwp%2Fv2%2Fcomments&post=13169"}],"version-history":[{"count":1,"href":"https:\/\/maisoeste.com.br\/index.php?rest_route=\/wp\/v2\/posts\/13169\/revisions"}],"predecessor-version":[{"id":13171,"href":"https:\/\/maisoeste.com.br\/index.php?rest_route=\/wp\/v2\/posts\/13169\/revisions\/13171"}],"wp:featuredmedia":[{"embeddable":true,"href":"https:\/\/maisoeste.com.br\/index.php?rest_route=\/wp\/v2\/media\/13170"}],"wp:attachment":[{"href":"https:\/\/maisoeste.com.br\/index.php?rest_route=%2Fwp%2Fv2%2Fmedia&parent=13169"}],"wp:term":[{"taxonomy":"category","embeddable":true,"href":"https:\/\/maisoeste.com.br\/index.php?rest_route=%2Fwp%2Fv2%2Fcategories&post=13169"},{"taxonomy":"post_tag","embeddable":true,"href":"https:\/\/maisoeste.com.br\/index.php?rest_route=%2Fwp%2Fv2%2Ftags&post=13169"}],"curies":[{"name":"wp","href":"https:\/\/api.w.org\/{rel}","templated":true}]}}