{"id":13172,"date":"2026-05-02T07:00:00","date_gmt":"2026-05-02T10:00:00","guid":{"rendered":"https:\/\/maisoeste.com.br\/?p=13172"},"modified":"2026-05-02T07:34:07","modified_gmt":"2026-05-02T10:34:07","slug":"acao-do-abril-verde-promove-saude-prevencao-e-seguranca-do-trabalhador-em-barreiras","status":"publish","type":"post","link":"https:\/\/maisoeste.com.br\/?p=13172","title":{"rendered":"A\u00e7\u00e3o do Abril Verde promove sa\u00fade, preven\u00e7\u00e3o e seguran\u00e7a do trabalhador em Barreiras"},"content":{"rendered":"\n<p>Nesta quinta-feira (30), a cidade de Barreiras sediou uma importante a\u00e7\u00e3o em alus\u00e3o ao Abril Verde, realizada na Recicla Barreiras e voltada especialmente aos trabalhadores que atuam diretamente com a reciclagem. A iniciativa refor\u00e7ou a import\u00e2ncia do cuidado com a sa\u00fade e da ado\u00e7\u00e3o de pr\u00e1ticas seguras no ambiente de trabalho.<\/p>\n\n\n\n<p>A a\u00e7\u00e3o foi promovida pela Secretaria Municipal de Sa\u00fade de Barreiras, por meio do Centro de Refer\u00eancia em Sa\u00fade do Trabalhador (CEREST), respons\u00e1vel pela organiza\u00e7\u00e3o do evento e que atende 15 munic\u00edpios da regi\u00e3o Oeste da Bahia, desenvolvendo a\u00e7\u00f5es voltadas \u00e0 promo\u00e7\u00e3o, prote\u00e7\u00e3o e vigil\u00e2ncia em sa\u00fade do trabalhador e contou com o apoio da Secretaria de Meio Ambiente e Sustentabilidade, atrav\u00e9s da assessora, Daiana Rocha.<\/p>\n\n\n\n<p>O evento reuniu servi\u00e7os e equipamentos da rede p\u00fablica, como o Centro de Testagem e Aconselhamento (CTA), o Consult\u00f3rio na Rua, equipes da Aten\u00e7\u00e3o Prim\u00e1ria \u00e0 Sa\u00fade, al\u00e9m da participa\u00e7\u00e3o da assist\u00eancia social do munic\u00edpio, ampliando o alcance das a\u00e7\u00f5es e garantindo atendimento integral aos trabalhadores.<\/p>\n\n\n\n<p>Durante a a\u00e7\u00e3o, foram ofertados diversos servi\u00e7os, incluindo testagens r\u00e1pidas para HIV, s\u00edfilis e hepatites, atualiza\u00e7\u00e3o do cart\u00e3o vacinal, aferi\u00e7\u00e3o de press\u00e3o arterial e glicemia, atendimento m\u00e9dico, al\u00e9m de orienta\u00e7\u00f5es em sa\u00fade e assist\u00eancia social. Tamb\u00e9m foram realizados atendimentos voltados \u00e0 atualiza\u00e7\u00e3o do Bolsa Fam\u00edlia, Cad\u00danico e orienta\u00e7\u00f5es habitacionais.<\/p>\n\n\n\n<p>Um dos destaques da programa\u00e7\u00e3o foi a palestra ministrada pela engenheira de seguran\u00e7a do trabalho Laise Bastos, que abordou a import\u00e2ncia da preven\u00e7\u00e3o de acidentes no ambiente laboral, trazendo orienta\u00e7\u00f5es pr\u00e1ticas e promovendo a conscientiza\u00e7\u00e3o dos trabalhadores sobre os riscos e cuidados necess\u00e1rios no dia a dia.<\/p>\n\n\n\n<p>A secret\u00e1ria municipal de Sa\u00fade, Larissa Barbosa, acompanhada da coordenadora do CEREST, Janaina Oliveira, destacou a relev\u00e2ncia da a\u00e7\u00e3o e o impacto positivo da integra\u00e7\u00e3o entre os servi\u00e7os. \u201cA realiza\u00e7\u00e3o de a\u00e7\u00f5es como esta \u00e9 fundamental para fortalecer a promo\u00e7\u00e3o da sa\u00fade e a preven\u00e7\u00e3o de doen\u00e7as e agravos relacionados ao trabalho, bem como reduzir os riscos de acidentes laborais, especialmente em atividades que exigem maior aten\u00e7\u00e3o, como a reciclagem. Esse evento reafirma o compromisso das institui\u00e7\u00f5es envolvidas com a valoriza\u00e7\u00e3o da vida e com a constru\u00e7\u00e3o de ambientes de trabalho mais seguros, saud\u00e1veis e sustent\u00e1veis, alinhados aos objetivos do Abril Verde\u201d, afirmou.<\/p>\n\n\n\n<p>A a\u00e7\u00e3o contou ainda com a parceria do projeto Mais Vida, por meio de Tio Neto, respons\u00e1vel pela doa\u00e7\u00e3o de mudas de plantas, incentivando pr\u00e1ticas sustent\u00e1veis e o cuidado com o meio ambiente. O Centro Universit\u00e1rio UNIFATECIE tamb\u00e9m participou da iniciativa, contribuindo com o fortalecimento das a\u00e7\u00f5es educativas e de promo\u00e7\u00e3o \u00e0 sa\u00fade.<\/p>\n\n\n\n<p><strong>Dircom<\/strong><\/p>\n","protected":false},"excerpt":{"rendered":"<p>Nesta quinta-feira (30), a cidade de Barreiras sediou uma importante a\u00e7\u00e3o em alus\u00e3o ao Abril Verde, realizada na Recicla Barreiras e voltada especialmente aos trabalhadores que atuam diretamente com a reciclagem. A iniciativa refor\u00e7ou a import\u00e2ncia do cuidado com a sa\u00fade e da ado\u00e7\u00e3o de pr\u00e1ticas seguras no ambiente de trabalho. A a\u00e7\u00e3o foi promovida [&hellip;]<\/p>\n","protected":false},"author":1,"featured_media":13173,"comment_status":"open","ping_status":"closed","sticky":false,"template":"","format":"standard","meta":{"site-sidebar-layout":"default","site-content-layout":"","ast-site-content-layout":"default","site-content-style":"default","site-sidebar-style":"default","ast-global-header-display":"","ast-banner-title-visibility":"","ast-main-header-display":"","ast-hfb-above-header-display":"","ast-hfb-below-header-display":"","ast-hfb-mobile-header-display":"","site-post-title":"","ast-breadcrumbs-content":"","ast-featured-img":"","footer-sml-layout":"","theme-transparent-header-meta":"","adv-header-id-meta":"","stick-header-meta":"","header-above-stick-meta":"","header-main-stick-meta":"","header-below-stick-meta":"","astra-migrate-meta-layouts":"set","ast-page-background-enabled":"default","ast-page-background-meta":{"desktop":{"background-color":"var(--ast-global-color-4)","background-image":"","background-repeat":"repeat","background-position":"center center","background-size":"auto","background-attachment":"scroll","background-type":"","background-media":"","overlay-type":"","overlay-color":"","overlay-opacity":"","overlay-gradient":""},"tablet":{"background-color":"","background-image":"","background-repeat":"repeat","background-position":"center center","background-size":"auto","background-attachment":"scroll","background-type":"","background-media":"","overlay-type":"","overlay-color":"","overlay-opacity":"","overlay-gradient":""},"mobile":{"background-color":"","background-image":"","background-repeat":"repeat","background-position":"center center","background-size":"auto","background-attachment":"scroll","background-type":"","background-media":"","overlay-type":"","overlay-color":"","overlay-opacity":"","overlay-gradient":""}},"ast-content-background-meta":{"desktop":{"background-color":"var(--ast-global-color-5)","background-image":"","background-repeat":"repeat","background-position":"center center","background-size":"auto","background-attachment":"scroll","background-type":"","background-media":"","overlay-type":"","overlay-color":"","overlay-opacity":"","overlay-gradient":""},"tablet":{"background-color":"var(--ast-global-color-5)","background-image":"","background-repeat":"repeat","background-position":"center center","background-size":"auto","background-attachment":"scroll","background-type":"","background-media":"","overlay-type":"","overlay-color":"","overlay-opacity":"","overlay-gradient":""},"mobile":{"background-color":"var(--ast-global-color-5)","background-image":"","background-repeat":"repeat","background-position":"center center","background-size":"auto","background-attachment":"scroll","background-type":"","background-media":"","overlay-type":"","overlay-color":"","overlay-opacity":"","overlay-gradient":""}},"footnotes":""},"categories":[45],"tags":[],"class_list":["post-13172","post","type-post","status-publish","format-standard","has-post-thumbnail","hentry","category-esportes"],"_links":{"self":[{"href":"https:\/\/maisoeste.com.br\/index.php?rest_route=\/wp\/v2\/posts\/13172","targetHints":{"allow":["GET"]}}],"collection":[{"href":"https:\/\/maisoeste.com.br\/index.php?rest_route=\/wp\/v2\/posts"}],"about":[{"href":"https:\/\/maisoeste.com.br\/index.php?rest_route=\/wp\/v2\/types\/post"}],"author":[{"embeddable":true,"href":"https:\/\/maisoeste.com.br\/index.php?rest_route=\/wp\/v2\/users\/1"}],"replies":[{"embeddable":true,"href":"https:\/\/maisoeste.com.br\/index.php?rest_route=%2Fwp%2Fv2%2Fcomments&post=13172"}],"version-history":[{"count":1,"href":"https:\/\/maisoeste.com.br\/index.php?rest_route=\/wp\/v2\/posts\/13172\/revisions"}],"predecessor-version":[{"id":13174,"href":"https:\/\/maisoeste.com.br\/index.php?rest_route=\/wp\/v2\/posts\/13172\/revisions\/13174"}],"wp:featuredmedia":[{"embeddable":true,"href":"https:\/\/maisoeste.com.br\/index.php?rest_route=\/wp\/v2\/media\/13173"}],"wp:attachment":[{"href":"https:\/\/maisoeste.com.br\/index.php?rest_route=%2Fwp%2Fv2%2Fmedia&parent=13172"}],"wp:term":[{"taxonomy":"category","embeddable":true,"href":"https:\/\/maisoeste.com.br\/index.php?rest_route=%2Fwp%2Fv2%2Fcategories&post=13172"},{"taxonomy":"post_tag","embeddable":true,"href":"https:\/\/maisoeste.com.br\/index.php?rest_route=%2Fwp%2Fv2%2Ftags&post=13172"}],"curies":[{"name":"wp","href":"https:\/\/api.w.org\/{rel}","templated":true}]}}