{"id":13184,"date":"2026-05-02T08:03:54","date_gmt":"2026-05-02T11:03:54","guid":{"rendered":"https:\/\/maisoeste.com.br\/?p=13184"},"modified":"2026-05-02T08:03:56","modified_gmt":"2026-05-02T11:03:56","slug":"governador-autoriza-obras-e-discute-investimentos-com-prefeito-de-santa-rita-de-cassia","status":"publish","type":"post","link":"https:\/\/maisoeste.com.br\/?p=13184","title":{"rendered":"Governador autoriza obras e discute investimentos com prefeito de Santa Rita de C\u00e1ssia"},"content":{"rendered":"\n<p>O governador Jer\u00f4nimo Rodrigues recebeu, nesta quinta-feira (30), o prefeito de Santa Rita de C\u00e1ssia, Zezo Arag\u00e3o, para tratar de demandas do munic\u00edpio e avan\u00e7ar na autoriza\u00e7\u00e3o de obras estruturantes para a regi\u00e3o oeste do estado. Durante a reuni\u00e3o, realizada na Governadoria, no Centro Administrativo da Baia, em Salvador, foi autorizada a abertura do processo licitat\u00f3rio para a restaura\u00e7\u00e3o da rodovia BA-451.<\/p>\n\n\n\n<p>Com investimento estimado em R$ 46 milh\u00f5es, a obra abrange 67,2 quil\u00f4metros de extens\u00e3o, no trecho que liga o munic\u00edpio ao entroncamento da BR-135. A expectativa \u00e9 de que a interven\u00e7\u00e3o melhore as condi\u00e7\u00f5es de tr\u00e1fego, ampliando a seguran\u00e7a vi\u00e1ria e fortalecendo a integra\u00e7\u00e3o log\u00edstica da regi\u00e3o.<\/p>\n\n\n\n<p>\u201cO que estamos fazendo aqui impacta diretamente diversas localidades e beneficia quem depende dessa estrada, facilitando o escoamento da produ\u00e7\u00e3o e a mobilidade da popula\u00e7\u00e3o. Autorizei a publica\u00e7\u00e3o, no Di\u00e1rio Oficial deste 1\u00ba de maio, Dia do Trabalhador\u201d, destacou o governador.<\/p>\n\n\n\n<p>O prefeito Zezo Arag\u00e3o ressaltou a import\u00e2ncia da obra para o desenvolvimento regional, especialmente diante do crescimento da atividade econ\u00f4mica no munic\u00edpio.<\/p>\n\n\n\n<p>\u201cO asfaltamento vai trazer um grande avan\u00e7o. A estrada foi constru\u00edda h\u00e1 mais de 30 anos, quando o volume de ve\u00edculos era muito menor. Hoje, o meu munic\u00edpio \u00e9 o que tem o maior rebanho da Bahia, e as carretas passam diariamente. Cada uma carrega cerca de 70 bois, ent\u00e3o s\u00e3o muito pesadas&#8221;, concluiu.<br>&nbsp;<\/p>\n\n\n\n<p><em><strong>Fonte\/\/GOVBA &#8211; texto de Vagner Ferreira<\/strong><\/em><\/p>\n","protected":false},"excerpt":{"rendered":"<p>O governador Jer\u00f4nimo Rodrigues recebeu, nesta quinta-feira (30), o prefeito de Santa Rita de C\u00e1ssia, Zezo Arag\u00e3o, para tratar de demandas do munic\u00edpio e avan\u00e7ar na autoriza\u00e7\u00e3o de obras estruturantes para a regi\u00e3o oeste do estado. Durante a reuni\u00e3o, realizada na Governadoria, no Centro Administrativo da Baia, em Salvador, foi autorizada a abertura do processo [&hellip;]<\/p>\n","protected":false},"author":1,"featured_media":13185,"comment_status":"open","ping_status":"closed","sticky":false,"template":"","format":"standard","meta":{"site-sidebar-layout":"default","site-content-layout":"","ast-site-content-layout":"default","site-content-style":"default","site-sidebar-style":"default","ast-global-header-display":"","ast-banner-title-visibility":"","ast-main-header-display":"","ast-hfb-above-header-display":"","ast-hfb-below-header-display":"","ast-hfb-mobile-header-display":"","site-post-title":"","ast-breadcrumbs-content":"","ast-featured-img":"","footer-sml-layout":"","theme-transparent-header-meta":"","adv-header-id-meta":"","stick-header-meta":"","header-above-stick-meta":"","header-main-stick-meta":"","header-below-stick-meta":"","astra-migrate-meta-layouts":"set","ast-page-background-enabled":"default","ast-page-background-meta":{"desktop":{"background-color":"var(--ast-global-color-4)","background-image":"","background-repeat":"repeat","background-position":"center center","background-size":"auto","background-attachment":"scroll","background-type":"","background-media":"","overlay-type":"","overlay-color":"","overlay-opacity":"","overlay-gradient":""},"tablet":{"background-color":"","background-image":"","background-repeat":"repeat","background-position":"center center","background-size":"auto","background-attachment":"scroll","background-type":"","background-media":"","overlay-type":"","overlay-color":"","overlay-opacity":"","overlay-gradient":""},"mobile":{"background-color":"","background-image":"","background-repeat":"repeat","background-position":"center center","background-size":"auto","background-attachment":"scroll","background-type":"","background-media":"","overlay-type":"","overlay-color":"","overlay-opacity":"","overlay-gradient":""}},"ast-content-background-meta":{"desktop":{"background-color":"var(--ast-global-color-5)","background-image":"","background-repeat":"repeat","background-position":"center center","background-size":"auto","background-attachment":"scroll","background-type":"","background-media":"","overlay-type":"","overlay-color":"","overlay-opacity":"","overlay-gradient":""},"tablet":{"background-color":"var(--ast-global-color-5)","background-image":"","background-repeat":"repeat","background-position":"center center","background-size":"auto","background-attachment":"scroll","background-type":"","background-media":"","overlay-type":"","overlay-color":"","overlay-opacity":"","overlay-gradient":""},"mobile":{"background-color":"var(--ast-global-color-5)","background-image":"","background-repeat":"repeat","background-position":"center center","background-size":"auto","background-attachment":"scroll","background-type":"","background-media":"","overlay-type":"","overlay-color":"","overlay-opacity":"","overlay-gradient":""}},"footnotes":""},"categories":[84],"tags":[],"class_list":["post-13184","post","type-post","status-publish","format-standard","has-post-thumbnail","hentry","category-politica"],"_links":{"self":[{"href":"https:\/\/maisoeste.com.br\/index.php?rest_route=\/wp\/v2\/posts\/13184","targetHints":{"allow":["GET"]}}],"collection":[{"href":"https:\/\/maisoeste.com.br\/index.php?rest_route=\/wp\/v2\/posts"}],"about":[{"href":"https:\/\/maisoeste.com.br\/index.php?rest_route=\/wp\/v2\/types\/post"}],"author":[{"embeddable":true,"href":"https:\/\/maisoeste.com.br\/index.php?rest_route=\/wp\/v2\/users\/1"}],"replies":[{"embeddable":true,"href":"https:\/\/maisoeste.com.br\/index.php?rest_route=%2Fwp%2Fv2%2Fcomments&post=13184"}],"version-history":[{"count":1,"href":"https:\/\/maisoeste.com.br\/index.php?rest_route=\/wp\/v2\/posts\/13184\/revisions"}],"predecessor-version":[{"id":13186,"href":"https:\/\/maisoeste.com.br\/index.php?rest_route=\/wp\/v2\/posts\/13184\/revisions\/13186"}],"wp:featuredmedia":[{"embeddable":true,"href":"https:\/\/maisoeste.com.br\/index.php?rest_route=\/wp\/v2\/media\/13185"}],"wp:attachment":[{"href":"https:\/\/maisoeste.com.br\/index.php?rest_route=%2Fwp%2Fv2%2Fmedia&parent=13184"}],"wp:term":[{"taxonomy":"category","embeddable":true,"href":"https:\/\/maisoeste.com.br\/index.php?rest_route=%2Fwp%2Fv2%2Fcategories&post=13184"},{"taxonomy":"post_tag","embeddable":true,"href":"https:\/\/maisoeste.com.br\/index.php?rest_route=%2Fwp%2Fv2%2Ftags&post=13184"}],"curies":[{"name":"wp","href":"https:\/\/api.w.org\/{rel}","templated":true}]}}