{"id":1329,"date":"2025-01-29T11:14:22","date_gmt":"2025-01-29T14:14:22","guid":{"rendered":"https:\/\/maisoeste.com.br\/?p=1329"},"modified":"2025-01-29T11:14:22","modified_gmt":"2025-01-29T14:14:22","slug":"camila-coutinho-se-pronuncia-sobre-planilha-de-exposed-de-influencers","status":"publish","type":"post","link":"https:\/\/maisoeste.com.br\/?p=1329","title":{"rendered":"Camila Coutinho se pronuncia sobre planilha de &#8216;exposed&#8217; de influencers"},"content":{"rendered":"\n<p><strong>Camila Coutinho<\/strong>\u00a0se pronunciou sobre a\u00a0planilha do\u00a0<em>&#8220;exposed&#8221;<\/em>\u00a0de influenciadores\u00a0nesta ter\u00e7a-feira (28). O arquivo, que re\u00fane um compilado de coment\u00e1rios sobre supostas experi\u00eancias de trabalho entre contratantes e influenciadores, viralizou nas redes sociais na \u00faltima semana.<\/p>\n\n\n\n<p>Em pronunciamento, a influenciadora se refere \u00e0 planilha como um documento de origem&nbsp;&#8220;an\u00f4nima e n\u00e3o apurada&#8221;. Tamb\u00e9m classificou os coment\u00e1rios sobre ela como &#8220;s\u00e9rios&#8221; em rela\u00e7\u00e3o aos seus valores profissionais.<\/p>\n\n\n\n<p>&#8220;Nos \u00faltimos dias, fomos surpreendidos por uma planilha an\u00f4nima e n\u00e3o apurada, que traz relatos s\u00e9rios contr\u00e1rios aos meus valores pessoais e profissionais, al\u00e9m de informa\u00e7\u00f5es at\u00e9 ent\u00e3o desconhecidas por mim e pela minha equipe&#8221;, escreveu Camila.<\/p>\n\n\n\n<p>Camila seguiu o texto destacando a relev\u00e2ncia de seu trabalho ao longo de seus 20 anos de carreira. Ela encerrou o pronunciamento dizendo que a situa\u00e7\u00e3o \u00e9 uma oportunidade de reflex\u00e3o.<\/p>\n\n\n\n<p>&#8220;Interpreto este momento como uma grande oportunidade para refletir sobre como avan\u00e7ar ainda mais na profissionaliza\u00e7\u00e3o deste setor.&nbsp;A planilha evidencia, de forma clara, a necessidade cont\u00ednua de promover o di\u00e1logo entre cada elo que comp\u00f5e a cadeia da ind\u00fastria, fazendo jus \u00e0 sua import\u00e2ncia no mercado de marketing e comunica\u00e7\u00e3o&#8221;, finalizou Camila.<\/p>\n\n\n\n<p><strong>O que \u00e9 a planilha do &#8216;exposed&#8217; de influencers?<\/strong><\/p>\n\n\n\n<p>A planilha do &#8220;exposed&#8221; dos influenciadores\u00a0\u00e9 um documento com um compilado de coment\u00e1rios e classifica\u00e7\u00f5es, tudo em torno sobre supostas experi\u00eancias de trabalho que contratantes tiveram com influenciadores digitais de diversas \u00e1reas. O documento ganhou as redes sociais na \u00faltima quinta-feira (23), compartilhado por link em diversos perfis.<\/p>\n\n\n\n<p>Camila Coutinho \u00e9 uma das influenciadores citadas diversas vezes no documento. Al\u00e9m dela, tamb\u00e9m aparecem nomes como&nbsp;<strong>Malu Borges, Bruna Marquezine, Rafa Kalimann, Jade Picon, Diogo Defante, Lexa&nbsp;<\/strong>e&nbsp;<strong>Preta Gil<\/strong>.<\/p>\n\n\n\n<p>Os coment\u00e1rios s\u00e3o an\u00f4nimos na planilha do &#8220;exposed&#8221;, e apenas os influenciadores s\u00e3o identificados por nome e usu\u00e1rio usado nas redes sociais.&nbsp;O nome de Camila Coutinho aparece diversas vezes no arquivo que tem mais de 100 p\u00e1ginas.<\/p>\n\n\n\n<p>No documento, os influenciadores ainda s\u00e3o classificados por nota, e os coment\u00e1rios s\u00e3o divididos em duas se\u00e7\u00f5es: &#8220;Como foi trabalhar com esse influenciador?&#8221; e &#8220;Conselho para colegas da \u00e1rea&#8221;.<\/p>\n\n\n\n<p><strong>Leia o comunicado de Camila na \u00edntegra:<\/strong><\/p>\n\n\n\n<p><em>Nos \u00faltimos dias, fomos surpreendidos por uma planilha an\u00f4nima e n\u00e3o apurada, que traz relatos s\u00e9rios contr\u00e1rios aos meus valores pessoais e profissionais, al\u00e9m de informa\u00e7\u00f5es at\u00e9 ent\u00e3o desconhecidas por mim e pela minha equipe. Fui criada n\u00e3o apenas para seguir meus objetivos, mas tamb\u00e9m para ser corajosa e enfrentar situa\u00e7\u00f5es adversas e conversas dif\u00edceis, como esta, de maneira direta e sem rodeios.<br>Em quase 20 anos de carreira, criando neg\u00f3cios, profiss\u00f5es e formatos que n\u00e3o existiam antes no mercado, sempre busquei contribuir para a profissionaliza\u00e7\u00e3o do setor, mesmo diante de tantas mudan\u00e7as. Durante esse per\u00edodo, tive a oportunidade de trabalhar com mais de 500 marcas e sinto muito orgulho do que constru\u00edmos at\u00e9 aqui, bem como das pessoas que pudemos envolver de alguma forma nessa jornada: marcas nacionais iniciantes, colegas influenciadores, outros empreendedores de diversos segmentos, funcion\u00e1rios e ex-funcion\u00e1rios que admiro profundamente.<br>Aos 37 anos, meu papel se encontra dividido. Al\u00e9m de entreter e traduzir o que penso em conte\u00fado para minha audi\u00eancia nas redes sociais, assumi um novo papel, completamente diferente e bem mais complexo: liderar e trazer resultados para uma empresa de varejo independente, 100% financiada por mim. Nos \u00faltimos anos, aprendi mais sobre neg\u00f3cios \u2014 e sobre mim mesma \u2014 do que em toda a minha vida at\u00e9 agora. Erros e acertos fazem parte de qualquer trajet\u00f3ria, e seguirei empenhada em agir de forma transparente.<br>Interpreto este momento como uma grande oportunidade para refletir sobre como avan\u00e7ar ainda mais na profissionaliza\u00e7\u00e3o deste setor. A planilha evidencia, de forma clara, a necessidade cont\u00ednua de promover o di\u00e1logo entre cada elo que comp\u00f5e a cadeia da ind\u00fastria, fazendo jus \u00e0 sua import\u00e2ncia no mercado de marketing e comunica\u00e7\u00e3o.<br>Camila<\/em><\/p>\n\n\n\n<p>Fonte\/\/GShow<\/p>\n\n\n\n<figure class=\"wp-block-image aligncenter size-full\"><img decoding=\"async\" src=\"https:\/\/maisoeste.com.br\/wp-content\/uploads\/2025\/01\/provaider.jpg\" alt=\"\" class=\"wp-image-1205\"\/><\/figure>\n","protected":false},"excerpt":{"rendered":"<p>Camila Coutinho\u00a0se pronunciou sobre a\u00a0planilha do\u00a0&#8220;exposed&#8221;\u00a0de influenciadores\u00a0nesta ter\u00e7a-feira (28). O arquivo, que re\u00fane um compilado de coment\u00e1rios sobre supostas experi\u00eancias de trabalho entre contratantes e influenciadores, viralizou nas redes sociais na \u00faltima semana. Em pronunciamento, a influenciadora se refere \u00e0 planilha como um documento de origem&nbsp;&#8220;an\u00f4nima e n\u00e3o apurada&#8221;. Tamb\u00e9m classificou os coment\u00e1rios sobre ela [&hellip;]<\/p>\n","protected":false},"author":1,"featured_media":1330,"comment_status":"open","ping_status":"closed","sticky":false,"template":"","format":"standard","meta":{"site-sidebar-layout":"default","site-content-layout":"","ast-site-content-layout":"default","site-content-style":"default","site-sidebar-style":"default","ast-global-header-display":"","ast-banner-title-visibility":"","ast-main-header-display":"","ast-hfb-above-header-display":"","ast-hfb-below-header-display":"","ast-hfb-mobile-header-display":"","site-post-title":"","ast-breadcrumbs-content":"","ast-featured-img":"","footer-sml-layout":"","theme-transparent-header-meta":"","adv-header-id-meta":"","stick-header-meta":"","header-above-stick-meta":"","header-main-stick-meta":"","header-below-stick-meta":"","astra-migrate-meta-layouts":"set","ast-page-background-enabled":"default","ast-page-background-meta":{"desktop":{"background-color":"var(--ast-global-color-4)","background-image":"","background-repeat":"repeat","background-position":"center center","background-size":"auto","background-attachment":"scroll","background-type":"","background-media":"","overlay-type":"","overlay-color":"","overlay-opacity":"","overlay-gradient":""},"tablet":{"background-color":"","background-image":"","background-repeat":"repeat","background-position":"center center","background-size":"auto","background-attachment":"scroll","background-type":"","background-media":"","overlay-type":"","overlay-color":"","overlay-opacity":"","overlay-gradient":""},"mobile":{"background-color":"","background-image":"","background-repeat":"repeat","background-position":"center center","background-size":"auto","background-attachment":"scroll","background-type":"","background-media":"","overlay-type":"","overlay-color":"","overlay-opacity":"","overlay-gradient":""}},"ast-content-background-meta":{"desktop":{"background-color":"var(--ast-global-color-5)","background-image":"","background-repeat":"repeat","background-position":"center center","background-size":"auto","background-attachment":"scroll","background-type":"","background-media":"","overlay-type":"","overlay-color":"","overlay-opacity":"","overlay-gradient":""},"tablet":{"background-color":"var(--ast-global-color-5)","background-image":"","background-repeat":"repeat","background-position":"center center","background-size":"auto","background-attachment":"scroll","background-type":"","background-media":"","overlay-type":"","overlay-color":"","overlay-opacity":"","overlay-gradient":""},"mobile":{"background-color":"var(--ast-global-color-5)","background-image":"","background-repeat":"repeat","background-position":"center center","background-size":"auto","background-attachment":"scroll","background-type":"","background-media":"","overlay-type":"","overlay-color":"","overlay-opacity":"","overlay-gradient":""}},"footnotes":""},"categories":[85],"tags":[],"class_list":["post-1329","post","type-post","status-publish","format-standard","has-post-thumbnail","hentry","category-cultura"],"_links":{"self":[{"href":"https:\/\/maisoeste.com.br\/index.php?rest_route=\/wp\/v2\/posts\/1329","targetHints":{"allow":["GET"]}}],"collection":[{"href":"https:\/\/maisoeste.com.br\/index.php?rest_route=\/wp\/v2\/posts"}],"about":[{"href":"https:\/\/maisoeste.com.br\/index.php?rest_route=\/wp\/v2\/types\/post"}],"author":[{"embeddable":true,"href":"https:\/\/maisoeste.com.br\/index.php?rest_route=\/wp\/v2\/users\/1"}],"replies":[{"embeddable":true,"href":"https:\/\/maisoeste.com.br\/index.php?rest_route=%2Fwp%2Fv2%2Fcomments&post=1329"}],"version-history":[{"count":1,"href":"https:\/\/maisoeste.com.br\/index.php?rest_route=\/wp\/v2\/posts\/1329\/revisions"}],"predecessor-version":[{"id":1331,"href":"https:\/\/maisoeste.com.br\/index.php?rest_route=\/wp\/v2\/posts\/1329\/revisions\/1331"}],"wp:featuredmedia":[{"embeddable":true,"href":"https:\/\/maisoeste.com.br\/index.php?rest_route=\/wp\/v2\/media\/1330"}],"wp:attachment":[{"href":"https:\/\/maisoeste.com.br\/index.php?rest_route=%2Fwp%2Fv2%2Fmedia&parent=1329"}],"wp:term":[{"taxonomy":"category","embeddable":true,"href":"https:\/\/maisoeste.com.br\/index.php?rest_route=%2Fwp%2Fv2%2Fcategories&post=1329"},{"taxonomy":"post_tag","embeddable":true,"href":"https:\/\/maisoeste.com.br\/index.php?rest_route=%2Fwp%2Fv2%2Ftags&post=1329"}],"curies":[{"name":"wp","href":"https:\/\/api.w.org\/{rel}","templated":true}]}}