{"id":1362,"date":"2025-01-30T08:31:36","date_gmt":"2025-01-30T11:31:36","guid":{"rendered":"https:\/\/maisoeste.com.br\/?p=1362"},"modified":"2025-01-30T08:31:36","modified_gmt":"2025-01-30T11:31:36","slug":"trump-assina-ordem-para-transformar-guantanamo-em-prisao-para-imigrantes-ilegais-nos-eua","status":"publish","type":"post","link":"https:\/\/maisoeste.com.br\/?p=1362","title":{"rendered":"Trump assina ordem para transformar Guant\u00e1namo em pris\u00e3o para imigrantes ilegais nos EUA"},"content":{"rendered":"\n<p>O Presidente dos EUA, Donald Trump, assinou a ordem para transformar Guant\u00e1namo em pris\u00e3o para 30 mil imigrantes ilegais nos EUA. No documento, assinado nesta quarta-feira (29), Trump orienta o Departamento de Seguran\u00e7a Interna e o Pent\u00e1gono a preparar a pris\u00e3o, localizada em Cuba, para receber at\u00e9 30 mil imigrantes ilegais. <\/p>\n\n\n\n<p>A pris\u00e3o de Guant\u00e1namo foi inaugurada em 2002 pelo ent\u00e3o presidente George W. Bush logo ap\u00f3s os atentados terroristas de 11 de setembro. O local recebeu centenas de suspeitos de terrorismo e supostos combatentes presos durante opera\u00e7\u00f5es militares norte-americanas na \u2018Guerra ao Terror\u2019. <\/p>\n\n\n\n<p>Desde a sua cria\u00e7\u00e3o, a pris\u00e3o questionada por diversas vezes pelas constantes acusa\u00e7\u00f5es de viola\u00e7\u00f5es do direito internacional e dos direitos humanos.<\/p>\n\n\n\n<p>Fonte\/\/Terra<\/p>\n\n\n\n<figure class=\"wp-block-image aligncenter size-full\"><img decoding=\"async\" src=\"https:\/\/maisoeste.com.br\/wp-content\/uploads\/2025\/01\/provaider.jpg\" alt=\"\" class=\"wp-image-1205\"\/><\/figure>\n","protected":false},"excerpt":{"rendered":"<p>O Presidente dos EUA, Donald Trump, assinou a ordem para transformar Guant\u00e1namo em pris\u00e3o para 30 mil imigrantes ilegais nos EUA. No documento, assinado nesta quarta-feira (29), Trump orienta o Departamento de Seguran\u00e7a Interna e o Pent\u00e1gono a preparar a pris\u00e3o, localizada em Cuba, para receber at\u00e9 30 mil imigrantes ilegais. A pris\u00e3o de Guant\u00e1namo [&hellip;]<\/p>\n","protected":false},"author":1,"featured_media":1363,"comment_status":"open","ping_status":"closed","sticky":false,"template":"","format":"standard","meta":{"site-sidebar-layout":"default","site-content-layout":"","ast-site-content-layout":"default","site-content-style":"default","site-sidebar-style":"default","ast-global-header-display":"","ast-banner-title-visibility":"","ast-main-header-display":"","ast-hfb-above-header-display":"","ast-hfb-below-header-display":"","ast-hfb-mobile-header-display":"","site-post-title":"","ast-breadcrumbs-content":"","ast-featured-img":"","footer-sml-layout":"","theme-transparent-header-meta":"","adv-header-id-meta":"","stick-header-meta":"","header-above-stick-meta":"","header-main-stick-meta":"","header-below-stick-meta":"","astra-migrate-meta-layouts":"set","ast-page-background-enabled":"default","ast-page-background-meta":{"desktop":{"background-color":"var(--ast-global-color-4)","background-image":"","background-repeat":"repeat","background-position":"center center","background-size":"auto","background-attachment":"scroll","background-type":"","background-media":"","overlay-type":"","overlay-color":"","overlay-opacity":"","overlay-gradient":""},"tablet":{"background-color":"","background-image":"","background-repeat":"repeat","background-position":"center center","background-size":"auto","background-attachment":"scroll","background-type":"","background-media":"","overlay-type":"","overlay-color":"","overlay-opacity":"","overlay-gradient":""},"mobile":{"background-color":"","background-image":"","background-repeat":"repeat","background-position":"center center","background-size":"auto","background-attachment":"scroll","background-type":"","background-media":"","overlay-type":"","overlay-color":"","overlay-opacity":"","overlay-gradient":""}},"ast-content-background-meta":{"desktop":{"background-color":"var(--ast-global-color-5)","background-image":"","background-repeat":"repeat","background-position":"center center","background-size":"auto","background-attachment":"scroll","background-type":"","background-media":"","overlay-type":"","overlay-color":"","overlay-opacity":"","overlay-gradient":""},"tablet":{"background-color":"var(--ast-global-color-5)","background-image":"","background-repeat":"repeat","background-position":"center center","background-size":"auto","background-attachment":"scroll","background-type":"","background-media":"","overlay-type":"","overlay-color":"","overlay-opacity":"","overlay-gradient":""},"mobile":{"background-color":"var(--ast-global-color-5)","background-image":"","background-repeat":"repeat","background-position":"center center","background-size":"auto","background-attachment":"scroll","background-type":"","background-media":"","overlay-type":"","overlay-color":"","overlay-opacity":"","overlay-gradient":""}},"footnotes":""},"categories":[4],"tags":[],"class_list":["post-1362","post","type-post","status-publish","format-standard","has-post-thumbnail","hentry","category-brasil"],"_links":{"self":[{"href":"https:\/\/maisoeste.com.br\/index.php?rest_route=\/wp\/v2\/posts\/1362","targetHints":{"allow":["GET"]}}],"collection":[{"href":"https:\/\/maisoeste.com.br\/index.php?rest_route=\/wp\/v2\/posts"}],"about":[{"href":"https:\/\/maisoeste.com.br\/index.php?rest_route=\/wp\/v2\/types\/post"}],"author":[{"embeddable":true,"href":"https:\/\/maisoeste.com.br\/index.php?rest_route=\/wp\/v2\/users\/1"}],"replies":[{"embeddable":true,"href":"https:\/\/maisoeste.com.br\/index.php?rest_route=%2Fwp%2Fv2%2Fcomments&post=1362"}],"version-history":[{"count":1,"href":"https:\/\/maisoeste.com.br\/index.php?rest_route=\/wp\/v2\/posts\/1362\/revisions"}],"predecessor-version":[{"id":1364,"href":"https:\/\/maisoeste.com.br\/index.php?rest_route=\/wp\/v2\/posts\/1362\/revisions\/1364"}],"wp:featuredmedia":[{"embeddable":true,"href":"https:\/\/maisoeste.com.br\/index.php?rest_route=\/wp\/v2\/media\/1363"}],"wp:attachment":[{"href":"https:\/\/maisoeste.com.br\/index.php?rest_route=%2Fwp%2Fv2%2Fmedia&parent=1362"}],"wp:term":[{"taxonomy":"category","embeddable":true,"href":"https:\/\/maisoeste.com.br\/index.php?rest_route=%2Fwp%2Fv2%2Fcategories&post=1362"},{"taxonomy":"post_tag","embeddable":true,"href":"https:\/\/maisoeste.com.br\/index.php?rest_route=%2Fwp%2Fv2%2Ftags&post=1362"}],"curies":[{"name":"wp","href":"https:\/\/api.w.org\/{rel}","templated":true}]}}