{"id":1369,"date":"2025-01-31T08:06:54","date_gmt":"2025-01-31T11:06:54","guid":{"rendered":"https:\/\/maisoeste.com.br\/?p=1369"},"modified":"2025-01-31T08:06:55","modified_gmt":"2025-01-31T11:06:55","slug":"rodrigo-bocardi-e-demitido-da-globo-por-descumprir-normas-eticas","status":"publish","type":"post","link":"https:\/\/maisoeste.com.br\/?p=1369","title":{"rendered":"Rodrigo Bocardi \u00e9 demitido da Globo por \u201cdescumprir normas \u00e9ticas\u201d"},"content":{"rendered":"\n<p>Nesta quinta-feira (30), o jornalista e apresentador Rodrigo Bocardi foi demitido da Globo por \u201cdescumprir normas \u00e9ticas do jornalismo\u201d da empresa. Em nota, a Globo a afirmou que Sabina Simonato assumir\u00e1 o comando do Bom Dia S\u00e3o Paulo interinamente a partir desta sexta-feira (31). Substituta de Bocardi durante escalas, Sabina tamb\u00e9m estreia um novo telejornal a partir de s\u00e1bado, 1\u00ba, o Bom Dia S\u00e1bado, que comandar\u00e1 ao lado de Marcelo Pereira.<\/p>\n\n\n\n<p>O motivo da demiss\u00e3o de Bocardi n\u00e3o foi revelado pela emissora. \u201cRodrigo Bocardi, que apresentava o telejornal paulista, foi desligado por descumprir normas \u00e9ticas do Jornalismo da Globo. Como \u00e9 de conhecimento de todos, a empresa n\u00e3o comenta decis\u00f5es de&nbsp;<strong>compliance<\/strong>\u201d, disse a empresa em nota.<\/p>\n\n\n\n<p>O advogado trabalhista Jos\u00e9 Eduardo G. Pastore, em entrevista a CNN, explicou que uma demiss\u00e3o por quest\u00e3o e compliance \u00e9 algo extremamente grave e refere-se ao conjunto de disciplinas que visa assegurar que empresas e indiv\u00edduos atuem em conformidade com normas legais, pol\u00edticas internas e regulamentos externos aplic\u00e1veis ao seu neg\u00f3cio.<\/p>\n\n\n\n<p>De acordo com o advogado, outros exemplos de viola\u00e7\u00e3o do c\u00f3digo de conduta da empresa podem ser: mau comportamento, como ass\u00e9dio de colegas, resultando em ferimentos \u00e0 imagem da emissora, ou&nbsp;descumprimento do dever funcional, deturpa\u00e7\u00e3o de uma not\u00edcia, causando danos \u00e0 reputa\u00e7\u00e3o da Globo, por exemplo. A regra de viola\u00e7\u00e3o de&nbsp;<strong>compliance<\/strong>&nbsp;geralmente \u00e9 tratada em sigilo, o que justificaria o fato de a emissora n\u00e3o dar outros detalhes sobre a demiss\u00e3o.<\/p>\n\n\n\n<figure class=\"wp-block-image aligncenter size-full\"><img decoding=\"async\" src=\"https:\/\/maisoeste.com.br\/wp-content\/uploads\/2025\/01\/provaider.jpg\" alt=\"\" class=\"wp-image-1205\"\/><\/figure>\n","protected":false},"excerpt":{"rendered":"<p>Nesta quinta-feira (30), o jornalista e apresentador Rodrigo Bocardi foi demitido da Globo por \u201cdescumprir normas \u00e9ticas do jornalismo\u201d da empresa. Em nota, a Globo a afirmou que Sabina Simonato assumir\u00e1 o comando do Bom Dia S\u00e3o Paulo interinamente a partir desta sexta-feira (31). Substituta de Bocardi durante escalas, Sabina tamb\u00e9m estreia um novo telejornal [&hellip;]<\/p>\n","protected":false},"author":1,"featured_media":1370,"comment_status":"open","ping_status":"closed","sticky":false,"template":"","format":"standard","meta":{"site-sidebar-layout":"default","site-content-layout":"","ast-site-content-layout":"default","site-content-style":"default","site-sidebar-style":"default","ast-global-header-display":"","ast-banner-title-visibility":"","ast-main-header-display":"","ast-hfb-above-header-display":"","ast-hfb-below-header-display":"","ast-hfb-mobile-header-display":"","site-post-title":"","ast-breadcrumbs-content":"","ast-featured-img":"","footer-sml-layout":"","theme-transparent-header-meta":"","adv-header-id-meta":"","stick-header-meta":"","header-above-stick-meta":"","header-main-stick-meta":"","header-below-stick-meta":"","astra-migrate-meta-layouts":"set","ast-page-background-enabled":"default","ast-page-background-meta":{"desktop":{"background-color":"var(--ast-global-color-4)","background-image":"","background-repeat":"repeat","background-position":"center center","background-size":"auto","background-attachment":"scroll","background-type":"","background-media":"","overlay-type":"","overlay-color":"","overlay-opacity":"","overlay-gradient":""},"tablet":{"background-color":"","background-image":"","background-repeat":"repeat","background-position":"center center","background-size":"auto","background-attachment":"scroll","background-type":"","background-media":"","overlay-type":"","overlay-color":"","overlay-opacity":"","overlay-gradient":""},"mobile":{"background-color":"","background-image":"","background-repeat":"repeat","background-position":"center center","background-size":"auto","background-attachment":"scroll","background-type":"","background-media":"","overlay-type":"","overlay-color":"","overlay-opacity":"","overlay-gradient":""}},"ast-content-background-meta":{"desktop":{"background-color":"var(--ast-global-color-5)","background-image":"","background-repeat":"repeat","background-position":"center center","background-size":"auto","background-attachment":"scroll","background-type":"","background-media":"","overlay-type":"","overlay-color":"","overlay-opacity":"","overlay-gradient":""},"tablet":{"background-color":"var(--ast-global-color-5)","background-image":"","background-repeat":"repeat","background-position":"center center","background-size":"auto","background-attachment":"scroll","background-type":"","background-media":"","overlay-type":"","overlay-color":"","overlay-opacity":"","overlay-gradient":""},"mobile":{"background-color":"var(--ast-global-color-5)","background-image":"","background-repeat":"repeat","background-position":"center center","background-size":"auto","background-attachment":"scroll","background-type":"","background-media":"","overlay-type":"","overlay-color":"","overlay-opacity":"","overlay-gradient":""}},"footnotes":""},"categories":[85],"tags":[122],"class_list":["post-1369","post","type-post","status-publish","format-standard","has-post-thumbnail","hentry","category-cultura","tag-manchetes"],"_links":{"self":[{"href":"https:\/\/maisoeste.com.br\/index.php?rest_route=\/wp\/v2\/posts\/1369","targetHints":{"allow":["GET"]}}],"collection":[{"href":"https:\/\/maisoeste.com.br\/index.php?rest_route=\/wp\/v2\/posts"}],"about":[{"href":"https:\/\/maisoeste.com.br\/index.php?rest_route=\/wp\/v2\/types\/post"}],"author":[{"embeddable":true,"href":"https:\/\/maisoeste.com.br\/index.php?rest_route=\/wp\/v2\/users\/1"}],"replies":[{"embeddable":true,"href":"https:\/\/maisoeste.com.br\/index.php?rest_route=%2Fwp%2Fv2%2Fcomments&post=1369"}],"version-history":[{"count":1,"href":"https:\/\/maisoeste.com.br\/index.php?rest_route=\/wp\/v2\/posts\/1369\/revisions"}],"predecessor-version":[{"id":1371,"href":"https:\/\/maisoeste.com.br\/index.php?rest_route=\/wp\/v2\/posts\/1369\/revisions\/1371"}],"wp:featuredmedia":[{"embeddable":true,"href":"https:\/\/maisoeste.com.br\/index.php?rest_route=\/wp\/v2\/media\/1370"}],"wp:attachment":[{"href":"https:\/\/maisoeste.com.br\/index.php?rest_route=%2Fwp%2Fv2%2Fmedia&parent=1369"}],"wp:term":[{"taxonomy":"category","embeddable":true,"href":"https:\/\/maisoeste.com.br\/index.php?rest_route=%2Fwp%2Fv2%2Fcategories&post=1369"},{"taxonomy":"post_tag","embeddable":true,"href":"https:\/\/maisoeste.com.br\/index.php?rest_route=%2Fwp%2Fv2%2Ftags&post=1369"}],"curies":[{"name":"wp","href":"https:\/\/api.w.org\/{rel}","templated":true}]}}