{"id":1557,"date":"2025-02-04T07:55:42","date_gmt":"2025-02-04T10:55:42","guid":{"rendered":"https:\/\/maisoeste.com.br\/?p=1557"},"modified":"2025-02-04T07:55:43","modified_gmt":"2025-02-04T10:55:43","slug":"ministerio-da-saude-emite-alerta-para-o-aumento-de-casos-de-febre-amarela-em-quatro-estados","status":"publish","type":"post","link":"https:\/\/maisoeste.com.br\/?p=1557","title":{"rendered":"Minist\u00e9rio da Sa\u00fade emite alerta para o aumento de casos de febre amarela em quatro estados"},"content":{"rendered":"\n<p>O Minist\u00e9rio da Sa\u00fade emitiu um alerta sobre o aumento dos casos de febre amarela nos estados de S\u00e3o Paulo, Minas Gerais, Roraima e Tocantins. Em nota t\u00e9cnica enviada \u00e0s secretarias de sa\u00fade, a pasta ressaltou que o per\u00edodo de maior circula\u00e7\u00e3o do v\u00edrus ocorre entre dezembro e maio, recomendando o refor\u00e7o das medidas de vigil\u00e2ncia e imuniza\u00e7\u00e3o nas \u00e1reas de maior risco.<\/p>\n\n\n\n<p>S\u00e3o Paulo concentra a maior parte das ocorr\u00eancias registradas nas primeiras semanas de 2025, segundo o minist\u00e9rio. Diante desse cen\u00e1rio, foi decidido ampliar a distribui\u00e7\u00e3o de vacinas ao estado, que receber\u00e1 dois milh\u00f5es de doses at\u00e9 o in\u00edcio de fevereiro \u2014 800 mil delas como acr\u00e9scimo \u00e0 remessa regular. Do total, um milh\u00e3o de doses j\u00e1 foi entregue em janeiro.<\/p>\n\n\n\n<p>A defini\u00e7\u00e3o desse envio ocorreu em reuni\u00e3o do Centro de Opera\u00e7\u00f5es de Emerg\u00eancias em Sa\u00fade P\u00fablica para Dengue e outras Arboviroses (COE Dengue), na \u00faltima quarta-feira (29), com a participa\u00e7\u00e3o da Secretaria Estadual de Sa\u00fade de S\u00e3o Paulo. O minist\u00e9rio destacou que o refor\u00e7o na distribui\u00e7\u00e3o garante a disponibilidade da vacina contra a febre amarela no estado.<\/p>\n\n\n\n<p>A pasta tamb\u00e9m afirmou que vem colaborando com a Secretaria Estadual de Sa\u00fade de S\u00e3o Paulo na investiga\u00e7\u00e3o de casos suspeitos e confirmados da doen\u00e7a, especialmente em Ribeir\u00e3o Preto. Nos pr\u00f3ximos dias, t\u00e9cnicos do minist\u00e9rio devem participar de uma reuni\u00e3o em Campinas com profissionais de sa\u00fade da regi\u00e3o para discutir estrat\u00e9gias de enfrentamento. \u201cO estoque de vacinas contra a febre amarela no Brasil est\u00e1 regular, com envios sendo realizados conforme as solicita\u00e7\u00f5es dos gestores estaduais, respons\u00e1veis pela distribui\u00e7\u00e3o aos munic\u00edpios\u201d, informou o minist\u00e9rio. Em 2024, a pasta distribuiu 20.882.790 doses do imunizante contra a febre amarela. Em 2025, foram enviadas 3.201.800 doses.<\/p>\n\n\n\n<p>Fonte\/\/Grupo Metr\u00f3poles &#8211; Emerson Ferraz\/PMS<\/p>\n","protected":false},"excerpt":{"rendered":"<p>O Minist\u00e9rio da Sa\u00fade emitiu um alerta sobre o aumento dos casos de febre amarela nos estados de S\u00e3o Paulo, Minas Gerais, Roraima e Tocantins. Em nota t\u00e9cnica enviada \u00e0s secretarias de sa\u00fade, a pasta ressaltou que o per\u00edodo de maior circula\u00e7\u00e3o do v\u00edrus ocorre entre dezembro e maio, recomendando o refor\u00e7o das medidas de [&hellip;]<\/p>\n","protected":false},"author":1,"featured_media":1558,"comment_status":"open","ping_status":"closed","sticky":false,"template":"","format":"standard","meta":{"site-sidebar-layout":"default","site-content-layout":"","ast-site-content-layout":"default","site-content-style":"default","site-sidebar-style":"default","ast-global-header-display":"","ast-banner-title-visibility":"","ast-main-header-display":"","ast-hfb-above-header-display":"","ast-hfb-below-header-display":"","ast-hfb-mobile-header-display":"","site-post-title":"","ast-breadcrumbs-content":"","ast-featured-img":"","footer-sml-layout":"","theme-transparent-header-meta":"","adv-header-id-meta":"","stick-header-meta":"","header-above-stick-meta":"","header-main-stick-meta":"","header-below-stick-meta":"","astra-migrate-meta-layouts":"set","ast-page-background-enabled":"default","ast-page-background-meta":{"desktop":{"background-color":"var(--ast-global-color-4)","background-image":"","background-repeat":"repeat","background-position":"center center","background-size":"auto","background-attachment":"scroll","background-type":"","background-media":"","overlay-type":"","overlay-color":"","overlay-opacity":"","overlay-gradient":""},"tablet":{"background-color":"","background-image":"","background-repeat":"repeat","background-position":"center center","background-size":"auto","background-attachment":"scroll","background-type":"","background-media":"","overlay-type":"","overlay-color":"","overlay-opacity":"","overlay-gradient":""},"mobile":{"background-color":"","background-image":"","background-repeat":"repeat","background-position":"center center","background-size":"auto","background-attachment":"scroll","background-type":"","background-media":"","overlay-type":"","overlay-color":"","overlay-opacity":"","overlay-gradient":""}},"ast-content-background-meta":{"desktop":{"background-color":"var(--ast-global-color-5)","background-image":"","background-repeat":"repeat","background-position":"center center","background-size":"auto","background-attachment":"scroll","background-type":"","background-media":"","overlay-type":"","overlay-color":"","overlay-opacity":"","overlay-gradient":""},"tablet":{"background-color":"var(--ast-global-color-5)","background-image":"","background-repeat":"repeat","background-position":"center center","background-size":"auto","background-attachment":"scroll","background-type":"","background-media":"","overlay-type":"","overlay-color":"","overlay-opacity":"","overlay-gradient":""},"mobile":{"background-color":"var(--ast-global-color-5)","background-image":"","background-repeat":"repeat","background-position":"center center","background-size":"auto","background-attachment":"scroll","background-type":"","background-media":"","overlay-type":"","overlay-color":"","overlay-opacity":"","overlay-gradient":""}},"footnotes":""},"categories":[4],"tags":[122],"class_list":["post-1557","post","type-post","status-publish","format-standard","has-post-thumbnail","hentry","category-brasil","tag-manchetes"],"_links":{"self":[{"href":"https:\/\/maisoeste.com.br\/index.php?rest_route=\/wp\/v2\/posts\/1557","targetHints":{"allow":["GET"]}}],"collection":[{"href":"https:\/\/maisoeste.com.br\/index.php?rest_route=\/wp\/v2\/posts"}],"about":[{"href":"https:\/\/maisoeste.com.br\/index.php?rest_route=\/wp\/v2\/types\/post"}],"author":[{"embeddable":true,"href":"https:\/\/maisoeste.com.br\/index.php?rest_route=\/wp\/v2\/users\/1"}],"replies":[{"embeddable":true,"href":"https:\/\/maisoeste.com.br\/index.php?rest_route=%2Fwp%2Fv2%2Fcomments&post=1557"}],"version-history":[{"count":1,"href":"https:\/\/maisoeste.com.br\/index.php?rest_route=\/wp\/v2\/posts\/1557\/revisions"}],"predecessor-version":[{"id":1559,"href":"https:\/\/maisoeste.com.br\/index.php?rest_route=\/wp\/v2\/posts\/1557\/revisions\/1559"}],"wp:featuredmedia":[{"embeddable":true,"href":"https:\/\/maisoeste.com.br\/index.php?rest_route=\/wp\/v2\/media\/1558"}],"wp:attachment":[{"href":"https:\/\/maisoeste.com.br\/index.php?rest_route=%2Fwp%2Fv2%2Fmedia&parent=1557"}],"wp:term":[{"taxonomy":"category","embeddable":true,"href":"https:\/\/maisoeste.com.br\/index.php?rest_route=%2Fwp%2Fv2%2Fcategories&post=1557"},{"taxonomy":"post_tag","embeddable":true,"href":"https:\/\/maisoeste.com.br\/index.php?rest_route=%2Fwp%2Fv2%2Ftags&post=1557"}],"curies":[{"name":"wp","href":"https:\/\/api.w.org\/{rel}","templated":true}]}}