{"id":15847,"date":"2026-08-31T10:12:04","date_gmt":"2026-08-31T13:12:04","guid":{"rendered":"https:\/\/maisoeste.com.br\/?p=15847"},"modified":"2026-08-31T10:12:06","modified_gmt":"2026-08-31T13:12:06","slug":"o-que-se-sabe-sobre-advogado-encontrado-morto-no-oeste-da-bahia","status":"publish","type":"post","link":"https:\/\/maisoeste.com.br\/?p=15847","title":{"rendered":"O que se sabe sobre advogado encontrado morto no Oeste da Bahia?"},"content":{"rendered":"\n<p class=\"wp-block-paragraph\">O advogado\u00a0<strong>Gabriel da Silva Alves<\/strong>\u00a0foi encontrado morto na zona rural de\u00a0Xique-Xique, no oeste da Bahia, no s\u00e1bado (29). O\u00a0corpo do profissional\u00a0foi achado\u00a0dias ap\u00f3s ele desaparecer na cidade.\u00a0<strong>Ningu\u00e9m foi preso.<\/strong><\/p>\n\n\n\n<p class=\"wp-block-paragraph\">A pol\u00edcia investiga o caso, mas ainda n\u00e3o foram divulgadas informa\u00e7\u00f5es acerca da autoria, nem da motiva\u00e7\u00e3o do crime. Gabriel da Silva Alves foi visto pela \u00faltima vez em 22 de agosto, em uma\u00a0confraterniza\u00e7\u00e3o com os amigos\u00a0em um bar de Xique-Xique.<\/p>\n\n\n\n<p class=\"wp-block-paragraph\">Imagens de c\u00e2meras de seguran\u00e7a mostram o advogado deixando um bar nas imedia\u00e7\u00f5es do bairro BNH Velho. Segundo familiares, ele estava de moto.<\/p>\n\n\n\n<h2 class=\"wp-block-heading\">Liga\u00e7\u00e3o para amigo<\/h2>\n\n\n\n<p class=\"wp-block-paragraph\">Durante as investiga\u00e7\u00f5es, a fam\u00edlia de Gabriel contou que, ap\u00f3s deixar o bar,&nbsp;ele ligou para um amigo, mas a pessoa disse que n\u00e3o conseguiu entender o que o advogado falava porque a chamada estava com interfer\u00eancias.<\/p>\n\n\n\n<p class=\"wp-block-paragraph\">Depois disso, Gabriel n\u00e3o entrou mais em contato com ningu\u00e9m.<\/p>\n\n\n\n<h2 class=\"wp-block-heading\">Buscas<\/h2>\n\n\n\n<p class=\"wp-block-paragraph\">Ap\u00f3s o desaparecimento, familiares e amigos fazem buscas para tentar localizar o advogado. Eles percorreram \u00e1reas de caatinga, utilizaram uma canoa para procurar no rio e foram at\u00e9 casas ribeirinhas em busca de informa\u00e7\u00f5es.<\/p>\n\n\n\n<p class=\"wp-block-paragraph\">\u201cFomos e moto, de bicicleta, dentro da caatinga e ningu\u00e9m encontra. Colocaram uma canoa no rio para procur\u00e1-lo, foram nas casas ribeirinhas e ningu\u00e9m tem not\u00edcias. Olhamos c\u00e2meras da cidade\u201d, disse o pai do advogado, Ildemar Belarmino Alves.<\/p>\n\n\n\n<p class=\"wp-block-paragraph\">A fam\u00edlia chegou a oferecer uma recompensa de R$ 5 mil por informa\u00e7\u00f5es que levassem ao paradeiro do advogado.<\/p>\n\n\n\n<h2 class=\"wp-block-heading\">Pertences encontrados<\/h2>\n\n\n\n<p class=\"wp-block-paragraph\">A motocicleta e outros pertences usados pelo advogado foram encontrados em 27 de agosto, cinco dias ap\u00f3s o desaparecimento. O ve\u00edculo estava dentro de um buraco, localizado em uma \u00e1rea de vegeta\u00e7\u00e3o, na zona rural do munic\u00edpio.<\/p>\n\n\n\n<p class=\"wp-block-paragraph\">Nas proximidades, tamb\u00e9m foram localizados o \u00f3culos e um par de sand\u00e1lias.<\/p>\n\n\n\n<h2 class=\"wp-block-heading\">Investiga\u00e7\u00f5es<\/h2>\n\n\n\n<p class=\"wp-block-paragraph\">N\u00e3o h\u00e1 informa\u00e7\u00f5es sobre como o advogado foi morto, nem detalhes sobre onde o corpo dele foi encontrado. Tamb\u00e9m n\u00e3o foram divulgadas informa\u00e7\u00f5es acerca da motiva\u00e7\u00e3o, nem da autoria do crime.<\/p>\n\n\n\n<p class=\"wp-block-paragraph\">A Pol\u00edcia Civil n\u00e3o deu mais detalhes sobre a ocorr\u00eancia.<\/p>\n\n\n\n<p class=\"wp-block-paragraph\">Fonte\/\/G1<\/p>\n","protected":false},"excerpt":{"rendered":"<p>O advogado\u00a0Gabriel da Silva Alves\u00a0foi encontrado morto na zona rural de\u00a0Xique-Xique, no oeste da Bahia, no s\u00e1bado (29). O\u00a0corpo do profissional\u00a0foi achado\u00a0dias ap\u00f3s ele desaparecer na cidade.\u00a0Ningu\u00e9m foi preso. A pol\u00edcia investiga o caso, mas ainda n\u00e3o foram divulgadas informa\u00e7\u00f5es acerca da autoria, nem da motiva\u00e7\u00e3o do crime. Gabriel da Silva Alves foi visto pela [&hellip;]<\/p>\n","protected":false},"author":1,"featured_media":15782,"comment_status":"open","ping_status":"closed","sticky":false,"template":"","format":"standard","meta":{"site-sidebar-layout":"default","site-content-layout":"","ast-site-content-layout":"default","site-content-style":"default","site-sidebar-style":"default","ast-global-header-display":"","ast-banner-title-visibility":"","ast-main-header-display":"","ast-hfb-above-header-display":"","ast-hfb-below-header-display":"","ast-hfb-mobile-header-display":"","site-post-title":"","ast-breadcrumbs-content":"","ast-featured-img":"","footer-sml-layout":"","theme-transparent-header-meta":"","adv-header-id-meta":"","stick-header-meta":"","header-above-stick-meta":"","header-main-stick-meta":"","header-below-stick-meta":"","astra-migrate-meta-layouts":"set","ast-page-background-enabled":"default","ast-page-background-meta":{"desktop":{"background-color":"var(--ast-global-color-4)","background-image":"","background-repeat":"repeat","background-position":"center center","background-size":"auto","background-attachment":"scroll","background-type":"","background-media":"","overlay-type":"","overlay-color":"","overlay-opacity":"","overlay-gradient":""},"tablet":{"background-color":"","background-image":"","background-repeat":"repeat","background-position":"center center","background-size":"auto","background-attachment":"scroll","background-type":"","background-media":"","overlay-type":"","overlay-color":"","overlay-opacity":"","overlay-gradient":""},"mobile":{"background-color":"","background-image":"","background-repeat":"repeat","background-position":"center center","background-size":"auto","background-attachment":"scroll","background-type":"","background-media":"","overlay-type":"","overlay-color":"","overlay-opacity":"","overlay-gradient":""}},"ast-content-background-meta":{"desktop":{"background-color":"var(--ast-global-color-5)","background-image":"","background-repeat":"repeat","background-position":"center center","background-size":"auto","background-attachment":"scroll","background-type":"","background-media":"","overlay-type":"","overlay-color":"","overlay-opacity":"","overlay-gradient":""},"tablet":{"background-color":"var(--ast-global-color-5)","background-image":"","background-repeat":"repeat","background-position":"center center","background-size":"auto","background-attachment":"scroll","background-type":"","background-media":"","overlay-type":"","overlay-color":"","overlay-opacity":"","overlay-gradient":""},"mobile":{"background-color":"var(--ast-global-color-5)","background-image":"","background-repeat":"repeat","background-position":"center center","background-size":"auto","background-attachment":"scroll","background-type":"","background-media":"","overlay-type":"","overlay-color":"","overlay-opacity":"","overlay-gradient":""}},"footnotes":""},"categories":[17],"tags":[],"class_list":["post-15847","post","type-post","status-publish","format-standard","has-post-thumbnail","hentry","category-mundo"],"_links":{"self":[{"href":"https:\/\/maisoeste.com.br\/index.php?rest_route=\/wp\/v2\/posts\/15847","targetHints":{"allow":["GET"]}}],"collection":[{"href":"https:\/\/maisoeste.com.br\/index.php?rest_route=\/wp\/v2\/posts"}],"about":[{"href":"https:\/\/maisoeste.com.br\/index.php?rest_route=\/wp\/v2\/types\/post"}],"author":[{"embeddable":true,"href":"https:\/\/maisoeste.com.br\/index.php?rest_route=\/wp\/v2\/users\/1"}],"replies":[{"embeddable":true,"href":"https:\/\/maisoeste.com.br\/index.php?rest_route=%2Fwp%2Fv2%2Fcomments&post=15847"}],"version-history":[{"count":1,"href":"https:\/\/maisoeste.com.br\/index.php?rest_route=\/wp\/v2\/posts\/15847\/revisions"}],"predecessor-version":[{"id":15848,"href":"https:\/\/maisoeste.com.br\/index.php?rest_route=\/wp\/v2\/posts\/15847\/revisions\/15848"}],"wp:featuredmedia":[{"embeddable":true,"href":"https:\/\/maisoeste.com.br\/index.php?rest_route=\/wp\/v2\/media\/15782"}],"wp:attachment":[{"href":"https:\/\/maisoeste.com.br\/index.php?rest_route=%2Fwp%2Fv2%2Fmedia&parent=15847"}],"wp:term":[{"taxonomy":"category","embeddable":true,"href":"https:\/\/maisoeste.com.br\/index.php?rest_route=%2Fwp%2Fv2%2Fcategories&post=15847"},{"taxonomy":"post_tag","embeddable":true,"href":"https:\/\/maisoeste.com.br\/index.php?rest_route=%2Fwp%2Fv2%2Ftags&post=15847"}],"curies":[{"name":"wp","href":"https:\/\/api.w.org\/{rel}","templated":true}]}}