{"id":15849,"date":"2026-08-31T10:15:25","date_gmt":"2026-08-31T13:15:25","guid":{"rendered":"https:\/\/maisoeste.com.br\/?p=15849"},"modified":"2026-08-31T10:15:27","modified_gmt":"2026-08-31T13:15:27","slug":"jornalista-carlos-monforte-morre-aos-77-anos","status":"publish","type":"post","link":"https:\/\/maisoeste.com.br\/?p=15849","title":{"rendered":"Jornalista Carlos Monforte morre aos 77 anos"},"content":{"rendered":"\n<p class=\"wp-block-paragraph\">O jornalista<strong>&nbsp;Carlos Monforte<\/strong>&nbsp;morreu aos 77 anos. A informa\u00e7\u00e3o foi confirmada \u00e0 TV Globo pela fam\u00edlia do jornalista. Detalhes sobre a causa e o sepultamento n\u00e3o foram divulgados at\u00e9 a \u00faltima atualiza\u00e7\u00e3o desta reportagem.<\/p>\n\n\n\n<p class=\"wp-block-paragraph\">Formado pela Faculdade de Comunica\u00e7\u00e3o de\u00a0Santos\u00a0em 1972,\u00a0<strong>Carlos Am\u00e9rico Aguiar Monforte<\/strong>\u00a0passou pelos jornais\u00a0<em>A Tribuna<\/em>, de Santos, e\u00a0<em>Estado de S\u00e3o Paulo<\/em>.<\/p>\n\n\n\n<p class=\"wp-block-paragraph\">O jornalista come\u00e7ou a trabalhar na Globo em 1978. Foi contratado como rep\u00f3rter local, mas logo come\u00e7ou a produzir reportagens para o&nbsp;<strong>Jornal Nacional<\/strong>&nbsp;e para o&nbsp;<strong>Fant\u00e1stico<\/strong>.<\/p>\n\n\n\n<p class=\"wp-block-paragraph\">Na \u00e9poca, participou de coberturas importantes como as greves de metal\u00fargicos no ABC Paulista. Em 1982, ele assumiu a editoria de pol\u00edtica do&nbsp;<strong>Jornal da Globo<\/strong>. No mesmo ano, virou editor e apresentador do&nbsp;<strong>Bom Dia S\u00e3o Paulo<\/strong>.<\/p>\n\n\n\n<p class=\"wp-block-paragraph\">Com a cria\u00e7\u00e3o do&nbsp;<strong>Bom Dia Brasil<\/strong>, em janeiro de 1983, Carlos Monforte assumiu o cargo de editor-chefe e apresentador do programa. Monforte esteve \u00e0 frente do telejornal por nove anos.<\/p>\n\n\n\n<p class=\"wp-block-paragraph\">Em 1998, Monforte atuou no\u00a0<strong>Espa\u00e7o Aberto<\/strong>, da GloboNews. No final de 2000, assumiu o cargo de coordenador da GloboNews em\u00a0Bras\u00edlia\u00a0e foi apresentador do Jornal das Dez da capital federal.<\/p>\n\n\n\n<p class=\"wp-block-paragraph\">O jornalista deixou a Globo em 2016.<\/p>\n\n\n\n<p class=\"wp-block-paragraph\">Fonte\/\/G1<\/p>\n","protected":false},"excerpt":{"rendered":"<p>O jornalista&nbsp;Carlos Monforte&nbsp;morreu aos 77 anos. A informa\u00e7\u00e3o foi confirmada \u00e0 TV Globo pela fam\u00edlia do jornalista. Detalhes sobre a causa e o sepultamento n\u00e3o foram divulgados at\u00e9 a \u00faltima atualiza\u00e7\u00e3o desta reportagem. Formado pela Faculdade de Comunica\u00e7\u00e3o de\u00a0Santos\u00a0em 1972,\u00a0Carlos Am\u00e9rico Aguiar Monforte\u00a0passou pelos jornais\u00a0A Tribuna, de Santos, e\u00a0Estado de S\u00e3o Paulo. O jornalista come\u00e7ou [&hellip;]<\/p>\n","protected":false},"author":1,"featured_media":15850,"comment_status":"open","ping_status":"closed","sticky":false,"template":"","format":"standard","meta":{"site-sidebar-layout":"default","site-content-layout":"","ast-site-content-layout":"default","site-content-style":"default","site-sidebar-style":"default","ast-global-header-display":"","ast-banner-title-visibility":"","ast-main-header-display":"","ast-hfb-above-header-display":"","ast-hfb-below-header-display":"","ast-hfb-mobile-header-display":"","site-post-title":"","ast-breadcrumbs-content":"","ast-featured-img":"","footer-sml-layout":"","theme-transparent-header-meta":"","adv-header-id-meta":"","stick-header-meta":"","header-above-stick-meta":"","header-main-stick-meta":"","header-below-stick-meta":"","astra-migrate-meta-layouts":"set","ast-page-background-enabled":"default","ast-page-background-meta":{"desktop":{"background-color":"var(--ast-global-color-4)","background-image":"","background-repeat":"repeat","background-position":"center center","background-size":"auto","background-attachment":"scroll","background-type":"","background-media":"","overlay-type":"","overlay-color":"","overlay-opacity":"","overlay-gradient":""},"tablet":{"background-color":"","background-image":"","background-repeat":"repeat","background-position":"center center","background-size":"auto","background-attachment":"scroll","background-type":"","background-media":"","overlay-type":"","overlay-color":"","overlay-opacity":"","overlay-gradient":""},"mobile":{"background-color":"","background-image":"","background-repeat":"repeat","background-position":"center center","background-size":"auto","background-attachment":"scroll","background-type":"","background-media":"","overlay-type":"","overlay-color":"","overlay-opacity":"","overlay-gradient":""}},"ast-content-background-meta":{"desktop":{"background-color":"var(--ast-global-color-5)","background-image":"","background-repeat":"repeat","background-position":"center center","background-size":"auto","background-attachment":"scroll","background-type":"","background-media":"","overlay-type":"","overlay-color":"","overlay-opacity":"","overlay-gradient":""},"tablet":{"background-color":"var(--ast-global-color-5)","background-image":"","background-repeat":"repeat","background-position":"center center","background-size":"auto","background-attachment":"scroll","background-type":"","background-media":"","overlay-type":"","overlay-color":"","overlay-opacity":"","overlay-gradient":""},"mobile":{"background-color":"var(--ast-global-color-5)","background-image":"","background-repeat":"repeat","background-position":"center center","background-size":"auto","background-attachment":"scroll","background-type":"","background-media":"","overlay-type":"","overlay-color":"","overlay-opacity":"","overlay-gradient":""}},"footnotes":""},"categories":[85],"tags":[],"class_list":["post-15849","post","type-post","status-publish","format-standard","has-post-thumbnail","hentry","category-cultura"],"_links":{"self":[{"href":"https:\/\/maisoeste.com.br\/index.php?rest_route=\/wp\/v2\/posts\/15849","targetHints":{"allow":["GET"]}}],"collection":[{"href":"https:\/\/maisoeste.com.br\/index.php?rest_route=\/wp\/v2\/posts"}],"about":[{"href":"https:\/\/maisoeste.com.br\/index.php?rest_route=\/wp\/v2\/types\/post"}],"author":[{"embeddable":true,"href":"https:\/\/maisoeste.com.br\/index.php?rest_route=\/wp\/v2\/users\/1"}],"replies":[{"embeddable":true,"href":"https:\/\/maisoeste.com.br\/index.php?rest_route=%2Fwp%2Fv2%2Fcomments&post=15849"}],"version-history":[{"count":1,"href":"https:\/\/maisoeste.com.br\/index.php?rest_route=\/wp\/v2\/posts\/15849\/revisions"}],"predecessor-version":[{"id":15851,"href":"https:\/\/maisoeste.com.br\/index.php?rest_route=\/wp\/v2\/posts\/15849\/revisions\/15851"}],"wp:featuredmedia":[{"embeddable":true,"href":"https:\/\/maisoeste.com.br\/index.php?rest_route=\/wp\/v2\/media\/15850"}],"wp:attachment":[{"href":"https:\/\/maisoeste.com.br\/index.php?rest_route=%2Fwp%2Fv2%2Fmedia&parent=15849"}],"wp:term":[{"taxonomy":"category","embeddable":true,"href":"https:\/\/maisoeste.com.br\/index.php?rest_route=%2Fwp%2Fv2%2Fcategories&post=15849"},{"taxonomy":"post_tag","embeddable":true,"href":"https:\/\/maisoeste.com.br\/index.php?rest_route=%2Fwp%2Fv2%2Ftags&post=15849"}],"curies":[{"name":"wp","href":"https:\/\/api.w.org\/{rel}","templated":true}]}}