{"id":15866,"date":"2026-09-01T07:58:42","date_gmt":"2026-09-01T10:58:42","guid":{"rendered":"https:\/\/maisoeste.com.br\/?p=15866"},"modified":"2026-09-01T07:58:44","modified_gmt":"2026-09-01T10:58:44","slug":"prefeito-otoniel-teixeira-leva-demandas-do-oeste-da-bahia-a-upb-durante-agenda-em-salvador","status":"publish","type":"post","link":"https:\/\/maisoeste.com.br\/?p=15866","title":{"rendered":"Prefeito Otoniel Teixeira leva demandas do Oeste da Bahia \u00e0 UPB durante agenda em Salvador"},"content":{"rendered":"\n<p class=\"wp-block-paragraph\">O prefeito de Barreiras, Otoniel Teixeira, participou, na quinta-feira (27), de uma reuni\u00e3o na sede da Uni\u00e3o dos Munic\u00edpios da Bahia (UPB), em Salvador, para tratar de demandas de interesse dos munic\u00edpios do Oeste baiano e de quest\u00f5es internas relacionadas ao munic\u00edpio de Barreiras.<\/p>\n\n\n\n<p class=\"wp-block-paragraph\">Na oportunidade, o prefeito foi recepcionado pelo 1\u00ba secret\u00e1rio da UPB, Danilo Santos Sales. Vice-presidente da Uni\u00e3o dos Munic\u00edpios do Oeste da Bahia (UMOB), Otoniel levou \u00e0 entidade pautas coletivas apresentadas pelos munic\u00edpios da regi\u00e3o, al\u00e9m de outras demandas relacionadas \u00e0 gest\u00e3o municipal. A agenda integra o trabalho de articula\u00e7\u00e3o institucional desenvolvido pelo prefeito junto \u00e0s entidades representativas dos munic\u00edpios baianos, buscando fortalecer o di\u00e1logo com a UPB e ampliar a interlocu\u00e7\u00e3o na busca por solu\u00e7\u00f5es e avan\u00e7os para o Oeste da Bahia.<\/p>\n\n\n\n<p class=\"wp-block-paragraph\">Durante a reuni\u00e3o, Otoniel tamb\u00e9m destacou a import\u00e2ncia da aproxima\u00e7\u00e3o com a dire\u00e7\u00e3o da UPB para encaminhar novas demandas e fortalecer conquistas j\u00e1 alcan\u00e7adas pelos munic\u00edpios da regi\u00e3o. \u201cDepois de uma produtiva conversa mantida anteriormente com o presidente da UPB, Wilson Cardoso, estive em Salvador para estreitar ainda mais esse di\u00e1logo e avan\u00e7ar nas conquistas e nas novas demandas dos nossos munic\u00edpios. Agrade\u00e7o ao 1\u00ba secret\u00e1rio Danilo Sales pela recep\u00e7\u00e3o e acredito que nossas demandas ser\u00e3o olhadas com carinho, com o objetivo de continuarmos avan\u00e7ando e fortalecendo o progresso do Oeste da Bahia\u201d, afirmou o prefeito.<\/p>\n\n\n\n<p class=\"wp-block-paragraph\"><strong>Dircom<\/strong><\/p>\n","protected":false},"excerpt":{"rendered":"<p>O prefeito de Barreiras, Otoniel Teixeira, participou, na quinta-feira (27), de uma reuni\u00e3o na sede da Uni\u00e3o dos Munic\u00edpios da Bahia (UPB), em Salvador, para tratar de demandas de interesse dos munic\u00edpios do Oeste baiano e de quest\u00f5es internas relacionadas ao munic\u00edpio de Barreiras. Na oportunidade, o prefeito foi recepcionado pelo 1\u00ba secret\u00e1rio da UPB, [&hellip;]<\/p>\n","protected":false},"author":1,"featured_media":15867,"comment_status":"open","ping_status":"closed","sticky":false,"template":"","format":"standard","meta":{"site-sidebar-layout":"default","site-content-layout":"","ast-site-content-layout":"default","site-content-style":"default","site-sidebar-style":"default","ast-global-header-display":"","ast-banner-title-visibility":"","ast-main-header-display":"","ast-hfb-above-header-display":"","ast-hfb-below-header-display":"","ast-hfb-mobile-header-display":"","site-post-title":"","ast-breadcrumbs-content":"","ast-featured-img":"","footer-sml-layout":"","theme-transparent-header-meta":"","adv-header-id-meta":"","stick-header-meta":"","header-above-stick-meta":"","header-main-stick-meta":"","header-below-stick-meta":"","astra-migrate-meta-layouts":"set","ast-page-background-enabled":"default","ast-page-background-meta":{"desktop":{"background-color":"var(--ast-global-color-4)","background-image":"","background-repeat":"repeat","background-position":"center center","background-size":"auto","background-attachment":"scroll","background-type":"","background-media":"","overlay-type":"","overlay-color":"","overlay-opacity":"","overlay-gradient":""},"tablet":{"background-color":"","background-image":"","background-repeat":"repeat","background-position":"center center","background-size":"auto","background-attachment":"scroll","background-type":"","background-media":"","overlay-type":"","overlay-color":"","overlay-opacity":"","overlay-gradient":""},"mobile":{"background-color":"","background-image":"","background-repeat":"repeat","background-position":"center center","background-size":"auto","background-attachment":"scroll","background-type":"","background-media":"","overlay-type":"","overlay-color":"","overlay-opacity":"","overlay-gradient":""}},"ast-content-background-meta":{"desktop":{"background-color":"var(--ast-global-color-5)","background-image":"","background-repeat":"repeat","background-position":"center center","background-size":"auto","background-attachment":"scroll","background-type":"","background-media":"","overlay-type":"","overlay-color":"","overlay-opacity":"","overlay-gradient":""},"tablet":{"background-color":"var(--ast-global-color-5)","background-image":"","background-repeat":"repeat","background-position":"center center","background-size":"auto","background-attachment":"scroll","background-type":"","background-media":"","overlay-type":"","overlay-color":"","overlay-opacity":"","overlay-gradient":""},"mobile":{"background-color":"var(--ast-global-color-5)","background-image":"","background-repeat":"repeat","background-position":"center center","background-size":"auto","background-attachment":"scroll","background-type":"","background-media":"","overlay-type":"","overlay-color":"","overlay-opacity":"","overlay-gradient":""}},"footnotes":""},"categories":[45],"tags":[],"class_list":["post-15866","post","type-post","status-publish","format-standard","has-post-thumbnail","hentry","category-esportes"],"_links":{"self":[{"href":"https:\/\/maisoeste.com.br\/index.php?rest_route=\/wp\/v2\/posts\/15866","targetHints":{"allow":["GET"]}}],"collection":[{"href":"https:\/\/maisoeste.com.br\/index.php?rest_route=\/wp\/v2\/posts"}],"about":[{"href":"https:\/\/maisoeste.com.br\/index.php?rest_route=\/wp\/v2\/types\/post"}],"author":[{"embeddable":true,"href":"https:\/\/maisoeste.com.br\/index.php?rest_route=\/wp\/v2\/users\/1"}],"replies":[{"embeddable":true,"href":"https:\/\/maisoeste.com.br\/index.php?rest_route=%2Fwp%2Fv2%2Fcomments&post=15866"}],"version-history":[{"count":1,"href":"https:\/\/maisoeste.com.br\/index.php?rest_route=\/wp\/v2\/posts\/15866\/revisions"}],"predecessor-version":[{"id":15868,"href":"https:\/\/maisoeste.com.br\/index.php?rest_route=\/wp\/v2\/posts\/15866\/revisions\/15868"}],"wp:featuredmedia":[{"embeddable":true,"href":"https:\/\/maisoeste.com.br\/index.php?rest_route=\/wp\/v2\/media\/15867"}],"wp:attachment":[{"href":"https:\/\/maisoeste.com.br\/index.php?rest_route=%2Fwp%2Fv2%2Fmedia&parent=15866"}],"wp:term":[{"taxonomy":"category","embeddable":true,"href":"https:\/\/maisoeste.com.br\/index.php?rest_route=%2Fwp%2Fv2%2Fcategories&post=15866"},{"taxonomy":"post_tag","embeddable":true,"href":"https:\/\/maisoeste.com.br\/index.php?rest_route=%2Fwp%2Fv2%2Ftags&post=15866"}],"curies":[{"name":"wp","href":"https:\/\/api.w.org\/{rel}","templated":true}]}}