{"id":15869,"date":"2026-09-01T07:59:24","date_gmt":"2026-09-01T10:59:24","guid":{"rendered":"https:\/\/maisoeste.com.br\/?p=15869"},"modified":"2026-09-01T07:59:25","modified_gmt":"2026-09-01T10:59:25","slug":"1o-forum-de-pecuaria-da-bahia-encerra-primeira-edicao-com-conhecimento-integracao-e-fortalecimento-da-cadeia-produtiva","status":"publish","type":"post","link":"https:\/\/maisoeste.com.br\/?p=15869","title":{"rendered":"1\u00ba F\u00f3rum de Pecu\u00e1ria da Bahia encerra primeira edi\u00e7\u00e3o com conhecimento, integra\u00e7\u00e3o e fortalecimento da cadeia produtiva"},"content":{"rendered":"\n<p class=\"wp-block-paragraph\">O 1\u00ba F\u00f3rum de Pecu\u00e1ria da Bahia \u2013 Da Produ\u00e7\u00e3o ao Lucro encerrou sua primeira edi\u00e7\u00e3o neste s\u00e1bado (29), em Barreiras, consolidando uma programa\u00e7\u00e3o voltada ao conhecimento, \u00e0 troca de experi\u00eancias e ao fortalecimento da cadeia produtiva da pecu\u00e1ria. Realizado pela Associa\u00e7\u00e3o Baiana de Pecu\u00e1ria (Acrioeste), em parceria com a Prefeitura de Barreiras, o evento reuniu, durante dois dias, produtores, criadores, estudantes, pesquisadores, profissionais e representantes de empresas e entidades ligadas ao setor.<\/p>\n\n\n\n<p class=\"wp-block-paragraph\">Com palestras, debates e mesas-redondas no Centro Cultural Rivelino Silva de Carvalho, o F\u00f3rum abordou temas estrat\u00e9gicos para a atividade, como oferta e demanda de carne, uso de diferentes solos na pecu\u00e1ria do Oeste da Bahia, gen\u00e9tica, recria, intensifica\u00e7\u00e3o sustent\u00e1vel e perspectivas de rentabilidade. Entre os especialistas que participaram da programa\u00e7\u00e3o estiveram Hyberville Neto, Eduardo Tavares, professor doutor Lu\u00eds C\u00e9sar Dias Drummond e Nath\u00e1lia Costa Diniz, entre outros nomes de refer\u00eancia do setor.<\/p>\n\n\n\n<p class=\"wp-block-paragraph\">Paralelamente ao F\u00f3rum, a Bahia Pec movimentou a \u00e1rea externa, reunindo cerca de 30 expositores, entre empresas patrocinadoras, parceiras e expositoras, que apresentaram equipamentos, tecnologias, produtos, servi\u00e7os e solu\u00e7\u00f5es voltadas \u00e0 atividade pecu\u00e1ria. A feira ampliou as possibilidades de intera\u00e7\u00e3o entre produtores e empresas e demonstrou potencial para crescer nas pr\u00f3ximas edi\u00e7\u00f5es.<\/p>\n\n\n\n<p class=\"wp-block-paragraph\">Para o presidente da Acrioeste, Gil Ar\u00eaas, a realiza\u00e7\u00e3o do F\u00f3rum representa a concretiza\u00e7\u00e3o de um projeto constru\u00eddo coletivamente e que, ap\u00f3s meses de planejamento, finalmente saiu do papel. \u201cEsse F\u00f3rum foi um sonho constru\u00eddo por muitas m\u00e3os e muitas pessoas que acreditaram que era poss\u00edvel. Ver esse audit\u00f3rio cheio, com produtores, criadores, estudantes, pesquisadores e profissionais buscando conhecimento e novas possibilidades para a pecu\u00e1ria, mostra que esse sonho se tornou realidade. A primeira edi\u00e7\u00e3o termina com a certeza de que demos um passo importante para fortalecer e dar mais voz \u00e0 pecu\u00e1ria baiana\u201d, destacou.<\/p>\n\n\n\n<p class=\"wp-block-paragraph\">Gil tamb\u00e9m ressaltou que a Bahia Pec nasce como uma iniciativa complementar ao F\u00f3rum e que a expectativa \u00e9 ampliar sua participa\u00e7\u00e3o nas pr\u00f3ximas edi\u00e7\u00f5es, fortalecendo o ambiente de neg\u00f3cios e aproximando ainda mais produtores e empresas.<\/p>\n\n\n\n<p class=\"wp-block-paragraph\"><strong>Prefeitura confirma apoio \u00e0 pr\u00f3xima edi\u00e7\u00e3o<\/strong><\/p>\n\n\n\n<p class=\"wp-block-paragraph\">O secret\u00e1rio municipal de Agricultura e Tecnologia, Joaquim Neto, destacou que a Prefeitura apoiou a iniciativa por reconhecer a import\u00e2ncia da pecu\u00e1ria para Barreiras, para o Oeste e para toda a Bahia. Segundo ele, a participa\u00e7\u00e3o expressiva do p\u00fablico durante os dois dias demonstrou a necessidade de ampliar os espa\u00e7os de debate e qualifica\u00e7\u00e3o do setor. \u201cA Prefeitura de Barreiras entendeu desde o in\u00edcio a import\u00e2ncia dessa iniciativa para discutir a pecu\u00e1ria do munic\u00edpio, da nossa regi\u00e3o e da Bahia. E o que vimos nesses dois dias foi um audit\u00f3rio cheio, com estudantes, pesquisadores, criadores e pecuaristas em busca de conhecimento, novas tecnologias e, principalmente, de caminhos para fortalecer e organizar cada vez mais essa cadeia produtiva. Parabenizamos Gil Ar\u00eaas e toda a equipe da Acrioeste pelo trabalho e j\u00e1 confirmamos nosso apoio \u00e0 segunda edi\u00e7\u00e3o do F\u00f3rum, em 2027\u201d, afirmou.<\/p>\n\n\n\n<p class=\"wp-block-paragraph\">O sucesso da primeira edi\u00e7\u00e3o j\u00e1 abriu caminho para a continuidade da iniciativa. Durante o encerramento, foi confirmada a realiza\u00e7\u00e3o do 2\u00ba F\u00f3rum de Pecu\u00e1ria da Bahia nos dias 27 e 28 de agosto de 2027, novamente em Barreiras.<\/p>\n\n\n\n<p class=\"wp-block-paragraph\"><strong>Dircom<\/strong><\/p>\n","protected":false},"excerpt":{"rendered":"<p>O 1\u00ba F\u00f3rum de Pecu\u00e1ria da Bahia \u2013 Da Produ\u00e7\u00e3o ao Lucro encerrou sua primeira edi\u00e7\u00e3o neste s\u00e1bado (29), em Barreiras, consolidando uma programa\u00e7\u00e3o voltada ao conhecimento, \u00e0 troca de experi\u00eancias e ao fortalecimento da cadeia produtiva da pecu\u00e1ria. Realizado pela Associa\u00e7\u00e3o Baiana de Pecu\u00e1ria (Acrioeste), em parceria com a Prefeitura de Barreiras, o evento [&hellip;]<\/p>\n","protected":false},"author":1,"featured_media":15870,"comment_status":"open","ping_status":"closed","sticky":false,"template":"","format":"standard","meta":{"site-sidebar-layout":"default","site-content-layout":"","ast-site-content-layout":"default","site-content-style":"default","site-sidebar-style":"default","ast-global-header-display":"","ast-banner-title-visibility":"","ast-main-header-display":"","ast-hfb-above-header-display":"","ast-hfb-below-header-display":"","ast-hfb-mobile-header-display":"","site-post-title":"","ast-breadcrumbs-content":"","ast-featured-img":"","footer-sml-layout":"","theme-transparent-header-meta":"","adv-header-id-meta":"","stick-header-meta":"","header-above-stick-meta":"","header-main-stick-meta":"","header-below-stick-meta":"","astra-migrate-meta-layouts":"set","ast-page-background-enabled":"default","ast-page-background-meta":{"desktop":{"background-color":"var(--ast-global-color-4)","background-image":"","background-repeat":"repeat","background-position":"center center","background-size":"auto","background-attachment":"scroll","background-type":"","background-media":"","overlay-type":"","overlay-color":"","overlay-opacity":"","overlay-gradient":""},"tablet":{"background-color":"","background-image":"","background-repeat":"repeat","background-position":"center center","background-size":"auto","background-attachment":"scroll","background-type":"","background-media":"","overlay-type":"","overlay-color":"","overlay-opacity":"","overlay-gradient":""},"mobile":{"background-color":"","background-image":"","background-repeat":"repeat","background-position":"center center","background-size":"auto","background-attachment":"scroll","background-type":"","background-media":"","overlay-type":"","overlay-color":"","overlay-opacity":"","overlay-gradient":""}},"ast-content-background-meta":{"desktop":{"background-color":"var(--ast-global-color-5)","background-image":"","background-repeat":"repeat","background-position":"center center","background-size":"auto","background-attachment":"scroll","background-type":"","background-media":"","overlay-type":"","overlay-color":"","overlay-opacity":"","overlay-gradient":""},"tablet":{"background-color":"var(--ast-global-color-5)","background-image":"","background-repeat":"repeat","background-position":"center center","background-size":"auto","background-attachment":"scroll","background-type":"","background-media":"","overlay-type":"","overlay-color":"","overlay-opacity":"","overlay-gradient":""},"mobile":{"background-color":"var(--ast-global-color-5)","background-image":"","background-repeat":"repeat","background-position":"center center","background-size":"auto","background-attachment":"scroll","background-type":"","background-media":"","overlay-type":"","overlay-color":"","overlay-opacity":"","overlay-gradient":""}},"footnotes":""},"categories":[45],"tags":[],"class_list":["post-15869","post","type-post","status-publish","format-standard","has-post-thumbnail","hentry","category-esportes"],"_links":{"self":[{"href":"https:\/\/maisoeste.com.br\/index.php?rest_route=\/wp\/v2\/posts\/15869","targetHints":{"allow":["GET"]}}],"collection":[{"href":"https:\/\/maisoeste.com.br\/index.php?rest_route=\/wp\/v2\/posts"}],"about":[{"href":"https:\/\/maisoeste.com.br\/index.php?rest_route=\/wp\/v2\/types\/post"}],"author":[{"embeddable":true,"href":"https:\/\/maisoeste.com.br\/index.php?rest_route=\/wp\/v2\/users\/1"}],"replies":[{"embeddable":true,"href":"https:\/\/maisoeste.com.br\/index.php?rest_route=%2Fwp%2Fv2%2Fcomments&post=15869"}],"version-history":[{"count":1,"href":"https:\/\/maisoeste.com.br\/index.php?rest_route=\/wp\/v2\/posts\/15869\/revisions"}],"predecessor-version":[{"id":15871,"href":"https:\/\/maisoeste.com.br\/index.php?rest_route=\/wp\/v2\/posts\/15869\/revisions\/15871"}],"wp:featuredmedia":[{"embeddable":true,"href":"https:\/\/maisoeste.com.br\/index.php?rest_route=\/wp\/v2\/media\/15870"}],"wp:attachment":[{"href":"https:\/\/maisoeste.com.br\/index.php?rest_route=%2Fwp%2Fv2%2Fmedia&parent=15869"}],"wp:term":[{"taxonomy":"category","embeddable":true,"href":"https:\/\/maisoeste.com.br\/index.php?rest_route=%2Fwp%2Fv2%2Fcategories&post=15869"},{"taxonomy":"post_tag","embeddable":true,"href":"https:\/\/maisoeste.com.br\/index.php?rest_route=%2Fwp%2Fv2%2Ftags&post=15869"}],"curies":[{"name":"wp","href":"https:\/\/api.w.org\/{rel}","templated":true}]}}