{"id":15875,"date":"2026-09-01T08:05:00","date_gmt":"2026-09-01T11:05:00","guid":{"rendered":"https:\/\/maisoeste.com.br\/?p=15875"},"modified":"2026-09-01T08:05:02","modified_gmt":"2026-09-01T11:05:02","slug":"entenda-o-que-levou-renan-santos-a-ser-punido-por-toffoli","status":"publish","type":"post","link":"https:\/\/maisoeste.com.br\/?p=15875","title":{"rendered":"Entenda o que levou Renan Santos a ser punido por Toffoli"},"content":{"rendered":"\n<p class=\"wp-block-paragraph\">O ministro do\u00a0Tribunal Superior Eleitoral\u00a0(TSE)\u00a0Dias Toffoli\u00a0<strong>restringiu\u00a0a campanha digital de\u00a0Renan Santos, do Miss\u00e3o, \u00e0 Presid\u00eancia da Rep\u00fablica.<\/strong>\u00a0A decis\u00e3o foi tomada neste domingo (30) e foi divulgada nesta segunda (31).<\/p>\n\n\n\n<p class=\"wp-block-paragraph\">A decis\u00e3o, que tamb\u00e9m suspende os repasses do Fundo Eleitoral e da participa\u00e7\u00e3o dos candidatos em debates de r\u00e1dio, televis\u00e3o, podcasts e outros meios de comunica\u00e7\u00e3o, n\u00e3o impede o candidato de fazer campanha nas ruas.\u00a0<strong>Em pronunciamento, Renan disse que ir\u00e1 &#8220;lutar na justi\u00e7a&#8221; contra a\u00a0decis\u00e3o.<\/strong><\/p>\n\n\n\n<p class=\"wp-block-paragraph\">A suspens\u00e3o est\u00e1 ligada a uma exig\u00eancia da legisla\u00e7\u00e3o eleitoral para a propaganda na internet:&nbsp;candidatos precisam informar \u00e0 Justi\u00e7a Eleitoral quais perfis de redes sociais ser\u00e3o usados oficialmente durante a campanha.<\/p>\n\n\n\n<ul class=\"wp-block-list\">\n<li>A legisla\u00e7\u00e3o eleitoral determina que candidatos informem \u00e0 Justi\u00e7a Eleitoral, no momento do registro da candidatura, todas as contas em redes sociais que ser\u00e3o utilizadas para divulgar propaganda eleitoral.<\/li>\n\n\n\n<li>A exig\u00eancia permite que a Justi\u00e7a Eleitoral identifique quais perfis integram oficialmente a estrutura digital de cada campanha e fiscalize a divulga\u00e7\u00e3o de conte\u00fados durante a disputa.<\/li>\n<\/ul>\n\n\n\n<p class=\"wp-block-paragraph\">Um dos objetivos dessa regra \u00e9 que os algoritmos das redes tenham a\u00e7\u00e3o igual para todos os candidatos. As plataformas digitais que utilizam sistemas de recomenda\u00e7\u00e3o automatizada de conte\u00fado s\u00e3o obrigadas a excluir de seus algoritmos org\u00e2nicos os perfis oficiais de candidatos e partidos, impedindo que a distribui\u00e7\u00e3o automatizada favore\u00e7a artificialmente qualquer candidatura.<\/p>\n\n\n\n<p class=\"wp-block-paragraph\">No caso de Renan e do candidato a vice, Aroldo Medina,&nbsp;<strong>Toffoli considerou que houve uma \u201comiss\u00e3o estrat\u00e9gica\u201d porque a chapa informou parte das contas somente 12 dias depois do pedido de registro da candidatura.&nbsp;<\/strong>Para o ministro, a demora dificultou a fiscaliza\u00e7\u00e3o da propaganda digital e permitiu que perfis circulassem nas plataformas sem estarem oficialmente vinculados \u00e0 campanha.<\/p>\n\n\n\n<p class=\"wp-block-paragraph\">Para Toffoli, a apresenta\u00e7\u00e3o posterior dos perfis n\u00e3o pode ser tratada apenas como uma corre\u00e7\u00e3o formal do registro. Segundo o ministro, contas que n\u00e3o s\u00e3o informadas \u00e0 Justi\u00e7a Eleitoral podem continuar circulando nas plataformas como se fossem de usu\u00e1rios comuns, sem o mesmo controle aplicado aos canais oficialmente vinculados a campanhas.<\/p>\n\n\n\n<p class=\"wp-block-paragraph\">\u201cAs redes n\u00e3o informadas beneficiam-se de algoritmos opacos e se furtam ao controle social e legal. Dissimulam-se como usu\u00e1rios comuns, transitando \u00e0 margem do espa\u00e7o leg\u00edtimo de disputa no ambiente digital\u201d, afirmou.<\/p>\n\n\n\n<p class=\"wp-block-paragraph\">O ministro tamb\u00e9m destacou que a campanha eleitoral dura aproximadamente 45 dias e que as redes sociais permitem a distribui\u00e7\u00e3o cont\u00ednua e de grande alcance de propaganda. Por isso, avaliou que um per\u00edodo em que esses canais permanecem fora da identifica\u00e7\u00e3o oficial pode gerar vantagem para uma candidatura.<\/p>\n\n\n\n<p class=\"wp-block-paragraph\">\u201cA informa\u00e7\u00e3o a destempo das fontes de difus\u00e3o de propaganda digital n\u00e3o pode ser tratada como mera juntada tardia de um comprovante de escolaridade\u201d, disse Toffoli.<\/p>\n\n\n\n<h2 class=\"wp-block-heading\">A decis\u00e3o de Toffoli<\/h2>\n\n\n\n<p class=\"wp-block-paragraph\">Com esse entendimento, o ministro determinou a suspens\u00e3o da propaganda eleitoral da chapa nos perfis n\u00e3o informados \u00e0 Justi\u00e7a Eleitoral, dos repasses do Fundo Eleitoral e da participa\u00e7\u00e3o dos candidatos em debates de r\u00e1dio, televis\u00e3o, podcasts e outros meios de comunica\u00e7\u00e3o.<\/p>\n\n\n\n<p class=\"wp-block-paragraph\">A decis\u00e3o, tomada no domingo (30) e divulgada nesta segunda-feira (31), vale tanto para\u00a0Renan Santos\u00a0quanto para Aroldo Medina.<\/p>\n\n\n\n<p class=\"wp-block-paragraph\">A decis\u00e3o n\u00e3o pro\u00edbe o candidato Renan Santos de fazer campanha nas ruas, como caminhadas, panfletagens e distribui\u00e7\u00e3o de santinhos. O bloqueio determinado pelo ministro foca exclusivamente no ambiente digital, suspendendo apenas os sites, redes sociais e canais de mensagens que n\u00e3o foram declarados no prazo, al\u00e9m de vetar sua participa\u00e7\u00e3o em debates. Portanto, o contato f\u00edsico e direto com os eleitores fora da internet continua totalmente permitido por lei.<\/p>\n\n\n\n<p class=\"wp-block-paragraph\">O ministro j\u00e1 havia adiado o julgamento do registro de candidatura de Renan durante o fim de semana.<\/p>\n\n\n\n<p class=\"wp-block-paragraph\">Ap\u00f3s a decis\u00e3o, Renan trocou a imagem dele mesmo com a palavra &#8220;censurado&#8221; no rosto.\u00a0<strong>Mais tarde, em pronunciamento, o candidato afirmou que ir\u00e1 &#8220;lutar na justi\u00e7a&#8221; contra a decis\u00e3o.<\/strong><\/p>\n\n\n\n<p class=\"wp-block-paragraph\">\u201cA decis\u00e3o \u00e9 ilegal, a decis\u00e3o \u00e9 persecut\u00f3ria. Curiosamente, eu convoquei tamb\u00e9m quatro manifesta\u00e7\u00f5es nesse \u00faltimo ano, contra o senhor Dias Toffoli, contra o envolvimento n\u00e3o apenas dele, mas de todas essas pessoas no esc\u00e2ndalo do Banco M\u00e1ster. As manifesta\u00e7\u00f5es tomaram as ruas de S\u00e3o Paulo quatro vezes. O nome do Dias Toffoli foi mencionado e cartazes foram feitos todas essas vezes.\u201d<\/p>\n\n\n\n<p class=\"wp-block-paragraph\">Fonte\/\/G1<\/p>\n","protected":false},"excerpt":{"rendered":"<p>O ministro do\u00a0Tribunal Superior Eleitoral\u00a0(TSE)\u00a0Dias Toffoli\u00a0restringiu\u00a0a campanha digital de\u00a0Renan Santos, do Miss\u00e3o, \u00e0 Presid\u00eancia da Rep\u00fablica.\u00a0A decis\u00e3o foi tomada neste domingo (30) e foi divulgada nesta segunda (31). A decis\u00e3o, que tamb\u00e9m suspende os repasses do Fundo Eleitoral e da participa\u00e7\u00e3o dos candidatos em debates de r\u00e1dio, televis\u00e3o, podcasts e outros meios de comunica\u00e7\u00e3o, n\u00e3o [&hellip;]<\/p>\n","protected":false},"author":1,"featured_media":15876,"comment_status":"open","ping_status":"closed","sticky":false,"template":"","format":"standard","meta":{"site-sidebar-layout":"default","site-content-layout":"","ast-site-content-layout":"default","site-content-style":"default","site-sidebar-style":"default","ast-global-header-display":"","ast-banner-title-visibility":"","ast-main-header-display":"","ast-hfb-above-header-display":"","ast-hfb-below-header-display":"","ast-hfb-mobile-header-display":"","site-post-title":"","ast-breadcrumbs-content":"","ast-featured-img":"","footer-sml-layout":"","theme-transparent-header-meta":"","adv-header-id-meta":"","stick-header-meta":"","header-above-stick-meta":"","header-main-stick-meta":"","header-below-stick-meta":"","astra-migrate-meta-layouts":"set","ast-page-background-enabled":"default","ast-page-background-meta":{"desktop":{"background-color":"var(--ast-global-color-4)","background-image":"","background-repeat":"repeat","background-position":"center center","background-size":"auto","background-attachment":"scroll","background-type":"","background-media":"","overlay-type":"","overlay-color":"","overlay-opacity":"","overlay-gradient":""},"tablet":{"background-color":"","background-image":"","background-repeat":"repeat","background-position":"center center","background-size":"auto","background-attachment":"scroll","background-type":"","background-media":"","overlay-type":"","overlay-color":"","overlay-opacity":"","overlay-gradient":""},"mobile":{"background-color":"","background-image":"","background-repeat":"repeat","background-position":"center center","background-size":"auto","background-attachment":"scroll","background-type":"","background-media":"","overlay-type":"","overlay-color":"","overlay-opacity":"","overlay-gradient":""}},"ast-content-background-meta":{"desktop":{"background-color":"var(--ast-global-color-5)","background-image":"","background-repeat":"repeat","background-position":"center center","background-size":"auto","background-attachment":"scroll","background-type":"","background-media":"","overlay-type":"","overlay-color":"","overlay-opacity":"","overlay-gradient":""},"tablet":{"background-color":"var(--ast-global-color-5)","background-image":"","background-repeat":"repeat","background-position":"center center","background-size":"auto","background-attachment":"scroll","background-type":"","background-media":"","overlay-type":"","overlay-color":"","overlay-opacity":"","overlay-gradient":""},"mobile":{"background-color":"var(--ast-global-color-5)","background-image":"","background-repeat":"repeat","background-position":"center center","background-size":"auto","background-attachment":"scroll","background-type":"","background-media":"","overlay-type":"","overlay-color":"","overlay-opacity":"","overlay-gradient":""}},"footnotes":""},"categories":[84],"tags":[],"class_list":["post-15875","post","type-post","status-publish","format-standard","has-post-thumbnail","hentry","category-politica"],"_links":{"self":[{"href":"https:\/\/maisoeste.com.br\/index.php?rest_route=\/wp\/v2\/posts\/15875","targetHints":{"allow":["GET"]}}],"collection":[{"href":"https:\/\/maisoeste.com.br\/index.php?rest_route=\/wp\/v2\/posts"}],"about":[{"href":"https:\/\/maisoeste.com.br\/index.php?rest_route=\/wp\/v2\/types\/post"}],"author":[{"embeddable":true,"href":"https:\/\/maisoeste.com.br\/index.php?rest_route=\/wp\/v2\/users\/1"}],"replies":[{"embeddable":true,"href":"https:\/\/maisoeste.com.br\/index.php?rest_route=%2Fwp%2Fv2%2Fcomments&post=15875"}],"version-history":[{"count":1,"href":"https:\/\/maisoeste.com.br\/index.php?rest_route=\/wp\/v2\/posts\/15875\/revisions"}],"predecessor-version":[{"id":15877,"href":"https:\/\/maisoeste.com.br\/index.php?rest_route=\/wp\/v2\/posts\/15875\/revisions\/15877"}],"wp:featuredmedia":[{"embeddable":true,"href":"https:\/\/maisoeste.com.br\/index.php?rest_route=\/wp\/v2\/media\/15876"}],"wp:attachment":[{"href":"https:\/\/maisoeste.com.br\/index.php?rest_route=%2Fwp%2Fv2%2Fmedia&parent=15875"}],"wp:term":[{"taxonomy":"category","embeddable":true,"href":"https:\/\/maisoeste.com.br\/index.php?rest_route=%2Fwp%2Fv2%2Fcategories&post=15875"},{"taxonomy":"post_tag","embeddable":true,"href":"https:\/\/maisoeste.com.br\/index.php?rest_route=%2Fwp%2Fv2%2Ftags&post=15875"}],"curies":[{"name":"wp","href":"https:\/\/api.w.org\/{rel}","templated":true}]}}